{"id":49431,"date":"2019-03-22T12:59:01","date_gmt":"2019-03-22T15:59:01","guid":{"rendered":"https:\/\/eldiariodesanpedro.com.ar\/sitio\/?p=49431"},"modified":"2019-03-22T12:59:08","modified_gmt":"2019-03-22T15:59:08","slug":"clausura-de-chatarreria","status":"publish","type":"post","link":"https:\/\/eldiariodesanpedro.com.ar\/sitio\/clausura-de-chatarreria\/","title":{"rendered":"Clausura de chatarreria"},"content":{"rendered":"<!-- VideographyWP Plugin Message: Automatic video embedding prevented by plugin options. -->\n\n<p>El personal de Gabinete Criminol\u00f3gico de la comisaria de nuestra ciudad en el marco de\u00a0procedimientos a la inspecci\u00f3n de compra \u2013 venta de chatarras , ubicado en\u00a0calle 11 de Septiembre al 2300 constatando el faltante del libro de control correspondiente, como as\u00ed de la habilitaci\u00f3n municipal, procediendo a labrar acta de infracci\u00f3n a Ley\u00a013081\u00a0y a la\u00a0clausura\u00a0del mismo con intervenci\u00f3n del Juzgado de Paz local. \u00a0 <\/p>\n","protected":false},"excerpt":{"rendered":"<p>El personal de Gabinete Criminol\u00f3gico de la comisaria de nuestra ciudad en el marco de\u00a0procedimientos a la inspecci\u00f3n de compra \u2013 venta de chatarras , ubicado en\u00a0calle 11 de Septiembre al 2300 constatando el faltante del libro de control correspondiente, como as\u00ed de la habilitaci\u00f3n municipal, procediendo a labrar acta de infracci\u00f3n a Ley\u00a013081\u00a0y a [&hellip;]<\/p>\n","protected":false},"author":4,"featured_media":5682,"comment_status":"open","ping_status":"closed","sticky":false,"template":"","format":"standard","meta":{"om_disable_all_campaigns":false,"_jetpack_memberships_contains_paid_content":false,"footnotes":""},"categories":[2,103],"tags":[],"class_list":["post-49431","post","type-post","status-publish","format-standard","has-post-thumbnail","hentry","category-locales","category-policiales-locales"],"aioseo_notices":[],"gutentor_comment":0,"jetpack_featured_media_url":"https:\/\/eldiariodesanpedro.com.ar\/sitio\/wp-content\/uploads\/2016\/07\/Clausurado.jpg","jetpack_shortlink":"https:\/\/wp.me\/p6RhLt-cRh","jetpack_sharing_enabled":true,"_links":{"self":[{"href":"https:\/\/eldiariodesanpedro.com.ar\/sitio\/wp-json\/wp\/v2\/posts\/49431","targetHints":{"allow":["GET"]}}],"collection":[{"href":"https:\/\/eldiariodesanpedro.com.ar\/sitio\/wp-json\/wp\/v2\/posts"}],"about":[{"href":"https:\/\/eldiariodesanpedro.com.ar\/sitio\/wp-json\/wp\/v2\/types\/post"}],"author":[{"embeddable":true,"href":"https:\/\/eldiariodesanpedro.com.ar\/sitio\/wp-json\/wp\/v2\/users\/4"}],"replies":[{"embeddable":true,"href":"https:\/\/eldiariodesanpedro.com.ar\/sitio\/wp-json\/wp\/v2\/comments?post=49431"}],"version-history":[{"count":1,"href":"https:\/\/eldiariodesanpedro.com.ar\/sitio\/wp-json\/wp\/v2\/posts\/49431\/revisions"}],"predecessor-version":[{"id":49432,"href":"https:\/\/eldiariodesanpedro.com.ar\/sitio\/wp-json\/wp\/v2\/posts\/49431\/revisions\/49432"}],"wp:featuredmedia":[{"embeddable":true,"href":"https:\/\/eldiariodesanpedro.com.ar\/sitio\/wp-json\/wp\/v2\/media\/5682"}],"wp:attachment":[{"href":"https:\/\/eldiariodesanpedro.com.ar\/sitio\/wp-json\/wp\/v2\/media?parent=49431"}],"wp:term":[{"taxonomy":"category","embeddable":true,"href":"https:\/\/eldiariodesanpedro.com.ar\/sitio\/wp-json\/wp\/v2\/categories?post=49431"},{"taxonomy":"post_tag","embeddable":true,"href":"https:\/\/eldiariodesanpedro.com.ar\/sitio\/wp-json\/wp\/v2\/tags?post=49431"}],"curies":[{"name":"wp","href":"https:\/\/api.w.org\/{rel}","templated":true}]}}