{"id":49429,"date":"2019-03-22T12:47:38","date_gmt":"2019-03-22T15:47:38","guid":{"rendered":"https:\/\/eldiariodesanpedro.com.ar\/sitio\/?p=49429"},"modified":"2019-03-22T12:47:45","modified_gmt":"2019-03-22T15:47:45","slug":"hurto-de-una-motocicleta","status":"publish","type":"post","link":"https:\/\/eldiariodesanpedro.com.ar\/sitio\/hurto-de-una-motocicleta\/","title":{"rendered":"Hurto de una motocicleta"},"content":{"rendered":"<!-- VideographyWP Plugin Message: Automatic video embedding prevented by plugin options. -->\n\n<p>Este jueves se recibi\u00f3 la denuncia de un ciudadano de 32 a\u00f1os en la comisaria local quien declaro que horas de la ma\u00f1ana, ignorados le sustrajeron su moto del tipo 110 cc que hab\u00eda dejado estacionada en la vereda de Bottaro 800. <\/p>\n","protected":false},"excerpt":{"rendered":"<p>Este jueves se recibi\u00f3 la denuncia de un ciudadano de 32 a\u00f1os en la comisaria local quien declaro que horas de la ma\u00f1ana, ignorados le sustrajeron su moto del tipo 110 cc que hab\u00eda dejado estacionada en la vereda de Bottaro 800.<\/p>\n","protected":false},"author":4,"featured_media":37281,"comment_status":"open","ping_status":"closed","sticky":false,"template":"","format":"standard","meta":{"om_disable_all_campaigns":false,"_jetpack_memberships_contains_paid_content":false,"footnotes":""},"categories":[2,103],"tags":[],"class_list":["post-49429","post","type-post","status-publish","format-standard","has-post-thumbnail","hentry","category-locales","category-policiales-locales"],"aioseo_notices":[],"gutentor_comment":0,"jetpack_featured_media_url":"https:\/\/eldiariodesanpedro.com.ar\/sitio\/wp-content\/uploads\/2018\/07\/robo-moto.jpg","jetpack_shortlink":"https:\/\/wp.me\/p6RhLt-cRf","jetpack_sharing_enabled":true,"_links":{"self":[{"href":"https:\/\/eldiariodesanpedro.com.ar\/sitio\/wp-json\/wp\/v2\/posts\/49429","targetHints":{"allow":["GET"]}}],"collection":[{"href":"https:\/\/eldiariodesanpedro.com.ar\/sitio\/wp-json\/wp\/v2\/posts"}],"about":[{"href":"https:\/\/eldiariodesanpedro.com.ar\/sitio\/wp-json\/wp\/v2\/types\/post"}],"author":[{"embeddable":true,"href":"https:\/\/eldiariodesanpedro.com.ar\/sitio\/wp-json\/wp\/v2\/users\/4"}],"replies":[{"embeddable":true,"href":"https:\/\/eldiariodesanpedro.com.ar\/sitio\/wp-json\/wp\/v2\/comments?post=49429"}],"version-history":[{"count":1,"href":"https:\/\/eldiariodesanpedro.com.ar\/sitio\/wp-json\/wp\/v2\/posts\/49429\/revisions"}],"predecessor-version":[{"id":49430,"href":"https:\/\/eldiariodesanpedro.com.ar\/sitio\/wp-json\/wp\/v2\/posts\/49429\/revisions\/49430"}],"wp:featuredmedia":[{"embeddable":true,"href":"https:\/\/eldiariodesanpedro.com.ar\/sitio\/wp-json\/wp\/v2\/media\/37281"}],"wp:attachment":[{"href":"https:\/\/eldiariodesanpedro.com.ar\/sitio\/wp-json\/wp\/v2\/media?parent=49429"}],"wp:term":[{"taxonomy":"category","embeddable":true,"href":"https:\/\/eldiariodesanpedro.com.ar\/sitio\/wp-json\/wp\/v2\/categories?post=49429"},{"taxonomy":"post_tag","embeddable":true,"href":"https:\/\/eldiariodesanpedro.com.ar\/sitio\/wp-json\/wp\/v2\/tags?post=49429"}],"curies":[{"name":"wp","href":"https:\/\/api.w.org\/{rel}","templated":true}]}}