{"id":49426,"date":"2019-03-22T12:44:47","date_gmt":"2019-03-22T15:44:47","guid":{"rendered":"https:\/\/eldiariodesanpedro.com.ar\/sitio\/?p=49426"},"modified":"2019-03-22T15:43:42","modified_gmt":"2019-03-22T18:43:42","slug":"dos-jovenes-aprehendidos-por-llevar-estupefacientes","status":"publish","type":"post","link":"https:\/\/eldiariodesanpedro.com.ar\/sitio\/dos-jovenes-aprehendidos-por-llevar-estupefacientes\/","title":{"rendered":"Dos j\u00f3venes aprehendidos por llevar estupefacientes"},"content":{"rendered":"<!-- VideographyWP Plugin Message: Automatic video embedding prevented by plugin options. -->\n\n<p>Este jueves el personal de la comisaria de nuestra ciudad, en el marco de operativos, en el radio urbano de la localidad de Santa Lucia, identifico dos masculinos de 24 y 16 a\u00f1os, quienes pose\u00edan cigarrillos de marihuana. <\/p>\n\n\n\n<p>Se labraron actuaciones con intervenci\u00f3n de la fiscal\u00eda juvenil de San Nicolas, secuestr\u00e1ndose los estupefacientes y siendo aprehendidos.<\/p>\n\n\n\n<p>FOTO ILUSTRATIVA <\/p>\n","protected":false},"excerpt":{"rendered":"<p>Este jueves el personal de la comisaria de nuestra ciudad, en el marco de operativos, en el radio urbano de la localidad de Santa Lucia, identifico dos masculinos de 24 y 16 a\u00f1os, quienes pose\u00edan cigarrillos de marihuana. Se labraron actuaciones con intervenci\u00f3n de la fiscal\u00eda juvenil de San Nicolas, secuestr\u00e1ndose los estupefacientes y siendo [&hellip;]<\/p>\n","protected":false},"author":4,"featured_media":49427,"comment_status":"open","ping_status":"closed","sticky":false,"template":"","format":"standard","meta":{"om_disable_all_campaigns":false,"_jetpack_memberships_contains_paid_content":false,"footnotes":""},"categories":[2,103],"tags":[],"class_list":["post-49426","post","type-post","status-publish","format-standard","has-post-thumbnail","hentry","category-locales","category-policiales-locales"],"aioseo_notices":[],"gutentor_comment":0,"jetpack_featured_media_url":"https:\/\/eldiariodesanpedro.com.ar\/sitio\/wp-content\/uploads\/2019\/03\/cigarri.jpeg","jetpack_shortlink":"https:\/\/wp.me\/p6RhLt-cRc","jetpack_sharing_enabled":true,"_links":{"self":[{"href":"https:\/\/eldiariodesanpedro.com.ar\/sitio\/wp-json\/wp\/v2\/posts\/49426","targetHints":{"allow":["GET"]}}],"collection":[{"href":"https:\/\/eldiariodesanpedro.com.ar\/sitio\/wp-json\/wp\/v2\/posts"}],"about":[{"href":"https:\/\/eldiariodesanpedro.com.ar\/sitio\/wp-json\/wp\/v2\/types\/post"}],"author":[{"embeddable":true,"href":"https:\/\/eldiariodesanpedro.com.ar\/sitio\/wp-json\/wp\/v2\/users\/4"}],"replies":[{"embeddable":true,"href":"https:\/\/eldiariodesanpedro.com.ar\/sitio\/wp-json\/wp\/v2\/comments?post=49426"}],"version-history":[{"count":2,"href":"https:\/\/eldiariodesanpedro.com.ar\/sitio\/wp-json\/wp\/v2\/posts\/49426\/revisions"}],"predecessor-version":[{"id":49438,"href":"https:\/\/eldiariodesanpedro.com.ar\/sitio\/wp-json\/wp\/v2\/posts\/49426\/revisions\/49438"}],"wp:featuredmedia":[{"embeddable":true,"href":"https:\/\/eldiariodesanpedro.com.ar\/sitio\/wp-json\/wp\/v2\/media\/49427"}],"wp:attachment":[{"href":"https:\/\/eldiariodesanpedro.com.ar\/sitio\/wp-json\/wp\/v2\/media?parent=49426"}],"wp:term":[{"taxonomy":"category","embeddable":true,"href":"https:\/\/eldiariodesanpedro.com.ar\/sitio\/wp-json\/wp\/v2\/categories?post=49426"},{"taxonomy":"post_tag","embeddable":true,"href":"https:\/\/eldiariodesanpedro.com.ar\/sitio\/wp-json\/wp\/v2\/tags?post=49426"}],"curies":[{"name":"wp","href":"https:\/\/api.w.org\/{rel}","templated":true}]}}