{"id":49407,"date":"2019-03-22T09:39:13","date_gmt":"2019-03-22T12:39:13","guid":{"rendered":"https:\/\/eldiariodesanpedro.com.ar\/sitio\/?p=49407"},"modified":"2019-03-22T09:39:24","modified_gmt":"2019-03-22T12:39:24","slug":"baradero-alejandro-messina-es-sub-secretario-de-seguridad-de-baradero","status":"publish","type":"post","link":"https:\/\/eldiariodesanpedro.com.ar\/sitio\/baradero-alejandro-messina-es-sub-secretario-de-seguridad-de-baradero\/","title":{"rendered":"BARADERO: Alejandro Messina es sub secretario de Seguridad de Baradero"},"content":{"rendered":"<!-- VideographyWP Plugin Message: Automatic video embedding prevented by plugin options. -->\n\n<p>Este mi\u00e9rcoles ha sido confirmada  por fuentes cercanas al municipio y al actual funcionario, quien hasta el d\u00eda de la fecha se desempe\u00f1aba como director general de Inspecci\u00f3n y Seguridad de la Municipalidad.<\/p>\n\n\n\n<p>A partir de ahora y por primera vez, Baradero tendr\u00e1 una sub secretar\u00eda de Seguridad que ser\u00e1 dirigida por Alejandro Messina, \u00e9sto conlleva a que ser\u00e1 qui\u00e9n imparta las \u00f3rdenes a la c\u00fapula policial de nuestra ciudad, por lo que el comisario Mart\u00ednez, M\u00e9ndez, y el sub comisario Fiorabantti depender\u00e1n directamente de su persona.<\/p>\n\n\n\n<p>El decreto oficial que lo confirma en el cargo, lo firm\u00f3 la jefa comunal de nuestra ciudad, hace algunos d\u00edas.<\/p>\n\n\n\n<p>El nombramiento proviene luego de una cantidad importante de hechos de robos que se fueron dando en la ciudad y de una reuni\u00f3n que mantuvieron hace pocos d\u00edas las autoridades policiales\u00a0 junto con la intendente municipal, Fernanda Antonijevic en su despacho.<\/p>\n\n\n\n<p><a href=\"http:\/\/www.baraderohoy.com\/2019\/03\/21\/ya-empece-a-viajar-a-la-plata-gestionando-recursos-dijo-el-flamante-sub-secretario-de-seguridad\/\">Ya empec\u00e9 a viajar a La Plata gestionando recursos\u201d, dijo el flamante sub secretario de Seguridad<\/a><\/p>\n\n\n\n<p>Este jueves dialogaba en la emisora radial  LS2 RADIO 96.9 y comentaba al aire: <\/p>\n\n\n\n<p>&nbsp;\u201cEs un desaf\u00edo muy grande, muy importantes, hay todo un trabajo que se va a incrementar much\u00edsimo\u201d.<\/p>\n\n\n\n<p>&gt;&gt; \u201cEmpezamos viajando a La Plata a penas me enter\u00e9 del nombramiento gestionando recursos\u201d.<\/p>\n\n\n\n<p>&gt;&gt; \u201cHay un presupuesto pactado que fue incrementado en virtud de la \u00faltima gesti\u00f3n que hizo Fernanda\u201d<\/p>\n\n\n\n<p>&gt;&gt; \u201cAspiro a tener la disponibilidad necesaria de recursos\u201d<\/p>\n\n\n\n<figure class=\"wp-block-image\"><img decoding=\"async\" width=\"640\" height=\"360\" data-attachment-id=\"49408\" data-permalink=\"https:\/\/eldiariodesanpedro.com.ar\/sitio\/baradero-alejandro-messina-es-sub-secretario-de-seguridad-de-baradero\/whatsapp-image-2019-03-21-at-17-28-20\/\" data-orig-file=\"https:\/\/eldiariodesanpedro.com.ar\/sitio\/wp-content\/uploads\/2019\/03\/WhatsApp-Image-2019-03-21-at-17.28.20.jpeg\" data-orig-size=\"640,360\" data-comments-opened=\"1\" data-image-meta=\"{&quot;aperture&quot;:&quot;0&quot;,&quot;credit&quot;:&quot;&quot;,&quot;camera&quot;:&quot;&quot;,&quot;caption&quot;:&quot;&quot;,&quot;created_timestamp&quot;:&quot;0&quot;,&quot;copyright&quot;:&quot;&quot;,&quot;focal_length&quot;:&quot;0&quot;,&quot;iso&quot;:&quot;0&quot;,&quot;shutter_speed&quot;:&quot;0&quot;,&quot;title&quot;:&quot;&quot;,&quot;orientation&quot;:&quot;0&quot;}\" data-image-title=\"WhatsApp-Image-2019-03-21-at-17.28.20\" data-image-description=\"\" data-image-caption=\"\" data-large-file=\"https:\/\/eldiariodesanpedro.com.ar\/sitio\/wp-content\/uploads\/2019\/03\/WhatsApp-Image-2019-03-21-at-17.28.20.jpeg\" data-src=\"https:\/\/eldiariodesanpedro.com.ar\/sitio\/wp-content\/uploads\/2019\/03\/WhatsApp-Image-2019-03-21-at-17.28.20.jpeg\" alt=\"\" class=\"wp-image-49408 lazyload\" data-srcset=\"https:\/\/eldiariodesanpedro.com.ar\/sitio\/wp-content\/uploads\/2019\/03\/WhatsApp-Image-2019-03-21-at-17.28.20.jpeg 640w, https:\/\/eldiariodesanpedro.com.ar\/sitio\/wp-content\/uploads\/2019\/03\/WhatsApp-Image-2019-03-21-at-17.28.20-300x169.jpeg 300w\" data-sizes=\"(max-width: 640px) 100vw, 640px\" src=\"data:image\/svg+xml;base64,PHN2ZyB3aWR0aD0iMSIgaGVpZ2h0PSIxIiB4bWxucz0iaHR0cDovL3d3dy53My5vcmcvMjAwMC9zdmciPjwvc3ZnPg==\" style=\"--smush-placeholder-width: 640px; --smush-placeholder-aspect-ratio: 640\/360;\" \/><\/figure>\n\n\n\n<p>FUENTE: BARADERO HOY<\/p>\n","protected":false},"excerpt":{"rendered":"<p>Este mi\u00e9rcoles ha sido confirmada por fuentes cercanas al municipio y al actual funcionario, quien hasta el d\u00eda de la fecha se desempe\u00f1aba como director general de Inspecci\u00f3n y Seguridad de la Municipalidad. A partir de ahora y por primera vez, Baradero tendr\u00e1 una sub secretar\u00eda de Seguridad que ser\u00e1 dirigida por Alejandro Messina, \u00e9sto [&hellip;]<\/p>\n","protected":false},"author":4,"featured_media":49409,"comment_status":"open","ping_status":"closed","sticky":false,"template":"","format":"standard","meta":{"om_disable_all_campaigns":false,"_jetpack_memberships_contains_paid_content":false,"footnotes":""},"categories":[621],"tags":[],"class_list":["post-49407","post","type-post","status-publish","format-standard","has-post-thumbnail","hentry","category-regionales"],"aioseo_notices":[],"gutentor_comment":0,"jetpack_featured_media_url":"https:\/\/eldiariodesanpedro.com.ar\/sitio\/wp-content\/uploads\/2019\/03\/Messina.jpg","jetpack_shortlink":"https:\/\/wp.me\/p6RhLt-cQT","jetpack_sharing_enabled":true,"_links":{"self":[{"href":"https:\/\/eldiariodesanpedro.com.ar\/sitio\/wp-json\/wp\/v2\/posts\/49407","targetHints":{"allow":["GET"]}}],"collection":[{"href":"https:\/\/eldiariodesanpedro.com.ar\/sitio\/wp-json\/wp\/v2\/posts"}],"about":[{"href":"https:\/\/eldiariodesanpedro.com.ar\/sitio\/wp-json\/wp\/v2\/types\/post"}],"author":[{"embeddable":true,"href":"https:\/\/eldiariodesanpedro.com.ar\/sitio\/wp-json\/wp\/v2\/users\/4"}],"replies":[{"embeddable":true,"href":"https:\/\/eldiariodesanpedro.com.ar\/sitio\/wp-json\/wp\/v2\/comments?post=49407"}],"version-history":[{"count":1,"href":"https:\/\/eldiariodesanpedro.com.ar\/sitio\/wp-json\/wp\/v2\/posts\/49407\/revisions"}],"predecessor-version":[{"id":49410,"href":"https:\/\/eldiariodesanpedro.com.ar\/sitio\/wp-json\/wp\/v2\/posts\/49407\/revisions\/49410"}],"wp:featuredmedia":[{"embeddable":true,"href":"https:\/\/eldiariodesanpedro.com.ar\/sitio\/wp-json\/wp\/v2\/media\/49409"}],"wp:attachment":[{"href":"https:\/\/eldiariodesanpedro.com.ar\/sitio\/wp-json\/wp\/v2\/media?parent=49407"}],"wp:term":[{"taxonomy":"category","embeddable":true,"href":"https:\/\/eldiariodesanpedro.com.ar\/sitio\/wp-json\/wp\/v2\/categories?post=49407"},{"taxonomy":"post_tag","embeddable":true,"href":"https:\/\/eldiariodesanpedro.com.ar\/sitio\/wp-json\/wp\/v2\/tags?post=49407"}],"curies":[{"name":"wp","href":"https:\/\/api.w.org\/{rel}","templated":true}]}}