{"id":49402,"date":"2019-03-22T09:21:40","date_gmt":"2019-03-22T12:21:40","guid":{"rendered":"https:\/\/eldiariodesanpedro.com.ar\/sitio\/?p=49402"},"modified":"2019-03-22T09:23:36","modified_gmt":"2019-03-22T12:23:36","slug":"la-multisectorial-envio-comunicado-en-adhesion-a-las-actividades-por-el-24-de-marzo","status":"publish","type":"post","link":"https:\/\/eldiariodesanpedro.com.ar\/sitio\/la-multisectorial-envio-comunicado-en-adhesion-a-las-actividades-por-el-24-de-marzo\/","title":{"rendered":"La Multisectorial envi\u00f3 comunicado en adhesi\u00f3n a las actividades por el 24 de Marzo"},"content":{"rendered":"<!-- VideographyWP Plugin Message: Automatic video embedding prevented by plugin options. -->\n\n<p>Las actividades se realizaran desde el s\u00e1bado 23 de marzo al viernes 5 de abril. La marcha sera el 24,  desde plaza Belgrano hasta el monumento a los desaparecidos sampedrinos.<\/p>\n\n\n\n<p>La Multisectorial envio un comunicado en adhesi\u00f3n a las actividades que realizaran desde la  <a href=\"https:\/\/www.facebook.com\/MesaMemoriaVerdadJusticiaSP\/\">Mesa por la Memoria la Verdad y la Justicia San Pedro<\/a> <\/p>\n\n\n\n<blockquote class=\"wp-block-quote is-layout-flow wp-block-quote-is-layout-flow\"><p>\u00abLa \u00faltima Dictadura C\u00edvico Militar que se impuso el 24 de marzo de 1976 se caracteriz\u00f3 por realizar un gran esfuerzo disciplinador en los campos laboral y sindical, con el prop\u00f3sito de neutralizar un sector popular organizado y activado pol\u00edticamente, usando el terror y la violencia estatal, hambreando al pueblo y vulnerando sus derechos. Hoy, a 43 a\u00f1os de ese golpe genocida, vemos con preocupaci\u00f3n como el actual Gobierno de Cambiemos replica algunas de las pol\u00edticas implementadas en ese per\u00edodo oscuro de nuestra historia, principalmente aquellas referidas a la econom\u00eda, que tan terribles consecuencias tienen para nuestros\/as ciudadanos\/as. <\/p><p>La Multisectorial San Pedro invita a las actividades  convocadas por la Mesa de la Memoria este domingo 24 de Marzo, donde est\u00e1 prevista una concentraci\u00f3n  y marcha desde las 19.00 y una radio abierta en Plaza Belgrano desde las 17.00&#8243;.<\/p><\/blockquote>\n","protected":false},"excerpt":{"rendered":"<p>Las actividades se realizaran desde el s\u00e1bado 23 de marzo al viernes 5 de abril. La marcha sera el 24, desde plaza Belgrano hasta el monumento a los desaparecidos sampedrinos. La Multisectorial envio un comunicado en adhesi\u00f3n a las actividades que realizaran desde la Mesa por la Memoria la Verdad y la Justicia San Pedro [&hellip;]<\/p>\n","protected":false},"author":4,"featured_media":49403,"comment_status":"open","ping_status":"closed","sticky":false,"template":"","format":"standard","meta":{"om_disable_all_campaigns":false,"_jetpack_memberships_contains_paid_content":false,"footnotes":""},"categories":[50,101,2],"tags":[],"class_list":["post-49402","post","type-post","status-publish","format-standard","has-post-thumbnail","hentry","category-destacadas","category-interes-general-locales","category-locales"],"aioseo_notices":[],"gutentor_comment":0,"jetpack_featured_media_url":"https:\/\/eldiariodesanpedro.com.ar\/sitio\/wp-content\/uploads\/2019\/03\/11127591_1587533854834737_4532812415191076808_n.jpg","jetpack_shortlink":"https:\/\/wp.me\/p6RhLt-cQO","jetpack_sharing_enabled":true,"_links":{"self":[{"href":"https:\/\/eldiariodesanpedro.com.ar\/sitio\/wp-json\/wp\/v2\/posts\/49402","targetHints":{"allow":["GET"]}}],"collection":[{"href":"https:\/\/eldiariodesanpedro.com.ar\/sitio\/wp-json\/wp\/v2\/posts"}],"about":[{"href":"https:\/\/eldiariodesanpedro.com.ar\/sitio\/wp-json\/wp\/v2\/types\/post"}],"author":[{"embeddable":true,"href":"https:\/\/eldiariodesanpedro.com.ar\/sitio\/wp-json\/wp\/v2\/users\/4"}],"replies":[{"embeddable":true,"href":"https:\/\/eldiariodesanpedro.com.ar\/sitio\/wp-json\/wp\/v2\/comments?post=49402"}],"version-history":[{"count":2,"href":"https:\/\/eldiariodesanpedro.com.ar\/sitio\/wp-json\/wp\/v2\/posts\/49402\/revisions"}],"predecessor-version":[{"id":49406,"href":"https:\/\/eldiariodesanpedro.com.ar\/sitio\/wp-json\/wp\/v2\/posts\/49402\/revisions\/49406"}],"wp:featuredmedia":[{"embeddable":true,"href":"https:\/\/eldiariodesanpedro.com.ar\/sitio\/wp-json\/wp\/v2\/media\/49403"}],"wp:attachment":[{"href":"https:\/\/eldiariodesanpedro.com.ar\/sitio\/wp-json\/wp\/v2\/media?parent=49402"}],"wp:term":[{"taxonomy":"category","embeddable":true,"href":"https:\/\/eldiariodesanpedro.com.ar\/sitio\/wp-json\/wp\/v2\/categories?post=49402"},{"taxonomy":"post_tag","embeddable":true,"href":"https:\/\/eldiariodesanpedro.com.ar\/sitio\/wp-json\/wp\/v2\/tags?post=49402"}],"curies":[{"name":"wp","href":"https:\/\/api.w.org\/{rel}","templated":true}]}}