{"id":49390,"date":"2019-03-22T08:50:05","date_gmt":"2019-03-22T11:50:05","guid":{"rendered":"https:\/\/eldiariodesanpedro.com.ar\/sitio\/?p=49390"},"modified":"2019-03-22T11:05:51","modified_gmt":"2019-03-22T14:05:51","slug":"policia-detenido-tras-realizar-compras-por-9-mil-pesos-con-una-tarjeta-robada","status":"publish","type":"post","link":"https:\/\/eldiariodesanpedro.com.ar\/sitio\/policia-detenido-tras-realizar-compras-por-9-mil-pesos-con-una-tarjeta-robada\/","title":{"rendered":"Polic\u00eda detenido tras realizar compras por 9 mil pesos con una tarjeta robada"},"content":{"rendered":"<!-- VideographyWP Plugin Message: Automatic video embedding prevented by plugin options. -->\n\n<p>Tiene 28 a\u00f1os y ser\u00eda quien el fin de semana sustrajo una billetera desde el interior de un auto. Despu\u00e9s efectu\u00f3 distintas compras con las tarjetas de la v\u00edctima. El sospechoso trabajaba como polic\u00eda en Exaltaci\u00f3n de la Cruz. Qued\u00f3 detenido.\u00a0\u00a0 <\/p>\n\n\n\n<p>El propietario descubri\u00f3 las compras al recuperar su tarjeta y ver el resumen de cuenta. Los gastos fueron realizados en un supermercado, en una estaci\u00f3n de servicio y ademas figuraba la compra a trav\u00e9s de la tienda de Playstation Network. <\/p>\n\n\n\n<p>Este fin de semana un hombre mayor de edad denuncia el robo de su billetera que se encontraba en el interior de su camioneta que hab\u00eda dejado estacionada en la v\u00eda publica. La billetera tenia documentos, dinero en efectivo, tarjetas de cr\u00e9dito y d\u00e9bito.<\/p>\n\n\n\n<p>Al recuperar sus tarjetas constata que en el resumen de cuenta, figuraba la suma de gastos de 9 mil pesos unas horas despu\u00e9s al robo. Se hab\u00edan efectuado compras en un supermercado chino por una cifra cercana a los 6 mil pesos, tambi\u00e9n efectu\u00f3 compras en la estaci\u00f3n de servicios de Mitre y Tres de Febrero y gast\u00f3 unos 3 mil pesos, mientras que adquiri\u00f3 una playstation por un valor de 99 d\u00f3lares. <\/p>\n\n\n\n<p>Gracias al informe de cuenta donde dice el horario exacto y direcci\u00f3n de cada compra, mas las c\u00e1maras de seguridad de los lugares se pudo dar con el autor del hecho. <\/p>\n\n\n\n<p>El delincuente resulto ser un efectivo de la Polic\u00eda Rural por lo que toma intervenci\u00f3n personal de Prefectura de nuestra ciudad, quienes proceden a una diligencia de allanamiento en la vivienda  ubicada en Sargento Selada y Fray Cayetano Rodr\u00edguez .\u00a0 Sin secuestrar alg\u00fan elemento pero las c\u00e1maras de seguridad son visibles. <\/p>\n\n\n\n<p>All\u00ed se pudo detener al oficial Gustavo Daniel Franco, de 28 a\u00f1os, quien se desempe\u00f1aba en el Comando de Prevenci\u00f3n Rural de Exaltaci\u00f3n de la Cruz, aunque actualmente se encontraba sumariado por la auditor\u00eda de asuntos internos del Ministerio de Seguridad. <\/p>\n\n\n\n<p>Quedo detenido bajo el cuidado de la fuerza y trasladado a San Nicolas donde quedara detenido a disposici\u00f3n de la justicia.<\/p>\n\n\n\n<p>La causa caratulada como \u00abRobo agravado por ser su autor integrante de la fuerza policiales y defraudaci\u00f3n por uso il\u00edcito de tarjetas de compras, d\u00e9bito o cr\u00e9dito en concurso real\u00bb est\u00e1 a cargo de la Fiscala Viviana Ramos.<\/p>\n\n\n\n<p>&nbsp; <\/p>\n\n\n\n<ul class=\"wp-block-gallery columns-3 is-cropped wp-block-gallery-1 is-layout-flex wp-block-gallery-is-layout-flex\"><li class=\"blocks-gallery-item\"><figure><img decoding=\"async\" width=\"1280\" height=\"622\" data-attachment-id=\"49412\" data-permalink=\"https:\/\/eldiariodesanpedro.com.ar\/sitio\/policia-detenido-tras-realizar-compras-por-9-mil-pesos-con-una-tarjeta-robada\/whatsapp-image-2019-03-22-at-9-30-11-am-1\/\" data-orig-file=\"https:\/\/eldiariodesanpedro.com.ar\/sitio\/wp-content\/uploads\/2019\/03\/WhatsApp-Image-2019-03-22-at-9.30.11-AM-1.jpeg\" data-orig-size=\"1280,622\" data-comments-opened=\"1\" data-image-meta=\"{&quot;aperture&quot;:&quot;0&quot;,&quot;credit&quot;:&quot;&quot;,&quot;camera&quot;:&quot;&quot;,&quot;caption&quot;:&quot;&quot;,&quot;created_timestamp&quot;:&quot;0&quot;,&quot;copyright&quot;:&quot;&quot;,&quot;focal_length&quot;:&quot;0&quot;,&quot;iso&quot;:&quot;0&quot;,&quot;shutter_speed&quot;:&quot;0&quot;,&quot;title&quot;:&quot;&quot;,&quot;orientation&quot;:&quot;0&quot;}\" data-image-title=\"WhatsApp Image 2019-03-22 at 9.30.11 AM (1)\" data-image-description=\"\" data-image-caption=\"\" data-large-file=\"https:\/\/eldiariodesanpedro.com.ar\/sitio\/wp-content\/uploads\/2019\/03\/WhatsApp-Image-2019-03-22-at-9.30.11-AM-1-1024x498.jpeg\" data-src=\"https:\/\/i1.wp.com\/eldiariodesanpedro.com.ar\/sitio\/wp-content\/uploads\/2019\/03\/WhatsApp-Image-2019-03-22-at-9.30.11-AM-1.jpeg?fit=660%2C321\" alt=\"\" data-id=\"49412\" data-link=\"https:\/\/eldiariodesanpedro.com.ar\/sitio\/policia-detenido-tras-realizar-compras-por-9-mil-pesos-con-una-tarjeta-robada\/whatsapp-image-2019-03-22-at-9-30-11-am-1\/\" class=\"wp-image-49412 lazyload\" data-srcset=\"https:\/\/eldiariodesanpedro.com.ar\/sitio\/wp-content\/uploads\/2019\/03\/WhatsApp-Image-2019-03-22-at-9.30.11-AM-1.jpeg 1280w, https:\/\/eldiariodesanpedro.com.ar\/sitio\/wp-content\/uploads\/2019\/03\/WhatsApp-Image-2019-03-22-at-9.30.11-AM-1-300x146.jpeg 300w, https:\/\/eldiariodesanpedro.com.ar\/sitio\/wp-content\/uploads\/2019\/03\/WhatsApp-Image-2019-03-22-at-9.30.11-AM-1-768x373.jpeg 768w, https:\/\/eldiariodesanpedro.com.ar\/sitio\/wp-content\/uploads\/2019\/03\/WhatsApp-Image-2019-03-22-at-9.30.11-AM-1-1024x498.jpeg 1024w\" data-sizes=\"(max-width: 1280px) 100vw, 1280px\" src=\"data:image\/svg+xml;base64,PHN2ZyB3aWR0aD0iMSIgaGVpZ2h0PSIxIiB4bWxucz0iaHR0cDovL3d3dy53My5vcmcvMjAwMC9zdmciPjwvc3ZnPg==\" style=\"--smush-placeholder-width: 1280px; --smush-placeholder-aspect-ratio: 1280\/622;\" \/><\/figure><\/li><li class=\"blocks-gallery-item\"><figure><img decoding=\"async\" width=\"1280\" height=\"622\" data-attachment-id=\"49413\" data-permalink=\"https:\/\/eldiariodesanpedro.com.ar\/sitio\/policia-detenido-tras-realizar-compras-por-9-mil-pesos-con-una-tarjeta-robada\/whatsapp-image-2019-03-22-at-9-30-11-am-2\/\" data-orig-file=\"https:\/\/eldiariodesanpedro.com.ar\/sitio\/wp-content\/uploads\/2019\/03\/WhatsApp-Image-2019-03-22-at-9.30.11-AM-2.jpeg\" data-orig-size=\"1280,622\" data-comments-opened=\"1\" data-image-meta=\"{&quot;aperture&quot;:&quot;0&quot;,&quot;credit&quot;:&quot;&quot;,&quot;camera&quot;:&quot;&quot;,&quot;caption&quot;:&quot;&quot;,&quot;created_timestamp&quot;:&quot;0&quot;,&quot;copyright&quot;:&quot;&quot;,&quot;focal_length&quot;:&quot;0&quot;,&quot;iso&quot;:&quot;0&quot;,&quot;shutter_speed&quot;:&quot;0&quot;,&quot;title&quot;:&quot;&quot;,&quot;orientation&quot;:&quot;0&quot;}\" data-image-title=\"WhatsApp Image 2019-03-22 at 9.30.11 AM (2)\" data-image-description=\"\" data-image-caption=\"\" data-large-file=\"https:\/\/eldiariodesanpedro.com.ar\/sitio\/wp-content\/uploads\/2019\/03\/WhatsApp-Image-2019-03-22-at-9.30.11-AM-2-1024x498.jpeg\" data-src=\"https:\/\/i0.wp.com\/eldiariodesanpedro.com.ar\/sitio\/wp-content\/uploads\/2019\/03\/WhatsApp-Image-2019-03-22-at-9.30.11-AM-2.jpeg?fit=660%2C321\" alt=\"\" data-id=\"49413\" data-link=\"https:\/\/eldiariodesanpedro.com.ar\/sitio\/policia-detenido-tras-realizar-compras-por-9-mil-pesos-con-una-tarjeta-robada\/whatsapp-image-2019-03-22-at-9-30-11-am-2\/\" class=\"wp-image-49413 lazyload\" data-srcset=\"https:\/\/eldiariodesanpedro.com.ar\/sitio\/wp-content\/uploads\/2019\/03\/WhatsApp-Image-2019-03-22-at-9.30.11-AM-2.jpeg 1280w, https:\/\/eldiariodesanpedro.com.ar\/sitio\/wp-content\/uploads\/2019\/03\/WhatsApp-Image-2019-03-22-at-9.30.11-AM-2-300x146.jpeg 300w, https:\/\/eldiariodesanpedro.com.ar\/sitio\/wp-content\/uploads\/2019\/03\/WhatsApp-Image-2019-03-22-at-9.30.11-AM-2-768x373.jpeg 768w, https:\/\/eldiariodesanpedro.com.ar\/sitio\/wp-content\/uploads\/2019\/03\/WhatsApp-Image-2019-03-22-at-9.30.11-AM-2-1024x498.jpeg 1024w\" data-sizes=\"(max-width: 1280px) 100vw, 1280px\" src=\"data:image\/svg+xml;base64,PHN2ZyB3aWR0aD0iMSIgaGVpZ2h0PSIxIiB4bWxucz0iaHR0cDovL3d3dy53My5vcmcvMjAwMC9zdmciPjwvc3ZnPg==\" style=\"--smush-placeholder-width: 1280px; --smush-placeholder-aspect-ratio: 1280\/622;\" \/><\/figure><\/li><li class=\"blocks-gallery-item\"><figure><img decoding=\"async\" width=\"1280\" height=\"622\" data-attachment-id=\"49414\" data-permalink=\"https:\/\/eldiariodesanpedro.com.ar\/sitio\/policia-detenido-tras-realizar-compras-por-9-mil-pesos-con-una-tarjeta-robada\/whatsapp-image-2019-03-22-at-9-30-11-am\/\" data-orig-file=\"https:\/\/eldiariodesanpedro.com.ar\/sitio\/wp-content\/uploads\/2019\/03\/WhatsApp-Image-2019-03-22-at-9.30.11-AM.jpeg\" data-orig-size=\"1280,622\" data-comments-opened=\"1\" data-image-meta=\"{&quot;aperture&quot;:&quot;0&quot;,&quot;credit&quot;:&quot;&quot;,&quot;camera&quot;:&quot;&quot;,&quot;caption&quot;:&quot;&quot;,&quot;created_timestamp&quot;:&quot;0&quot;,&quot;copyright&quot;:&quot;&quot;,&quot;focal_length&quot;:&quot;0&quot;,&quot;iso&quot;:&quot;0&quot;,&quot;shutter_speed&quot;:&quot;0&quot;,&quot;title&quot;:&quot;&quot;,&quot;orientation&quot;:&quot;0&quot;}\" data-image-title=\"WhatsApp Image 2019-03-22 at 9.30.11 AM\" data-image-description=\"\" data-image-caption=\"\" data-large-file=\"https:\/\/eldiariodesanpedro.com.ar\/sitio\/wp-content\/uploads\/2019\/03\/WhatsApp-Image-2019-03-22-at-9.30.11-AM-1024x498.jpeg\" data-src=\"https:\/\/i0.wp.com\/eldiariodesanpedro.com.ar\/sitio\/wp-content\/uploads\/2019\/03\/WhatsApp-Image-2019-03-22-at-9.30.11-AM.jpeg?fit=660%2C321\" alt=\"\" data-id=\"49414\" data-link=\"https:\/\/eldiariodesanpedro.com.ar\/sitio\/policia-detenido-tras-realizar-compras-por-9-mil-pesos-con-una-tarjeta-robada\/whatsapp-image-2019-03-22-at-9-30-11-am\/\" class=\"wp-image-49414 lazyload\" data-srcset=\"https:\/\/eldiariodesanpedro.com.ar\/sitio\/wp-content\/uploads\/2019\/03\/WhatsApp-Image-2019-03-22-at-9.30.11-AM.jpeg 1280w, https:\/\/eldiariodesanpedro.com.ar\/sitio\/wp-content\/uploads\/2019\/03\/WhatsApp-Image-2019-03-22-at-9.30.11-AM-300x146.jpeg 300w, https:\/\/eldiariodesanpedro.com.ar\/sitio\/wp-content\/uploads\/2019\/03\/WhatsApp-Image-2019-03-22-at-9.30.11-AM-768x373.jpeg 768w, https:\/\/eldiariodesanpedro.com.ar\/sitio\/wp-content\/uploads\/2019\/03\/WhatsApp-Image-2019-03-22-at-9.30.11-AM-1024x498.jpeg 1024w\" data-sizes=\"(max-width: 1280px) 100vw, 1280px\" src=\"data:image\/svg+xml;base64,PHN2ZyB3aWR0aD0iMSIgaGVpZ2h0PSIxIiB4bWxucz0iaHR0cDovL3d3dy53My5vcmcvMjAwMC9zdmciPjwvc3ZnPg==\" style=\"--smush-placeholder-width: 1280px; --smush-placeholder-aspect-ratio: 1280\/622;\" \/><\/figure><\/li><li class=\"blocks-gallery-item\"><figure><img decoding=\"async\" width=\"1280\" height=\"622\" data-attachment-id=\"49415\" data-permalink=\"https:\/\/eldiariodesanpedro.com.ar\/sitio\/policia-detenido-tras-realizar-compras-por-9-mil-pesos-con-una-tarjeta-robada\/whatsapp-image-2019-03-22-at-9-30-12-am\/\" data-orig-file=\"https:\/\/eldiariodesanpedro.com.ar\/sitio\/wp-content\/uploads\/2019\/03\/WhatsApp-Image-2019-03-22-at-9.30.12-AM.jpeg\" data-orig-size=\"1280,622\" data-comments-opened=\"1\" data-image-meta=\"{&quot;aperture&quot;:&quot;0&quot;,&quot;credit&quot;:&quot;&quot;,&quot;camera&quot;:&quot;&quot;,&quot;caption&quot;:&quot;&quot;,&quot;created_timestamp&quot;:&quot;0&quot;,&quot;copyright&quot;:&quot;&quot;,&quot;focal_length&quot;:&quot;0&quot;,&quot;iso&quot;:&quot;0&quot;,&quot;shutter_speed&quot;:&quot;0&quot;,&quot;title&quot;:&quot;&quot;,&quot;orientation&quot;:&quot;0&quot;}\" data-image-title=\"WhatsApp Image 2019-03-22 at 9.30.12 AM\" data-image-description=\"\" data-image-caption=\"\" data-large-file=\"https:\/\/eldiariodesanpedro.com.ar\/sitio\/wp-content\/uploads\/2019\/03\/WhatsApp-Image-2019-03-22-at-9.30.12-AM-1024x498.jpeg\" data-src=\"https:\/\/i1.wp.com\/eldiariodesanpedro.com.ar\/sitio\/wp-content\/uploads\/2019\/03\/WhatsApp-Image-2019-03-22-at-9.30.12-AM.jpeg?fit=660%2C321\" alt=\"\" data-id=\"49415\" data-link=\"https:\/\/eldiariodesanpedro.com.ar\/sitio\/policia-detenido-tras-realizar-compras-por-9-mil-pesos-con-una-tarjeta-robada\/whatsapp-image-2019-03-22-at-9-30-12-am\/\" class=\"wp-image-49415 lazyload\" data-srcset=\"https:\/\/eldiariodesanpedro.com.ar\/sitio\/wp-content\/uploads\/2019\/03\/WhatsApp-Image-2019-03-22-at-9.30.12-AM.jpeg 1280w, https:\/\/eldiariodesanpedro.com.ar\/sitio\/wp-content\/uploads\/2019\/03\/WhatsApp-Image-2019-03-22-at-9.30.12-AM-300x146.jpeg 300w, https:\/\/eldiariodesanpedro.com.ar\/sitio\/wp-content\/uploads\/2019\/03\/WhatsApp-Image-2019-03-22-at-9.30.12-AM-768x373.jpeg 768w, https:\/\/eldiariodesanpedro.com.ar\/sitio\/wp-content\/uploads\/2019\/03\/WhatsApp-Image-2019-03-22-at-9.30.12-AM-1024x498.jpeg 1024w\" data-sizes=\"(max-width: 1280px) 100vw, 1280px\" src=\"data:image\/svg+xml;base64,PHN2ZyB3aWR0aD0iMSIgaGVpZ2h0PSIxIiB4bWxucz0iaHR0cDovL3d3dy53My5vcmcvMjAwMC9zdmciPjwvc3ZnPg==\" style=\"--smush-placeholder-width: 1280px; --smush-placeholder-aspect-ratio: 1280\/622;\" \/><\/figure><\/li><\/ul>\n\n\n\n<p><br><br><\/p>\n","protected":false},"excerpt":{"rendered":"<p>Tiene 28 a\u00f1os y ser\u00eda quien el fin de semana sustrajo una billetera desde el interior de un auto. Despu\u00e9s efectu\u00f3 distintas compras con las tarjetas de la v\u00edctima. El sospechoso trabajaba como polic\u00eda en Exaltaci\u00f3n de la Cruz. Qued\u00f3 detenido.\u00a0\u00a0 El propietario descubri\u00f3 las compras al recuperar su tarjeta y ver el resumen de [&hellip;]<\/p>\n","protected":false},"author":4,"featured_media":49414,"comment_status":"open","ping_status":"closed","sticky":false,"template":"","format":"standard","meta":{"om_disable_all_campaigns":false,"_jetpack_memberships_contains_paid_content":false,"footnotes":""},"categories":[50,2,103],"tags":[],"class_list":["post-49390","post","type-post","status-publish","format-standard","has-post-thumbnail","hentry","category-destacadas","category-locales","category-policiales-locales"],"aioseo_notices":[],"gutentor_comment":0,"jetpack_featured_media_url":"https:\/\/eldiariodesanpedro.com.ar\/sitio\/wp-content\/uploads\/2019\/03\/WhatsApp-Image-2019-03-22-at-9.30.11-AM.jpeg","jetpack_shortlink":"https:\/\/wp.me\/p6RhLt-cQC","jetpack_sharing_enabled":true,"_links":{"self":[{"href":"https:\/\/eldiariodesanpedro.com.ar\/sitio\/wp-json\/wp\/v2\/posts\/49390","targetHints":{"allow":["GET"]}}],"collection":[{"href":"https:\/\/eldiariodesanpedro.com.ar\/sitio\/wp-json\/wp\/v2\/posts"}],"about":[{"href":"https:\/\/eldiariodesanpedro.com.ar\/sitio\/wp-json\/wp\/v2\/types\/post"}],"author":[{"embeddable":true,"href":"https:\/\/eldiariodesanpedro.com.ar\/sitio\/wp-json\/wp\/v2\/users\/4"}],"replies":[{"embeddable":true,"href":"https:\/\/eldiariodesanpedro.com.ar\/sitio\/wp-json\/wp\/v2\/comments?post=49390"}],"version-history":[{"count":4,"href":"https:\/\/eldiariodesanpedro.com.ar\/sitio\/wp-json\/wp\/v2\/posts\/49390\/revisions"}],"predecessor-version":[{"id":49420,"href":"https:\/\/eldiariodesanpedro.com.ar\/sitio\/wp-json\/wp\/v2\/posts\/49390\/revisions\/49420"}],"wp:featuredmedia":[{"embeddable":true,"href":"https:\/\/eldiariodesanpedro.com.ar\/sitio\/wp-json\/wp\/v2\/media\/49414"}],"wp:attachment":[{"href":"https:\/\/eldiariodesanpedro.com.ar\/sitio\/wp-json\/wp\/v2\/media?parent=49390"}],"wp:term":[{"taxonomy":"category","embeddable":true,"href":"https:\/\/eldiariodesanpedro.com.ar\/sitio\/wp-json\/wp\/v2\/categories?post=49390"},{"taxonomy":"post_tag","embeddable":true,"href":"https:\/\/eldiariodesanpedro.com.ar\/sitio\/wp-json\/wp\/v2\/tags?post=49390"}],"curies":[{"name":"wp","href":"https:\/\/api.w.org\/{rel}","templated":true}]}}