{"id":49385,"date":"2019-03-21T18:29:20","date_gmt":"2019-03-21T21:29:20","guid":{"rendered":"https:\/\/eldiariodesanpedro.com.ar\/sitio\/?p=49385"},"modified":"2019-03-21T18:29:32","modified_gmt":"2019-03-21T21:29:32","slug":"se-demora-la-designacion-del-delegado-en-rio-tala","status":"publish","type":"post","link":"https:\/\/eldiariodesanpedro.com.ar\/sitio\/se-demora-la-designacion-del-delegado-en-rio-tala\/","title":{"rendered":"Se demora la designaci\u00f3n del delegado en R\u00edo Tala"},"content":{"rendered":"<!-- VideographyWP Plugin Message: Automatic video embedding prevented by plugin options. -->\n\n<p>A un mes de la renuncia de \u00abCachito\u00bb Hern\u00e1ndez la delegaci\u00f3n de la localidad depende moment\u00e1neamente de la Secretar\u00eda de Gobierno.&nbsp; &nbsp;<br><\/p>\n\n\n\n<p>La delegaci\u00f3n municipal de R\u00edo Tala contin\u00faa sin su titular. A un mes de la renuncia de Juan Francisco \u00abCachito\u00bb Hern\u00e1ndez se demora la designaci\u00f3n de su reemplazante y mientras eso suceda permanece dependiendo de la Secretar\u00eda de Gobierno.<\/p>\n\n\n\n<p>El ex delegado dej\u00f3 su cargo sorpresivamente a mediados de febrero y si bien en un principio todo parec\u00eda indicar que una vez m\u00e1s, como ya lo hizo en la gesti\u00f3n de Mario Barbieri y Pablo Guacone, Domingo Bronce retornar\u00eda a cumplir un cargo p\u00fablico la designaci\u00f3n se demor\u00f3 y todo parecer\u00eda indicar que se aguardar\u00e1 el regreso del Intendente Cecilio Salazar\u00a0para oficializar la designaci\u00f3n en el cargo.\u00a0\u00a0<\/p>\n\n\n\n<p>Fuente: San Pedro Informa<\/p>\n","protected":false},"excerpt":{"rendered":"<p>A un mes de la renuncia de \u00abCachito\u00bb Hern\u00e1ndez la delegaci\u00f3n de la localidad depende moment\u00e1neamente de la Secretar\u00eda de Gobierno.&nbsp; &nbsp; La delegaci\u00f3n municipal de R\u00edo Tala contin\u00faa sin su titular. A un mes de la renuncia de Juan Francisco \u00abCachito\u00bb Hern\u00e1ndez se demora la designaci\u00f3n de su reemplazante y mientras eso suceda permanece [&hellip;]<\/p>\n","protected":false},"author":4,"featured_media":49386,"comment_status":"open","ping_status":"closed","sticky":false,"template":"","format":"standard","meta":{"om_disable_all_campaigns":false,"_jetpack_memberships_contains_paid_content":false,"footnotes":""},"categories":[2,102],"tags":[],"class_list":["post-49385","post","type-post","status-publish","format-standard","has-post-thumbnail","hentry","category-locales","category-politica-locales"],"aioseo_notices":[],"gutentor_comment":0,"jetpack_featured_media_url":"https:\/\/eldiariodesanpedro.com.ar\/sitio\/wp-content\/uploads\/2019\/03\/000076154.jpg","jetpack_shortlink":"https:\/\/wp.me\/p6RhLt-cQx","jetpack_sharing_enabled":true,"_links":{"self":[{"href":"https:\/\/eldiariodesanpedro.com.ar\/sitio\/wp-json\/wp\/v2\/posts\/49385","targetHints":{"allow":["GET"]}}],"collection":[{"href":"https:\/\/eldiariodesanpedro.com.ar\/sitio\/wp-json\/wp\/v2\/posts"}],"about":[{"href":"https:\/\/eldiariodesanpedro.com.ar\/sitio\/wp-json\/wp\/v2\/types\/post"}],"author":[{"embeddable":true,"href":"https:\/\/eldiariodesanpedro.com.ar\/sitio\/wp-json\/wp\/v2\/users\/4"}],"replies":[{"embeddable":true,"href":"https:\/\/eldiariodesanpedro.com.ar\/sitio\/wp-json\/wp\/v2\/comments?post=49385"}],"version-history":[{"count":1,"href":"https:\/\/eldiariodesanpedro.com.ar\/sitio\/wp-json\/wp\/v2\/posts\/49385\/revisions"}],"predecessor-version":[{"id":49387,"href":"https:\/\/eldiariodesanpedro.com.ar\/sitio\/wp-json\/wp\/v2\/posts\/49385\/revisions\/49387"}],"wp:featuredmedia":[{"embeddable":true,"href":"https:\/\/eldiariodesanpedro.com.ar\/sitio\/wp-json\/wp\/v2\/media\/49386"}],"wp:attachment":[{"href":"https:\/\/eldiariodesanpedro.com.ar\/sitio\/wp-json\/wp\/v2\/media?parent=49385"}],"wp:term":[{"taxonomy":"category","embeddable":true,"href":"https:\/\/eldiariodesanpedro.com.ar\/sitio\/wp-json\/wp\/v2\/categories?post=49385"},{"taxonomy":"post_tag","embeddable":true,"href":"https:\/\/eldiariodesanpedro.com.ar\/sitio\/wp-json\/wp\/v2\/tags?post=49385"}],"curies":[{"name":"wp","href":"https:\/\/api.w.org\/{rel}","templated":true}]}}