{"id":49382,"date":"2019-03-21T18:27:41","date_gmt":"2019-03-21T21:27:41","guid":{"rendered":"https:\/\/eldiariodesanpedro.com.ar\/sitio\/?p=49382"},"modified":"2019-03-21T18:27:53","modified_gmt":"2019-03-21T21:27:53","slug":"sustrajeron-el-sirio-pascual-de-la-parroquia-san-pablo","status":"publish","type":"post","link":"https:\/\/eldiariodesanpedro.com.ar\/sitio\/sustrajeron-el-sirio-pascual-de-la-parroquia-san-pablo\/","title":{"rendered":"Sustrajeron el Sirio Pascual de la parroquia San Pablo"},"content":{"rendered":"<!-- VideographyWP Plugin Message: Automatic video embedding prevented by plugin options. -->\n\n<p>El propio cura p\u00e1rroco lo hizo saber a trav\u00e9s de su cuenta de facebook. All\u00ed alert\u00f3 que se hab\u00edan robado el Sirio. Seg\u00fan trascendi\u00f3 alg\u00fan desconocido ingres\u00f3 a la iglesia y se lo llev\u00f3 sin que nadie lo advirtiera.&nbsp;<br><\/p>\n\n\n\n<p>Poco antes de la medianoche del mi\u00e9rcoles se supo de un hecho delictivo que aconteci\u00f3 en la iglesia San Pablo.\u00a0<\/p>\n\n\n\n<p>Seg\u00fan public\u00f3 el padre Gustavo Salse en su cuenta de facebook, alguna persona aprovech\u00f3 un descuido y tras ingresar al lugar se lev\u00f3 el Sirio Pascual.<\/p>\n\n\n\n<p>\u00abSe han robado el Cirio Pascual, de la Parroquia San Pablo.&nbsp;Por favor si alguien lo encuentra, avisar a la Pquia. Gracias\u00bb, se\u00f1ala lo expresado por el cura.<\/p>\n\n\n\n<p>Durante el resto de la noche nadie se hab\u00eda acercado a la Comisar\u00eda para alertar sobre lo que hab\u00eda sucedido pero entre la comunidad ya estaban todos en alerta por si surg\u00eda alguna informaci\u00f3n al respecto teniendo en cuenta el valor que tiene para el catolisismo la presencia del Sirio Pascual en una iglesia.\u00a0\u00a0<\/p>\n\n\n\n<p>Fuente: San Pedro Informa\u00a0<\/p>\n","protected":false},"excerpt":{"rendered":"<p>El propio cura p\u00e1rroco lo hizo saber a trav\u00e9s de su cuenta de facebook. All\u00ed alert\u00f3 que se hab\u00edan robado el Sirio. Seg\u00fan trascendi\u00f3 alg\u00fan desconocido ingres\u00f3 a la iglesia y se lo llev\u00f3 sin que nadie lo advirtiera.&nbsp; Poco antes de la medianoche del mi\u00e9rcoles se supo de un hecho delictivo que aconteci\u00f3 en [&hellip;]<\/p>\n","protected":false},"author":4,"featured_media":49383,"comment_status":"open","ping_status":"closed","sticky":false,"template":"","format":"standard","meta":{"om_disable_all_campaigns":false,"_jetpack_memberships_contains_paid_content":false,"footnotes":""},"categories":[2,103],"tags":[],"class_list":["post-49382","post","type-post","status-publish","format-standard","has-post-thumbnail","hentry","category-locales","category-policiales-locales"],"aioseo_notices":[],"gutentor_comment":0,"jetpack_featured_media_url":"https:\/\/eldiariodesanpedro.com.ar\/sitio\/wp-content\/uploads\/2019\/03\/000076139.jpg","jetpack_shortlink":"https:\/\/wp.me\/p6RhLt-cQu","jetpack_sharing_enabled":true,"_links":{"self":[{"href":"https:\/\/eldiariodesanpedro.com.ar\/sitio\/wp-json\/wp\/v2\/posts\/49382","targetHints":{"allow":["GET"]}}],"collection":[{"href":"https:\/\/eldiariodesanpedro.com.ar\/sitio\/wp-json\/wp\/v2\/posts"}],"about":[{"href":"https:\/\/eldiariodesanpedro.com.ar\/sitio\/wp-json\/wp\/v2\/types\/post"}],"author":[{"embeddable":true,"href":"https:\/\/eldiariodesanpedro.com.ar\/sitio\/wp-json\/wp\/v2\/users\/4"}],"replies":[{"embeddable":true,"href":"https:\/\/eldiariodesanpedro.com.ar\/sitio\/wp-json\/wp\/v2\/comments?post=49382"}],"version-history":[{"count":1,"href":"https:\/\/eldiariodesanpedro.com.ar\/sitio\/wp-json\/wp\/v2\/posts\/49382\/revisions"}],"predecessor-version":[{"id":49384,"href":"https:\/\/eldiariodesanpedro.com.ar\/sitio\/wp-json\/wp\/v2\/posts\/49382\/revisions\/49384"}],"wp:featuredmedia":[{"embeddable":true,"href":"https:\/\/eldiariodesanpedro.com.ar\/sitio\/wp-json\/wp\/v2\/media\/49383"}],"wp:attachment":[{"href":"https:\/\/eldiariodesanpedro.com.ar\/sitio\/wp-json\/wp\/v2\/media?parent=49382"}],"wp:term":[{"taxonomy":"category","embeddable":true,"href":"https:\/\/eldiariodesanpedro.com.ar\/sitio\/wp-json\/wp\/v2\/categories?post=49382"},{"taxonomy":"post_tag","embeddable":true,"href":"https:\/\/eldiariodesanpedro.com.ar\/sitio\/wp-json\/wp\/v2\/tags?post=49382"}],"curies":[{"name":"wp","href":"https:\/\/api.w.org\/{rel}","templated":true}]}}