{"id":49377,"date":"2019-03-21T12:41:49","date_gmt":"2019-03-21T15:41:49","guid":{"rendered":"https:\/\/eldiariodesanpedro.com.ar\/sitio\/?p=49377"},"modified":"2019-03-21T12:42:01","modified_gmt":"2019-03-21T15:42:01","slug":"inta-san-pedro-reenviamos-documento-con-recomendaciones-sobre-sanidad-nutricion-y-manejo-en-ganaderia-bovina-marzo-2019","status":"publish","type":"post","link":"https:\/\/eldiariodesanpedro.com.ar\/sitio\/inta-san-pedro-reenviamos-documento-con-recomendaciones-sobre-sanidad-nutricion-y-manejo-en-ganaderia-bovina-marzo-2019\/","title":{"rendered":"INTA SAN PEDRO Reenviamos documento con \u00abRecomendaciones sobre sanidad, nutrici\u00f3n y manejo en ganader\u00eda bovina &#8211; Marzo 2019\u00bb"},"content":{"rendered":"<!-- VideographyWP Plugin Message: Automatic video embedding prevented by plugin options. -->\n\n<p>\n\nTras un verano lluvioso, y con el af\u00e1n de&nbsp; poner a disposici\u00f3n herramientas \u00fatiles para la toma de decisiones, se elabor\u00f3 un informe t\u00e9cnico que recupera un panorama actual y realiza recomendaciones sobre sanidad, nutrici\u00f3n y manejo de la ganader\u00eda para el territorio. Del intercambio que el documento genere, de las actualizaciones del Tablero y el transcurso temporal, surgir\u00e1n nuevos informes que ser\u00e1n enviados trimestralmente.<\/p>\n\n\n\n<p>Esta es la primera entrega que realiza Ignacio Gamietea para los productores y profesionales de la ganader\u00eda de la zona. El documento presenta qu\u00e9 nos est\u00e1 dejando este verano 2018-2019 y qu\u00e9 se espera para el oto\u00f1o 2019 en la actividad ganadera bovina en la zona de influencia de la Estaci\u00f3n Experimental Agropecuaria (EEA) de INTA San Pedro, en el Noreste Bonaerense.\n\n<\/p>\n","protected":false},"excerpt":{"rendered":"<p>Tras un verano lluvioso, y con el af\u00e1n de&nbsp; poner a disposici\u00f3n herramientas \u00fatiles para la toma de decisiones, se elabor\u00f3 un informe t\u00e9cnico que recupera un panorama actual y realiza recomendaciones sobre sanidad, nutrici\u00f3n y manejo de la ganader\u00eda para el territorio. Del intercambio que el documento genere, de las actualizaciones del Tablero y [&hellip;]<\/p>\n","protected":false},"author":4,"featured_media":49378,"comment_status":"open","ping_status":"closed","sticky":false,"template":"","format":"standard","meta":{"om_disable_all_campaigns":false,"_jetpack_memberships_contains_paid_content":false,"footnotes":""},"categories":[101,2],"tags":[],"class_list":["post-49377","post","type-post","status-publish","format-standard","has-post-thumbnail","hentry","category-interes-general-locales","category-locales"],"aioseo_notices":[],"gutentor_comment":0,"jetpack_featured_media_url":"https:\/\/eldiariodesanpedro.com.ar\/sitio\/wp-content\/uploads\/2019\/03\/unnamed-4.jpg","jetpack_shortlink":"https:\/\/wp.me\/p6RhLt-cQp","jetpack_sharing_enabled":true,"_links":{"self":[{"href":"https:\/\/eldiariodesanpedro.com.ar\/sitio\/wp-json\/wp\/v2\/posts\/49377","targetHints":{"allow":["GET"]}}],"collection":[{"href":"https:\/\/eldiariodesanpedro.com.ar\/sitio\/wp-json\/wp\/v2\/posts"}],"about":[{"href":"https:\/\/eldiariodesanpedro.com.ar\/sitio\/wp-json\/wp\/v2\/types\/post"}],"author":[{"embeddable":true,"href":"https:\/\/eldiariodesanpedro.com.ar\/sitio\/wp-json\/wp\/v2\/users\/4"}],"replies":[{"embeddable":true,"href":"https:\/\/eldiariodesanpedro.com.ar\/sitio\/wp-json\/wp\/v2\/comments?post=49377"}],"version-history":[{"count":1,"href":"https:\/\/eldiariodesanpedro.com.ar\/sitio\/wp-json\/wp\/v2\/posts\/49377\/revisions"}],"predecessor-version":[{"id":49379,"href":"https:\/\/eldiariodesanpedro.com.ar\/sitio\/wp-json\/wp\/v2\/posts\/49377\/revisions\/49379"}],"wp:featuredmedia":[{"embeddable":true,"href":"https:\/\/eldiariodesanpedro.com.ar\/sitio\/wp-json\/wp\/v2\/media\/49378"}],"wp:attachment":[{"href":"https:\/\/eldiariodesanpedro.com.ar\/sitio\/wp-json\/wp\/v2\/media?parent=49377"}],"wp:term":[{"taxonomy":"category","embeddable":true,"href":"https:\/\/eldiariodesanpedro.com.ar\/sitio\/wp-json\/wp\/v2\/categories?post=49377"},{"taxonomy":"post_tag","embeddable":true,"href":"https:\/\/eldiariodesanpedro.com.ar\/sitio\/wp-json\/wp\/v2\/tags?post=49377"}],"curies":[{"name":"wp","href":"https:\/\/api.w.org\/{rel}","templated":true}]}}