{"id":49365,"date":"2019-03-21T11:43:02","date_gmt":"2019-03-21T14:43:02","guid":{"rendered":"https:\/\/eldiariodesanpedro.com.ar\/sitio\/?p=49365"},"modified":"2019-03-21T11:43:11","modified_gmt":"2019-03-21T14:43:11","slug":"zarate-policia-local-recupero-un-auto-robado-y-demoro-al-conductor","status":"publish","type":"post","link":"https:\/\/eldiariodesanpedro.com.ar\/sitio\/zarate-policia-local-recupero-un-auto-robado-y-demoro-al-conductor\/","title":{"rendered":"ZARATE: Polic\u00eda Local recuper\u00f3 un auto robado y demor\u00f3 al conductor"},"content":{"rendered":"<!-- VideographyWP Plugin Message: Automatic video embedding prevented by plugin options. -->\n\n<p>Efectivos de la Polic\u00eda Local de Z\u00e1rate que se encuentran abocados al control vehicular en Av. Santa Fe y Pav\u00f3n, recuperaron esta noche un autom\u00f3vil robado.<\/p>\n\n\n\n<p>Se trata de un Peugeot 207 color gris que fue sustra\u00eddo el 24 de Mayo de 2012 a una vecina de la ciudad; por aquel entonces el hecho fue caratulado como \u201crobo calificado\u201d interviniendo la UFI N\u00b0 1 de Z\u00e1rate \u2013 Campana.<\/p>\n\n\n\n<p>El conductor mayor de edad fue demorado y trasladado a la Comisar\u00eda 1ra.<\/p>\n\n\n\n<p>Fuente: Enlace Critico<\/p>\n","protected":false},"excerpt":{"rendered":"<p>Efectivos de la Polic\u00eda Local de Z\u00e1rate que se encuentran abocados al control vehicular en Av. Santa Fe y Pav\u00f3n, recuperaron esta noche un autom\u00f3vil robado. Se trata de un Peugeot 207 color gris que fue sustra\u00eddo el 24 de Mayo de 2012 a una vecina de la ciudad; por aquel entonces el hecho fue [&hellip;]<\/p>\n","protected":false},"author":4,"featured_media":49366,"comment_status":"open","ping_status":"closed","sticky":false,"template":"","format":"standard","meta":{"om_disable_all_campaigns":false,"_jetpack_memberships_contains_paid_content":false,"footnotes":""},"categories":[621],"tags":[],"class_list":["post-49365","post","type-post","status-publish","format-standard","has-post-thumbnail","hentry","category-regionales"],"aioseo_notices":[],"gutentor_comment":0,"jetpack_featured_media_url":"https:\/\/eldiariodesanpedro.com.ar\/sitio\/wp-content\/uploads\/2019\/03\/detenido-2_0.jpg","jetpack_shortlink":"https:\/\/wp.me\/p6RhLt-cQd","jetpack_sharing_enabled":true,"_links":{"self":[{"href":"https:\/\/eldiariodesanpedro.com.ar\/sitio\/wp-json\/wp\/v2\/posts\/49365","targetHints":{"allow":["GET"]}}],"collection":[{"href":"https:\/\/eldiariodesanpedro.com.ar\/sitio\/wp-json\/wp\/v2\/posts"}],"about":[{"href":"https:\/\/eldiariodesanpedro.com.ar\/sitio\/wp-json\/wp\/v2\/types\/post"}],"author":[{"embeddable":true,"href":"https:\/\/eldiariodesanpedro.com.ar\/sitio\/wp-json\/wp\/v2\/users\/4"}],"replies":[{"embeddable":true,"href":"https:\/\/eldiariodesanpedro.com.ar\/sitio\/wp-json\/wp\/v2\/comments?post=49365"}],"version-history":[{"count":1,"href":"https:\/\/eldiariodesanpedro.com.ar\/sitio\/wp-json\/wp\/v2\/posts\/49365\/revisions"}],"predecessor-version":[{"id":49367,"href":"https:\/\/eldiariodesanpedro.com.ar\/sitio\/wp-json\/wp\/v2\/posts\/49365\/revisions\/49367"}],"wp:featuredmedia":[{"embeddable":true,"href":"https:\/\/eldiariodesanpedro.com.ar\/sitio\/wp-json\/wp\/v2\/media\/49366"}],"wp:attachment":[{"href":"https:\/\/eldiariodesanpedro.com.ar\/sitio\/wp-json\/wp\/v2\/media?parent=49365"}],"wp:term":[{"taxonomy":"category","embeddable":true,"href":"https:\/\/eldiariodesanpedro.com.ar\/sitio\/wp-json\/wp\/v2\/categories?post=49365"},{"taxonomy":"post_tag","embeddable":true,"href":"https:\/\/eldiariodesanpedro.com.ar\/sitio\/wp-json\/wp\/v2\/tags?post=49365"}],"curies":[{"name":"wp","href":"https:\/\/api.w.org\/{rel}","templated":true}]}}