{"id":49362,"date":"2019-03-21T11:41:20","date_gmt":"2019-03-21T14:41:20","guid":{"rendered":"https:\/\/eldiariodesanpedro.com.ar\/sitio\/?p=49362"},"modified":"2019-03-21T11:41:33","modified_gmt":"2019-03-21T14:41:33","slug":"ramallo-destruccion-y-compactacion-de-250-motocicletas","status":"publish","type":"post","link":"https:\/\/eldiariodesanpedro.com.ar\/sitio\/ramallo-destruccion-y-compactacion-de-250-motocicletas\/","title":{"rendered":"RAMALLO: Destrucci\u00f3n y compactaci\u00f3n de 250 motocicletas"},"content":{"rendered":"<!-- VideographyWP Plugin Message: Automatic video embedding prevented by plugin options. -->\n\n<p>Fueron secuestradas por infracciones a la Ley Nacional de Tr\u00e1nsito 24.449, como as\u00ed tambi\u00e9n al C\u00f3digo de Faltas Municipal O.M. 191\/85 y alojadas durante muchos a\u00f1os en el corral\u00f3n de la Guardia Urbana de Villa Ramallo.<\/p>\n\n\n\n<p>La Municipalidad de Ramallo, de conformidad con la Ley Provincial 14.547 y la Ordenanza Municipal 5153\/15, realiz\u00f3 el procedimiento administrativo para la compactaci\u00f3n y destrucci\u00f3n de 250 motocicletas que se encontraban muy deterioradas, maltrechas y en algunas casos ten\u00edan m\u00e1s de 10 a\u00f1os depositadas en el corral\u00f3n de la Guardia Urbana de Villa Ramallo.<br><br>Es la primera vez que se realiza este procedimiento administrativo, legal y de compactaci\u00f3n de motocicletas en la Municipalidad de Ramallo.\u00a0<\/p>\n\n\n\n<p>Fuente: Meta FM<\/p>\n","protected":false},"excerpt":{"rendered":"<p>Fueron secuestradas por infracciones a la Ley Nacional de Tr\u00e1nsito 24.449, como as\u00ed tambi\u00e9n al C\u00f3digo de Faltas Municipal O.M. 191\/85 y alojadas durante muchos a\u00f1os en el corral\u00f3n de la Guardia Urbana de Villa Ramallo. La Municipalidad de Ramallo, de conformidad con la Ley Provincial 14.547 y la Ordenanza Municipal 5153\/15, realiz\u00f3 el procedimiento [&hellip;]<\/p>\n","protected":false},"author":4,"featured_media":49363,"comment_status":"open","ping_status":"closed","sticky":false,"template":"","format":"standard","meta":{"om_disable_all_campaigns":false,"_jetpack_memberships_contains_paid_content":false,"footnotes":""},"categories":[621],"tags":[],"class_list":["post-49362","post","type-post","status-publish","format-standard","has-post-thumbnail","hentry","category-regionales"],"aioseo_notices":[],"gutentor_comment":0,"jetpack_featured_media_url":"https:\/\/eldiariodesanpedro.com.ar\/sitio\/wp-content\/uploads\/2019\/03\/img_nv003517.jpg","jetpack_shortlink":"https:\/\/wp.me\/p6RhLt-cQa","jetpack_sharing_enabled":true,"_links":{"self":[{"href":"https:\/\/eldiariodesanpedro.com.ar\/sitio\/wp-json\/wp\/v2\/posts\/49362","targetHints":{"allow":["GET"]}}],"collection":[{"href":"https:\/\/eldiariodesanpedro.com.ar\/sitio\/wp-json\/wp\/v2\/posts"}],"about":[{"href":"https:\/\/eldiariodesanpedro.com.ar\/sitio\/wp-json\/wp\/v2\/types\/post"}],"author":[{"embeddable":true,"href":"https:\/\/eldiariodesanpedro.com.ar\/sitio\/wp-json\/wp\/v2\/users\/4"}],"replies":[{"embeddable":true,"href":"https:\/\/eldiariodesanpedro.com.ar\/sitio\/wp-json\/wp\/v2\/comments?post=49362"}],"version-history":[{"count":1,"href":"https:\/\/eldiariodesanpedro.com.ar\/sitio\/wp-json\/wp\/v2\/posts\/49362\/revisions"}],"predecessor-version":[{"id":49364,"href":"https:\/\/eldiariodesanpedro.com.ar\/sitio\/wp-json\/wp\/v2\/posts\/49362\/revisions\/49364"}],"wp:featuredmedia":[{"embeddable":true,"href":"https:\/\/eldiariodesanpedro.com.ar\/sitio\/wp-json\/wp\/v2\/media\/49363"}],"wp:attachment":[{"href":"https:\/\/eldiariodesanpedro.com.ar\/sitio\/wp-json\/wp\/v2\/media?parent=49362"}],"wp:term":[{"taxonomy":"category","embeddable":true,"href":"https:\/\/eldiariodesanpedro.com.ar\/sitio\/wp-json\/wp\/v2\/categories?post=49362"},{"taxonomy":"post_tag","embeddable":true,"href":"https:\/\/eldiariodesanpedro.com.ar\/sitio\/wp-json\/wp\/v2\/tags?post=49362"}],"curies":[{"name":"wp","href":"https:\/\/api.w.org\/{rel}","templated":true}]}}