{"id":49359,"date":"2019-03-21T11:39:18","date_gmt":"2019-03-21T14:39:18","guid":{"rendered":"https:\/\/eldiariodesanpedro.com.ar\/sitio\/?p=49359"},"modified":"2019-03-21T11:39:28","modified_gmt":"2019-03-21T14:39:28","slug":"san-nicolas-daniel-scioli-visitara-san-nicolas-el-viernes","status":"publish","type":"post","link":"https:\/\/eldiariodesanpedro.com.ar\/sitio\/san-nicolas-daniel-scioli-visitara-san-nicolas-el-viernes\/","title":{"rendered":"SAN NICOLAS: Daniel Scioli visitar\u00e1 San Nicol\u00e1s el viernes"},"content":{"rendered":"<!-- VideographyWP Plugin Message: Automatic video embedding prevented by plugin options. -->\n\n<p>\n\nSe realizar\u00e1 un acto de militancia en el Club ubicado en Av. Falc\u00f3n 80.<\/p>\n\n\n\n<p>La Uni\u00f3n Obrera de la Construcci\u00f3n y el Sindicato de Camioneros invitan al acto en el que participar\u00e1 Daniel Scioli, Sergio Berni, Mario Almir\u00f3n y Julio Cabaleyro. Ser\u00e1 el viernes 22 de marzo a las 18 hs. en el Club Buenos Aires.<br><br>Bajo el lema \u00abPor una Patria libre, justa y soberana\u00bb, realizar\u00e1n un acto de militancia en el Club ubicado en Av. Falc\u00f3n 80.<\/p>\n\n\n\n<p>Fuente: Diario El Informante<\/p>\n","protected":false},"excerpt":{"rendered":"<p>Se realizar\u00e1 un acto de militancia en el Club ubicado en Av. Falc\u00f3n 80. La Uni\u00f3n Obrera de la Construcci\u00f3n y el Sindicato de Camioneros invitan al acto en el que participar\u00e1 Daniel Scioli, Sergio Berni, Mario Almir\u00f3n y Julio Cabaleyro. Ser\u00e1 el viernes 22 de marzo a las 18 hs. en el Club Buenos [&hellip;]<\/p>\n","protected":false},"author":4,"featured_media":49360,"comment_status":"open","ping_status":"closed","sticky":false,"template":"","format":"standard","meta":{"om_disable_all_campaigns":false,"_jetpack_memberships_contains_paid_content":false,"footnotes":""},"categories":[621],"tags":[],"class_list":["post-49359","post","type-post","status-publish","format-standard","has-post-thumbnail","hentry","category-regionales"],"aioseo_notices":[],"gutentor_comment":0,"jetpack_featured_media_url":"https:\/\/eldiariodesanpedro.com.ar\/sitio\/wp-content\/uploads\/2019\/03\/no_v9j2zr8e3c4888fscoli.jpg","jetpack_shortlink":"https:\/\/wp.me\/p6RhLt-cQ7","jetpack_sharing_enabled":true,"_links":{"self":[{"href":"https:\/\/eldiariodesanpedro.com.ar\/sitio\/wp-json\/wp\/v2\/posts\/49359","targetHints":{"allow":["GET"]}}],"collection":[{"href":"https:\/\/eldiariodesanpedro.com.ar\/sitio\/wp-json\/wp\/v2\/posts"}],"about":[{"href":"https:\/\/eldiariodesanpedro.com.ar\/sitio\/wp-json\/wp\/v2\/types\/post"}],"author":[{"embeddable":true,"href":"https:\/\/eldiariodesanpedro.com.ar\/sitio\/wp-json\/wp\/v2\/users\/4"}],"replies":[{"embeddable":true,"href":"https:\/\/eldiariodesanpedro.com.ar\/sitio\/wp-json\/wp\/v2\/comments?post=49359"}],"version-history":[{"count":1,"href":"https:\/\/eldiariodesanpedro.com.ar\/sitio\/wp-json\/wp\/v2\/posts\/49359\/revisions"}],"predecessor-version":[{"id":49361,"href":"https:\/\/eldiariodesanpedro.com.ar\/sitio\/wp-json\/wp\/v2\/posts\/49359\/revisions\/49361"}],"wp:featuredmedia":[{"embeddable":true,"href":"https:\/\/eldiariodesanpedro.com.ar\/sitio\/wp-json\/wp\/v2\/media\/49360"}],"wp:attachment":[{"href":"https:\/\/eldiariodesanpedro.com.ar\/sitio\/wp-json\/wp\/v2\/media?parent=49359"}],"wp:term":[{"taxonomy":"category","embeddable":true,"href":"https:\/\/eldiariodesanpedro.com.ar\/sitio\/wp-json\/wp\/v2\/categories?post=49359"},{"taxonomy":"post_tag","embeddable":true,"href":"https:\/\/eldiariodesanpedro.com.ar\/sitio\/wp-json\/wp\/v2\/tags?post=49359"}],"curies":[{"name":"wp","href":"https:\/\/api.w.org\/{rel}","templated":true}]}}