{"id":49351,"date":"2019-03-21T11:37:48","date_gmt":"2019-03-21T14:37:48","guid":{"rendered":"https:\/\/eldiariodesanpedro.com.ar\/sitio\/?p=49351"},"modified":"2019-03-21T11:37:59","modified_gmt":"2019-03-21T14:37:59","slug":"baradero-21-de-marzo-de-2010-a-nueve-anos-del-dolor-que-se-volvio-fuego","status":"publish","type":"post","link":"https:\/\/eldiariodesanpedro.com.ar\/sitio\/baradero-21-de-marzo-de-2010-a-nueve-anos-del-dolor-que-se-volvio-fuego\/","title":{"rendered":"BARADERO: 21 de Marzo de 2010, a nueve a\u00f1os del dolor que se volvi\u00f3 fuego"},"content":{"rendered":"<!-- VideographyWP Plugin Message: Automatic video embedding prevented by plugin options. -->\n\n<p>A modo de recordatorio, porque es una fecha que nadie debe olvidar, volvemos a publicar hoy, al cumplirse un nuevo aniversario de ese domingo negro, una nota recordando lo sucedido el 21 de marzo de 2010.<\/p>\n\n\n\n<p> Un d\u00eda como hoy hace nueve a\u00f1os, Baradero vivi\u00f3 uno de los d\u00edas m\u00e1s tristes de su larga historia, como consecuencia de un accidente entre una camioneta de Inspecci\u00f3n de Transito Municipal y una moto, murieron los adolescentes Giuliana Gim\u00e9nez y Miguel Portugal. A ra\u00edz de esta tragedia un grupo de vecinos enardecidos incendiaron el edificio de la Municipalidad, el Registro Civil, el Juzgado de faltas, el Concejo Deliberante y varios veh\u00edculos.<\/p>\n\n\n\n<p> Todo comenz\u00f3 con la tragedia, provocada quiz\u00e1s por la presi\u00f3n que se ejerc\u00eda para el cumplimiento de las normas de transito que pasaron a ser una disputa m\u00e1s que una cuesti\u00f3n de educaci\u00f3n e infractores.<\/p>\n\n\n\n<p> A las siete de la ma\u00f1ana, en la esquina de Anchorena y Gallo, una camioneta de Inspecci\u00f3n de Transito chocaba con una moto en la que viajaban Miguel Portugal y Giuliana Gim\u00e9nez, debido a las heridas recibidas ambos j\u00f3venes murieron.<\/p>\n\n\n\n<p> Un grupo de vecinos quem\u00f3 la camioneta y luego se dirigieron hasta las escalinatas de la Municipalidad de Baradero, all\u00ed comenzaron los canticos, la quema de gomas, luego la rotura de vidrios y finalmente el incendio, la horda embravecida corr\u00eda de un lugar a otro rompiendo y prendiendo fuego todo lo que ten\u00edan por delante, mientras la gente observaba desde los alrededores el triste espect\u00e1culo.<\/p>\n\n\n\n<p> Los medios nacionales se hicieron presentes y Baradero fue noticia, una triste noticia.<\/p>\n\n\n\n<p> El HCD de aquel momento, cre\u00f3 una comisi\u00f3n investigadora y estuvo a punto de separar del cargo de intendente Carossi por un lapso de 90 d\u00edas, pero en el momento de la votaci\u00f3n prim\u00f3 la operaci\u00f3n pol\u00edtica y el ex intendente sali\u00f3 a declamar que todo hab\u00eda sido culpa de una banda de delincuentes. Jam\u00e1s reconoci\u00f3 el clima de tensi\u00f3n que se ven\u00eda viviendo en la ciudad.<\/p>\n\n\n\n<p> La \u00fanica acci\u00f3n que tom\u00f3 fue separar al encargado del \u00e1rea Pablo Scarfoni, quien unos a\u00f1os despu\u00e9s volvi\u00f3 a ser funcionario y estuvo a cargo de Espacios Verdes hasta diciembre de 2015.<\/p>\n\n\n\n<p> La causa penal iniciada por los familiares de las v\u00edctimas, determin\u00f3 que se trat\u00f3 de un accidente y no hubo persecuci\u00f3n por parte de los inspectores que viajaban en la camioneta que mat\u00f3 a Giuliana y Miguel.<\/p>\n\n\n\n<p> La sociedad baraderense mantiene hasta hoy diferentes puntos de vista sobre lo que pas\u00f3 el domingo 21 de marzo de 2010. Para algunos fue una banda de delincuentes y para otros una pueblada, la respuesta de una sociedad asfixiada por el abuso de autoridad.<\/p>\n\n\n\n<p> Fotos archivo de BTI solo se autoriza su publicaci\u00f3n citando la fuente.<\/p>\n\n\n\n<p>Fuente: Baradero Te Informa<\/p>\n\n\n\n<figure class=\"wp-block-image\"><img decoding=\"async\" width=\"640\" height=\"480\" data-attachment-id=\"49354\" data-permalink=\"https:\/\/eldiariodesanpedro.com.ar\/sitio\/baradero-21-de-marzo-de-2010-a-nueve-anos-del-dolor-que-se-volvio-fuego\/dsc08982-640x480\/\" data-orig-file=\"https:\/\/eldiariodesanpedro.com.ar\/sitio\/wp-content\/uploads\/2019\/03\/DSC08982-640x480.jpg\" data-orig-size=\"640,480\" data-comments-opened=\"1\" data-image-meta=\"{&quot;aperture&quot;:&quot;3.5&quot;,&quot;credit&quot;:&quot;&quot;,&quot;camera&quot;:&quot;DSC-H20&quot;,&quot;caption&quot;:&quot;&quot;,&quot;created_timestamp&quot;:&quot;1269167894&quot;,&quot;copyright&quot;:&quot;&quot;,&quot;focal_length&quot;:&quot;6.3&quot;,&quot;iso&quot;:&quot;100&quot;,&quot;shutter_speed&quot;:&quot;0.025&quot;,&quot;title&quot;:&quot;&quot;,&quot;orientation&quot;:&quot;1&quot;}\" data-image-title=\"DSC08982-640&amp;#215;480\" data-image-description=\"\" data-image-caption=\"\" data-large-file=\"https:\/\/eldiariodesanpedro.com.ar\/sitio\/wp-content\/uploads\/2019\/03\/DSC08982-640x480.jpg\" data-src=\"https:\/\/eldiariodesanpedro.com.ar\/sitio\/wp-content\/uploads\/2019\/03\/DSC08982-640x480.jpg\" alt=\"\" class=\"wp-image-49354 lazyload\" data-srcset=\"https:\/\/eldiariodesanpedro.com.ar\/sitio\/wp-content\/uploads\/2019\/03\/DSC08982-640x480.jpg 640w, https:\/\/eldiariodesanpedro.com.ar\/sitio\/wp-content\/uploads\/2019\/03\/DSC08982-640x480-300x225.jpg 300w\" data-sizes=\"(max-width: 640px) 100vw, 640px\" src=\"data:image\/svg+xml;base64,PHN2ZyB3aWR0aD0iMSIgaGVpZ2h0PSIxIiB4bWxucz0iaHR0cDovL3d3dy53My5vcmcvMjAwMC9zdmciPjwvc3ZnPg==\" style=\"--smush-placeholder-width: 640px; --smush-placeholder-aspect-ratio: 640\/480;\" \/><\/figure>\n\n\n\n<figure class=\"wp-block-image\"><img decoding=\"async\" width=\"589\" height=\"403\" data-attachment-id=\"49352\" data-permalink=\"https:\/\/eldiariodesanpedro.com.ar\/sitio\/baradero-21-de-marzo-de-2010-a-nueve-anos-del-dolor-que-se-volvio-fuego\/b-chicos-21-tapaaaa1\/\" data-orig-file=\"https:\/\/eldiariodesanpedro.com.ar\/sitio\/wp-content\/uploads\/2019\/03\/b-chicos-21-tapaaaa1.jpg\" data-orig-size=\"589,403\" data-comments-opened=\"1\" data-image-meta=\"{&quot;aperture&quot;:&quot;0&quot;,&quot;credit&quot;:&quot;&quot;,&quot;camera&quot;:&quot;&quot;,&quot;caption&quot;:&quot;&quot;,&quot;created_timestamp&quot;:&quot;0&quot;,&quot;copyright&quot;:&quot;&quot;,&quot;focal_length&quot;:&quot;0&quot;,&quot;iso&quot;:&quot;0&quot;,&quot;shutter_speed&quot;:&quot;0&quot;,&quot;title&quot;:&quot;&quot;,&quot;orientation&quot;:&quot;0&quot;}\" data-image-title=\"b-chicos-21-tapaaaa1\" data-image-description=\"\" data-image-caption=\"\" data-large-file=\"https:\/\/eldiariodesanpedro.com.ar\/sitio\/wp-content\/uploads\/2019\/03\/b-chicos-21-tapaaaa1.jpg\" data-src=\"https:\/\/eldiariodesanpedro.com.ar\/sitio\/wp-content\/uploads\/2019\/03\/b-chicos-21-tapaaaa1.jpg\" alt=\"\" class=\"wp-image-49352 lazyload\" data-srcset=\"https:\/\/eldiariodesanpedro.com.ar\/sitio\/wp-content\/uploads\/2019\/03\/b-chicos-21-tapaaaa1.jpg 589w, https:\/\/eldiariodesanpedro.com.ar\/sitio\/wp-content\/uploads\/2019\/03\/b-chicos-21-tapaaaa1-300x205.jpg 300w, https:\/\/eldiariodesanpedro.com.ar\/sitio\/wp-content\/uploads\/2019\/03\/b-chicos-21-tapaaaa1-130x90.jpg 130w\" data-sizes=\"(max-width: 589px) 100vw, 589px\" src=\"data:image\/svg+xml;base64,PHN2ZyB3aWR0aD0iMSIgaGVpZ2h0PSIxIiB4bWxucz0iaHR0cDovL3d3dy53My5vcmcvMjAwMC9zdmciPjwvc3ZnPg==\" style=\"--smush-placeholder-width: 589px; --smush-placeholder-aspect-ratio: 589\/403;\" \/><\/figure>\n\n\n\n<figure class=\"wp-block-image\"><img decoding=\"async\" width=\"640\" height=\"480\" data-attachment-id=\"49353\" data-permalink=\"https:\/\/eldiariodesanpedro.com.ar\/sitio\/baradero-21-de-marzo-de-2010-a-nueve-anos-del-dolor-que-se-volvio-fuego\/dsc08930-640x480\/\" data-orig-file=\"https:\/\/eldiariodesanpedro.com.ar\/sitio\/wp-content\/uploads\/2019\/03\/DSC08930-640x480.jpg\" data-orig-size=\"640,480\" data-comments-opened=\"1\" data-image-meta=\"{&quot;aperture&quot;:&quot;3.5&quot;,&quot;credit&quot;:&quot;&quot;,&quot;camera&quot;:&quot;DSC-H20&quot;,&quot;caption&quot;:&quot;&quot;,&quot;created_timestamp&quot;:&quot;1269158944&quot;,&quot;copyright&quot;:&quot;&quot;,&quot;focal_length&quot;:&quot;6.3&quot;,&quot;iso&quot;:&quot;80&quot;,&quot;shutter_speed&quot;:&quot;0.008&quot;,&quot;title&quot;:&quot;&quot;,&quot;orientation&quot;:&quot;1&quot;}\" data-image-title=\"DSC08930-640&amp;#215;480\" data-image-description=\"\" data-image-caption=\"\" data-large-file=\"https:\/\/eldiariodesanpedro.com.ar\/sitio\/wp-content\/uploads\/2019\/03\/DSC08930-640x480.jpg\" data-src=\"https:\/\/eldiariodesanpedro.com.ar\/sitio\/wp-content\/uploads\/2019\/03\/DSC08930-640x480.jpg\" alt=\"\" class=\"wp-image-49353 lazyload\" data-srcset=\"https:\/\/eldiariodesanpedro.com.ar\/sitio\/wp-content\/uploads\/2019\/03\/DSC08930-640x480.jpg 640w, https:\/\/eldiariodesanpedro.com.ar\/sitio\/wp-content\/uploads\/2019\/03\/DSC08930-640x480-300x225.jpg 300w\" data-sizes=\"(max-width: 640px) 100vw, 640px\" src=\"data:image\/svg+xml;base64,PHN2ZyB3aWR0aD0iMSIgaGVpZ2h0PSIxIiB4bWxucz0iaHR0cDovL3d3dy53My5vcmcvMjAwMC9zdmciPjwvc3ZnPg==\" style=\"--smush-placeholder-width: 640px; --smush-placeholder-aspect-ratio: 640\/480;\" \/><\/figure>\n\n\n\n<figure class=\"wp-block-image\"><img decoding=\"async\" width=\"640\" height=\"480\" data-attachment-id=\"49355\" data-permalink=\"https:\/\/eldiariodesanpedro.com.ar\/sitio\/baradero-21-de-marzo-de-2010-a-nueve-anos-del-dolor-que-se-volvio-fuego\/dsc09127-640x480\/\" data-orig-file=\"https:\/\/eldiariodesanpedro.com.ar\/sitio\/wp-content\/uploads\/2019\/03\/DSC09127-640x480.jpg\" data-orig-size=\"640,480\" data-comments-opened=\"1\" data-image-meta=\"{&quot;aperture&quot;:&quot;4&quot;,&quot;credit&quot;:&quot;&quot;,&quot;camera&quot;:&quot;DSC-H20&quot;,&quot;caption&quot;:&quot;&quot;,&quot;created_timestamp&quot;:&quot;1269174659&quot;,&quot;copyright&quot;:&quot;&quot;,&quot;focal_length&quot;:&quot;9.9&quot;,&quot;iso&quot;:&quot;80&quot;,&quot;shutter_speed&quot;:&quot;0.016666666666667&quot;,&quot;title&quot;:&quot;&quot;,&quot;orientation&quot;:&quot;1&quot;}\" data-image-title=\"DSC09127-640&amp;#215;480\" data-image-description=\"\" data-image-caption=\"\" data-large-file=\"https:\/\/eldiariodesanpedro.com.ar\/sitio\/wp-content\/uploads\/2019\/03\/DSC09127-640x480.jpg\" data-src=\"https:\/\/eldiariodesanpedro.com.ar\/sitio\/wp-content\/uploads\/2019\/03\/DSC09127-640x480.jpg\" alt=\"\" class=\"wp-image-49355 lazyload\" data-srcset=\"https:\/\/eldiariodesanpedro.com.ar\/sitio\/wp-content\/uploads\/2019\/03\/DSC09127-640x480.jpg 640w, https:\/\/eldiariodesanpedro.com.ar\/sitio\/wp-content\/uploads\/2019\/03\/DSC09127-640x480-300x225.jpg 300w\" data-sizes=\"(max-width: 640px) 100vw, 640px\" src=\"data:image\/svg+xml;base64,PHN2ZyB3aWR0aD0iMSIgaGVpZ2h0PSIxIiB4bWxucz0iaHR0cDovL3d3dy53My5vcmcvMjAwMC9zdmciPjwvc3ZnPg==\" style=\"--smush-placeholder-width: 640px; --smush-placeholder-aspect-ratio: 640\/480;\" \/><\/figure>\n\n\n\n<figure class=\"wp-block-image\"><img decoding=\"async\" width=\"640\" height=\"480\" data-attachment-id=\"49356\" data-permalink=\"https:\/\/eldiariodesanpedro.com.ar\/sitio\/baradero-21-de-marzo-de-2010-a-nueve-anos-del-dolor-que-se-volvio-fuego\/dsc09148-640x480\/\" data-orig-file=\"https:\/\/eldiariodesanpedro.com.ar\/sitio\/wp-content\/uploads\/2019\/03\/DSC09148-640x480.jpg\" data-orig-size=\"640,480\" data-comments-opened=\"1\" data-image-meta=\"{&quot;aperture&quot;:&quot;3.5&quot;,&quot;credit&quot;:&quot;&quot;,&quot;camera&quot;:&quot;DSC-H20&quot;,&quot;caption&quot;:&quot;&quot;,&quot;created_timestamp&quot;:&quot;1269184435&quot;,&quot;copyright&quot;:&quot;&quot;,&quot;focal_length&quot;:&quot;6.4&quot;,&quot;iso&quot;:&quot;400&quot;,&quot;shutter_speed&quot;:&quot;0.04&quot;,&quot;title&quot;:&quot;&quot;,&quot;orientation&quot;:&quot;1&quot;}\" data-image-title=\"DSC09148-640&amp;#215;480\" data-image-description=\"\" data-image-caption=\"\" data-large-file=\"https:\/\/eldiariodesanpedro.com.ar\/sitio\/wp-content\/uploads\/2019\/03\/DSC09148-640x480.jpg\" data-src=\"https:\/\/eldiariodesanpedro.com.ar\/sitio\/wp-content\/uploads\/2019\/03\/DSC09148-640x480.jpg\" alt=\"\" class=\"wp-image-49356 lazyload\" data-srcset=\"https:\/\/eldiariodesanpedro.com.ar\/sitio\/wp-content\/uploads\/2019\/03\/DSC09148-640x480.jpg 640w, https:\/\/eldiariodesanpedro.com.ar\/sitio\/wp-content\/uploads\/2019\/03\/DSC09148-640x480-300x225.jpg 300w\" data-sizes=\"(max-width: 640px) 100vw, 640px\" src=\"data:image\/svg+xml;base64,PHN2ZyB3aWR0aD0iMSIgaGVpZ2h0PSIxIiB4bWxucz0iaHR0cDovL3d3dy53My5vcmcvMjAwMC9zdmciPjwvc3ZnPg==\" style=\"--smush-placeholder-width: 640px; --smush-placeholder-aspect-ratio: 640\/480;\" \/><\/figure>\n\n\n\n<figure class=\"wp-block-image\"><img decoding=\"async\" width=\"640\" height=\"480\" data-attachment-id=\"49357\" data-permalink=\"https:\/\/eldiariodesanpedro.com.ar\/sitio\/baradero-21-de-marzo-de-2010-a-nueve-anos-del-dolor-que-se-volvio-fuego\/dsc09206-640x480\/\" data-orig-file=\"https:\/\/eldiariodesanpedro.com.ar\/sitio\/wp-content\/uploads\/2019\/03\/DSC09206-640x480.jpg\" data-orig-size=\"640,480\" data-comments-opened=\"1\" data-image-meta=\"{&quot;aperture&quot;:&quot;3.5&quot;,&quot;credit&quot;:&quot;&quot;,&quot;camera&quot;:&quot;DSC-H20&quot;,&quot;caption&quot;:&quot;&quot;,&quot;created_timestamp&quot;:&quot;1269186593&quot;,&quot;copyright&quot;:&quot;&quot;,&quot;focal_length&quot;:&quot;6.3&quot;,&quot;iso&quot;:&quot;80&quot;,&quot;shutter_speed&quot;:&quot;0.025&quot;,&quot;title&quot;:&quot;&quot;,&quot;orientation&quot;:&quot;1&quot;}\" data-image-title=\"DSC09206-640&amp;#215;480\" data-image-description=\"\" data-image-caption=\"\" data-large-file=\"https:\/\/eldiariodesanpedro.com.ar\/sitio\/wp-content\/uploads\/2019\/03\/DSC09206-640x480.jpg\" data-src=\"https:\/\/eldiariodesanpedro.com.ar\/sitio\/wp-content\/uploads\/2019\/03\/DSC09206-640x480.jpg\" alt=\"\" class=\"wp-image-49357 lazyload\" data-srcset=\"https:\/\/eldiariodesanpedro.com.ar\/sitio\/wp-content\/uploads\/2019\/03\/DSC09206-640x480.jpg 640w, https:\/\/eldiariodesanpedro.com.ar\/sitio\/wp-content\/uploads\/2019\/03\/DSC09206-640x480-300x225.jpg 300w\" data-sizes=\"(max-width: 640px) 100vw, 640px\" src=\"data:image\/svg+xml;base64,PHN2ZyB3aWR0aD0iMSIgaGVpZ2h0PSIxIiB4bWxucz0iaHR0cDovL3d3dy53My5vcmcvMjAwMC9zdmciPjwvc3ZnPg==\" style=\"--smush-placeholder-width: 640px; --smush-placeholder-aspect-ratio: 640\/480;\" \/><\/figure>\n","protected":false},"excerpt":{"rendered":"<p>A modo de recordatorio, porque es una fecha que nadie debe olvidar, volvemos a publicar hoy, al cumplirse un nuevo aniversario de ese domingo negro, una nota recordando lo sucedido el 21 de marzo de 2010. Un d\u00eda como hoy hace nueve a\u00f1os, Baradero vivi\u00f3 uno de los d\u00edas m\u00e1s tristes de su larga historia, [&hellip;]<\/p>\n","protected":false},"author":4,"featured_media":49354,"comment_status":"open","ping_status":"closed","sticky":false,"template":"","format":"standard","meta":{"om_disable_all_campaigns":false,"_jetpack_memberships_contains_paid_content":false,"footnotes":""},"categories":[621],"tags":[],"class_list":["post-49351","post","type-post","status-publish","format-standard","has-post-thumbnail","hentry","category-regionales"],"aioseo_notices":[],"gutentor_comment":0,"jetpack_featured_media_url":"https:\/\/eldiariodesanpedro.com.ar\/sitio\/wp-content\/uploads\/2019\/03\/DSC08982-640x480.jpg","jetpack_shortlink":"https:\/\/wp.me\/p6RhLt-cPZ","jetpack_sharing_enabled":true,"_links":{"self":[{"href":"https:\/\/eldiariodesanpedro.com.ar\/sitio\/wp-json\/wp\/v2\/posts\/49351","targetHints":{"allow":["GET"]}}],"collection":[{"href":"https:\/\/eldiariodesanpedro.com.ar\/sitio\/wp-json\/wp\/v2\/posts"}],"about":[{"href":"https:\/\/eldiariodesanpedro.com.ar\/sitio\/wp-json\/wp\/v2\/types\/post"}],"author":[{"embeddable":true,"href":"https:\/\/eldiariodesanpedro.com.ar\/sitio\/wp-json\/wp\/v2\/users\/4"}],"replies":[{"embeddable":true,"href":"https:\/\/eldiariodesanpedro.com.ar\/sitio\/wp-json\/wp\/v2\/comments?post=49351"}],"version-history":[{"count":1,"href":"https:\/\/eldiariodesanpedro.com.ar\/sitio\/wp-json\/wp\/v2\/posts\/49351\/revisions"}],"predecessor-version":[{"id":49358,"href":"https:\/\/eldiariodesanpedro.com.ar\/sitio\/wp-json\/wp\/v2\/posts\/49351\/revisions\/49358"}],"wp:featuredmedia":[{"embeddable":true,"href":"https:\/\/eldiariodesanpedro.com.ar\/sitio\/wp-json\/wp\/v2\/media\/49354"}],"wp:attachment":[{"href":"https:\/\/eldiariodesanpedro.com.ar\/sitio\/wp-json\/wp\/v2\/media?parent=49351"}],"wp:term":[{"taxonomy":"category","embeddable":true,"href":"https:\/\/eldiariodesanpedro.com.ar\/sitio\/wp-json\/wp\/v2\/categories?post=49351"},{"taxonomy":"post_tag","embeddable":true,"href":"https:\/\/eldiariodesanpedro.com.ar\/sitio\/wp-json\/wp\/v2\/tags?post=49351"}],"curies":[{"name":"wp","href":"https:\/\/api.w.org\/{rel}","templated":true}]}}