{"id":49298,"date":"2019-03-21T08:59:32","date_gmt":"2019-03-21T11:59:32","guid":{"rendered":"https:\/\/eldiariodesanpedro.com.ar\/sitio\/?p=49298"},"modified":"2019-03-21T08:59:39","modified_gmt":"2019-03-21T11:59:39","slug":"municipales-y-ejecutivo-mas-cerca-de-un-acuerdo","status":"publish","type":"post","link":"https:\/\/eldiariodesanpedro.com.ar\/sitio\/municipales-y-ejecutivo-mas-cerca-de-un-acuerdo\/","title":{"rendered":"Municipales y Ejecutivo, mas cerca de un acuerdo"},"content":{"rendered":"<!-- VideographyWP Plugin Message: Automatic video embedding prevented by plugin options. -->\n\n<p>Esta tarde volver\u00e1n a reunirse y ambas partes podr\u00edan llegar por fin a un acuerdo y evitar el conflicto. Buscaran que la primera cuota se adelante y no se pague en junio, y que halla una actualizaci\u00f3n salarial si la inflaci\u00f3n se dispara.<\/p>\n\n\n\n<p>Tras la ultima reuni\u00f3n que se realizo d\u00edas pasados, con una mirada positiva a poder llegar un acuerdo entre trabajadores y el municipio, este jueves 21 volver\u00e1n a sentarse en la misma mesa para por fin dialogar, casi se podr\u00eda confirmar,  para un acuerdo.<\/p>\n\n\n\n<p>Representantes del STM y ATE se hab\u00edan reunido con el Secretario de Coordinaci\u00f3n Ram\u00f3n Salazar y de Econom\u00eda Fabi\u00e1n Rodr\u00edguez, para comunicarles la decisi\u00f3n de los trabajadores de rechazar la suba del 22 por ciento que hab\u00eda sido propuesta desde el Ejecutivo. <\/p>\n\n\n\n<p>A este reclamo, se oferta  una suba del 30 por ciento en 3 cuotas que se cobrar\u00e1n en el segundo semestre: 15 por ciento en junio, 8 en septiembre y 7 en diciembre. <\/p>\n\n\n\n<p>Los trabajadores pidieron un incremento de $1000 en el refrigerio para recuperar parte del poder adquisitivo perdido en 2018. <\/p>\n\n\n\n<p>Para hoy,  se espera que se desdoble la propuesta, y que antes de junio puedan cobrar la primera cuota con una suba de al menos 7%, tambi\u00e9n buscaran una actualizaci\u00f3n de salarios en caso que la inflaci\u00f3n se dispare.<\/p>\n","protected":false},"excerpt":{"rendered":"<p>Esta tarde volver\u00e1n a reunirse y ambas partes podr\u00edan llegar por fin a un acuerdo y evitar el conflicto. Buscaran que la primera cuota se adelante y no se pague en junio, y que halla una actualizaci\u00f3n salarial si la inflaci\u00f3n se dispara. Tras la ultima reuni\u00f3n que se realizo d\u00edas pasados, con una mirada [&hellip;]<\/p>\n","protected":false},"author":4,"featured_media":4495,"comment_status":"open","ping_status":"closed","sticky":false,"template":"","format":"standard","meta":{"om_disable_all_campaigns":false,"_jetpack_memberships_contains_paid_content":false,"footnotes":""},"categories":[50,2,102],"tags":[],"class_list":["post-49298","post","type-post","status-publish","format-standard","has-post-thumbnail","hentry","category-destacadas","category-locales","category-politica-locales"],"aioseo_notices":[],"gutentor_comment":0,"jetpack_featured_media_url":"https:\/\/eldiariodesanpedro.com.ar\/sitio\/wp-content\/uploads\/2016\/05\/Municipalidad.jpg","jetpack_shortlink":"https:\/\/wp.me\/p6RhLt-cP8","jetpack_sharing_enabled":true,"_links":{"self":[{"href":"https:\/\/eldiariodesanpedro.com.ar\/sitio\/wp-json\/wp\/v2\/posts\/49298","targetHints":{"allow":["GET"]}}],"collection":[{"href":"https:\/\/eldiariodesanpedro.com.ar\/sitio\/wp-json\/wp\/v2\/posts"}],"about":[{"href":"https:\/\/eldiariodesanpedro.com.ar\/sitio\/wp-json\/wp\/v2\/types\/post"}],"author":[{"embeddable":true,"href":"https:\/\/eldiariodesanpedro.com.ar\/sitio\/wp-json\/wp\/v2\/users\/4"}],"replies":[{"embeddable":true,"href":"https:\/\/eldiariodesanpedro.com.ar\/sitio\/wp-json\/wp\/v2\/comments?post=49298"}],"version-history":[{"count":1,"href":"https:\/\/eldiariodesanpedro.com.ar\/sitio\/wp-json\/wp\/v2\/posts\/49298\/revisions"}],"predecessor-version":[{"id":49299,"href":"https:\/\/eldiariodesanpedro.com.ar\/sitio\/wp-json\/wp\/v2\/posts\/49298\/revisions\/49299"}],"wp:featuredmedia":[{"embeddable":true,"href":"https:\/\/eldiariodesanpedro.com.ar\/sitio\/wp-json\/wp\/v2\/media\/4495"}],"wp:attachment":[{"href":"https:\/\/eldiariodesanpedro.com.ar\/sitio\/wp-json\/wp\/v2\/media?parent=49298"}],"wp:term":[{"taxonomy":"category","embeddable":true,"href":"https:\/\/eldiariodesanpedro.com.ar\/sitio\/wp-json\/wp\/v2\/categories?post=49298"},{"taxonomy":"post_tag","embeddable":true,"href":"https:\/\/eldiariodesanpedro.com.ar\/sitio\/wp-json\/wp\/v2\/tags?post=49298"}],"curies":[{"name":"wp","href":"https:\/\/api.w.org\/{rel}","templated":true}]}}