{"id":49293,"date":"2019-03-20T19:27:00","date_gmt":"2019-03-20T22:27:00","guid":{"rendered":"https:\/\/eldiariodesanpedro.com.ar\/sitio\/?p=49293"},"modified":"2019-03-20T19:27:10","modified_gmt":"2019-03-20T22:27:10","slug":"inauguracion-de-la-cancha-de-hockey-del-club-nautico-san-pedro","status":"publish","type":"post","link":"https:\/\/eldiariodesanpedro.com.ar\/sitio\/inauguracion-de-la-cancha-de-hockey-del-club-nautico-san-pedro\/","title":{"rendered":"Inauguraci\u00f3n de la cancha de hockey del Club N\u00e1utico San Pedro"},"content":{"rendered":"<!-- VideographyWP Plugin Message: Automatic video embedding prevented by plugin options. -->\n\n<p>El Club N\u00e1utico San Pedro tiene el agrado de invitar a la sociedad a acompa\u00f1ar la inauguraci\u00f3n de la cancha sint\u00e9tica construida en el predio de Villa Jard\u00edn.\u00a0<\/p>\n\n\n\n<p>Por tal motivo los esperamos el pr\u00f3ximo s\u00e1bado 6 de abril a las 11:30 para el acto oficial que se enmarcar\u00e1 en la participaci\u00f3n de nuestros equipos en la primera fecha como locales del campeonato de la Asociaci\u00f3n de Hockey del Oeste.<\/p>\n\n\n\n<p>Despu\u00e9s de largos meses de esfuerzos, y con mucha alegr\u00eda, ser\u00e1 una ocasi\u00f3n propicia para encontrarnos y compartir los detalles del proyecto que desde nuestra Comisi\u00f3n Directiva junto a la Subcomisi\u00f3n de Hockey y a un gran grupo de colaboradores comenzamos a hacer realidad.<\/p>\n","protected":false},"excerpt":{"rendered":"<p>El Club N\u00e1utico San Pedro tiene el agrado de invitar a la sociedad a acompa\u00f1ar la inauguraci\u00f3n de la cancha sint\u00e9tica construida en el predio de Villa Jard\u00edn.\u00a0 Por tal motivo los esperamos el pr\u00f3ximo s\u00e1bado 6 de abril a las 11:30 para el acto oficial que se enmarcar\u00e1 en la participaci\u00f3n de nuestros equipos [&hellip;]<\/p>\n","protected":false},"author":4,"featured_media":49294,"comment_status":"open","ping_status":"closed","sticky":false,"template":"","format":"standard","meta":{"om_disable_all_campaigns":false,"_jetpack_memberships_contains_paid_content":false,"footnotes":""},"categories":[101,2],"tags":[],"class_list":["post-49293","post","type-post","status-publish","format-standard","has-post-thumbnail","hentry","category-interes-general-locales","category-locales"],"aioseo_notices":[],"gutentor_comment":0,"jetpack_featured_media_url":"https:\/\/eldiariodesanpedro.com.ar\/sitio\/wp-content\/uploads\/2019\/03\/PAGINA-4-DOS.jpg","jetpack_shortlink":"https:\/\/wp.me\/p6RhLt-cP3","jetpack_sharing_enabled":true,"_links":{"self":[{"href":"https:\/\/eldiariodesanpedro.com.ar\/sitio\/wp-json\/wp\/v2\/posts\/49293","targetHints":{"allow":["GET"]}}],"collection":[{"href":"https:\/\/eldiariodesanpedro.com.ar\/sitio\/wp-json\/wp\/v2\/posts"}],"about":[{"href":"https:\/\/eldiariodesanpedro.com.ar\/sitio\/wp-json\/wp\/v2\/types\/post"}],"author":[{"embeddable":true,"href":"https:\/\/eldiariodesanpedro.com.ar\/sitio\/wp-json\/wp\/v2\/users\/4"}],"replies":[{"embeddable":true,"href":"https:\/\/eldiariodesanpedro.com.ar\/sitio\/wp-json\/wp\/v2\/comments?post=49293"}],"version-history":[{"count":1,"href":"https:\/\/eldiariodesanpedro.com.ar\/sitio\/wp-json\/wp\/v2\/posts\/49293\/revisions"}],"predecessor-version":[{"id":49295,"href":"https:\/\/eldiariodesanpedro.com.ar\/sitio\/wp-json\/wp\/v2\/posts\/49293\/revisions\/49295"}],"wp:featuredmedia":[{"embeddable":true,"href":"https:\/\/eldiariodesanpedro.com.ar\/sitio\/wp-json\/wp\/v2\/media\/49294"}],"wp:attachment":[{"href":"https:\/\/eldiariodesanpedro.com.ar\/sitio\/wp-json\/wp\/v2\/media?parent=49293"}],"wp:term":[{"taxonomy":"category","embeddable":true,"href":"https:\/\/eldiariodesanpedro.com.ar\/sitio\/wp-json\/wp\/v2\/categories?post=49293"},{"taxonomy":"post_tag","embeddable":true,"href":"https:\/\/eldiariodesanpedro.com.ar\/sitio\/wp-json\/wp\/v2\/tags?post=49293"}],"curies":[{"name":"wp","href":"https:\/\/api.w.org\/{rel}","templated":true}]}}