{"id":49289,"date":"2019-03-20T19:08:12","date_gmt":"2019-03-20T22:08:12","guid":{"rendered":"https:\/\/eldiariodesanpedro.com.ar\/sitio\/?p=49289"},"modified":"2019-03-20T19:08:22","modified_gmt":"2019-03-20T22:08:22","slug":"la-afip-extendio-por-cinco-meses-el-plazo-para-la-actualizacion-de-controladores-fiscales","status":"publish","type":"post","link":"https:\/\/eldiariodesanpedro.com.ar\/sitio\/la-afip-extendio-por-cinco-meses-el-plazo-para-la-actualizacion-de-controladores-fiscales\/","title":{"rendered":"La AFIP extendi\u00f3 por cinco meses el plazo para la actualizaci\u00f3n de Controladores Fiscales"},"content":{"rendered":"<!-- VideographyWP Plugin Message: Automatic video embedding prevented by plugin options. -->\n\n<p> El Centro de Comercio Industria y Turismo de San Pedro informa que respondiendo a solicitudes e inquietudes diferentes entidades representativas del sector, la AFIP resolvi\u00f3 prorrogar los plazos para adquirir y utilizar controladores fiscales de \u201cvieja tecnolog\u00eda\u201d e implementar de manera obligatoria los equipos de \u201cnueva tecnolog\u00eda\u201d.<br>El cambio del plazo se adopt\u00f3 a pedido de los usuarios y de las empresas proveedoras de controladores.<\/p>\n\n\n\n<p>De este modo, el l\u00edmite para que las empresas proveedoras puedan comercializar y efectuar recambios de memorias de equipos de \u201cvieja tecnolog\u00eda\u201d pas\u00f3 del 31 de marzo de 2019 a fines de agosto de este mismo a\u00f1o. Vencido este nuevo plazo solo se podr\u00e1n cambiar las memorias de los controladores si presentan fallas t\u00e9cnicas durante el primer a\u00f1o de uso desde su alta.<\/p>\n\n\n\n<p>En cuanto a la posibilidad de continuar utilizando los equipos de \u201cvieja tecnolog\u00eda\u201d y el pase obligatorio a la \u201cnueva tecnolog\u00eda\u201d, se extendi\u00f3 la fecha l\u00edmite del 31 de enero del 2021 prevista originalmente.<\/p>\n\n\n\n<p>En este sentido, se estableci\u00f3 un cronograma conformado por rangos, seg\u00fan la cantidad de m\u00e1quinas que tengan habilitadas los distintos usuarios, que comenzar\u00e1 el 1 de abril del 2021 con el primer grupo y que finalizar\u00e1 el 30 de septiembre de ese a\u00f1o con el \u00faltimo grupo.<\/p>\n\n\n\n<p>Adem\u00e1s, el inicio de la utilizaci\u00f3n de equipos de \u201cnueva tecnolog\u00eda\u201d en el sector mayorista de alimentos y limpieza con una facturaci\u00f3n mayor a los $ 50 millones en el ejercicio previo, se traslad\u00f3 al 1 de septiembre pr\u00f3ximo.\u00a0<br>Cabe recordar que el Banco Naci\u00f3n ofrece un plan de pr\u00e9stamos para la compra de controladores fiscales, destinado a las microempresas, con un plazo de hasta 60 cuotas fijas y una TNA del 49%. <\/p>\n","protected":false},"excerpt":{"rendered":"<p>El Centro de Comercio Industria y Turismo de San Pedro informa que respondiendo a solicitudes e inquietudes diferentes entidades representativas del sector, la AFIP resolvi\u00f3 prorrogar los plazos para adquirir y utilizar controladores fiscales de \u201cvieja tecnolog\u00eda\u201d e implementar de manera obligatoria los equipos de \u201cnueva tecnolog\u00eda\u201d.El cambio del plazo se adopt\u00f3 a pedido de [&hellip;]<\/p>\n","protected":false},"author":4,"featured_media":49291,"comment_status":"open","ping_status":"closed","sticky":false,"template":"","format":"standard","meta":{"om_disable_all_campaigns":false,"_jetpack_memberships_contains_paid_content":false,"footnotes":""},"categories":[101,2],"tags":[],"class_list":["post-49289","post","type-post","status-publish","format-standard","has-post-thumbnail","hentry","category-interes-general-locales","category-locales"],"aioseo_notices":[],"gutentor_comment":0,"jetpack_featured_media_url":"https:\/\/eldiariodesanpedro.com.ar\/sitio\/wp-content\/uploads\/2019\/03\/Controladores-Fiscales.jpg","jetpack_shortlink":"https:\/\/wp.me\/p6RhLt-cOZ","jetpack_sharing_enabled":true,"_links":{"self":[{"href":"https:\/\/eldiariodesanpedro.com.ar\/sitio\/wp-json\/wp\/v2\/posts\/49289","targetHints":{"allow":["GET"]}}],"collection":[{"href":"https:\/\/eldiariodesanpedro.com.ar\/sitio\/wp-json\/wp\/v2\/posts"}],"about":[{"href":"https:\/\/eldiariodesanpedro.com.ar\/sitio\/wp-json\/wp\/v2\/types\/post"}],"author":[{"embeddable":true,"href":"https:\/\/eldiariodesanpedro.com.ar\/sitio\/wp-json\/wp\/v2\/users\/4"}],"replies":[{"embeddable":true,"href":"https:\/\/eldiariodesanpedro.com.ar\/sitio\/wp-json\/wp\/v2\/comments?post=49289"}],"version-history":[{"count":1,"href":"https:\/\/eldiariodesanpedro.com.ar\/sitio\/wp-json\/wp\/v2\/posts\/49289\/revisions"}],"predecessor-version":[{"id":49292,"href":"https:\/\/eldiariodesanpedro.com.ar\/sitio\/wp-json\/wp\/v2\/posts\/49289\/revisions\/49292"}],"wp:featuredmedia":[{"embeddable":true,"href":"https:\/\/eldiariodesanpedro.com.ar\/sitio\/wp-json\/wp\/v2\/media\/49291"}],"wp:attachment":[{"href":"https:\/\/eldiariodesanpedro.com.ar\/sitio\/wp-json\/wp\/v2\/media?parent=49289"}],"wp:term":[{"taxonomy":"category","embeddable":true,"href":"https:\/\/eldiariodesanpedro.com.ar\/sitio\/wp-json\/wp\/v2\/categories?post=49289"},{"taxonomy":"post_tag","embeddable":true,"href":"https:\/\/eldiariodesanpedro.com.ar\/sitio\/wp-json\/wp\/v2\/tags?post=49289"}],"curies":[{"name":"wp","href":"https:\/\/api.w.org\/{rel}","templated":true}]}}