{"id":49272,"date":"2019-03-20T10:33:41","date_gmt":"2019-03-20T13:33:41","guid":{"rendered":"https:\/\/eldiariodesanpedro.com.ar\/sitio\/?p=49272"},"modified":"2019-03-20T10:33:52","modified_gmt":"2019-03-20T13:33:52","slug":"baradero-trabajadores-recicladores-del-basural-reclamaron-por-mejores-condiciones-laborales","status":"publish","type":"post","link":"https:\/\/eldiariodesanpedro.com.ar\/sitio\/baradero-trabajadores-recicladores-del-basural-reclamaron-por-mejores-condiciones-laborales\/","title":{"rendered":"BARADERO: Trabajadores recicladores del basural reclamaron por mejores condiciones laborales"},"content":{"rendered":"<!-- VideographyWP Plugin Message: Automatic video embedding prevented by plugin options. -->\n\n<p>\u00a0En la ma\u00f1ana de este martes, los trabajadores que reciclan los residuos del basural a cielo abierto que posee Baradero en la Ruta 9 y que comparte con San Pedro, se presentaron en el hall del Palacio Municipal para solicitar una reuni\u00f3n con la intendenta municipal, Fernanda Antonijevic ante el pedido de mejores condiciones de trabajo.<\/p>\n\n\n\n<p> Jackelin Flores, dirigente de cartoneros y recicladores de la provincia, en contacto con LS2 RADIO 96.9, que apoya la causa y acompa\u00f1a a sus compa\u00f1eros, brind\u00f3 su testimonio.<\/p>\n\n\n\n<blockquote class=\"wp-block-quote is-layout-flow wp-block-quote-is-layout-flow\"><p>&gt;&gt; \u201cLos compa\u00f1eros que trabajan en el basural decidimos venir por las demandas de agua, por un ba\u00f1o, por un botiqu\u00edn de primeros auxilios, con ropa de trabajo y pos sobre todas las cosas por el reconocimiento que se merecen\u201d.<\/p><p>&gt;&gt;\u201cBaradero recupera 100 toneladas por mes y la intendenta hace o\u00eddos sordos\u201d.<\/p><p>&gt;&gt; \u201cApoyamos esta demanda porque es justa, debe ser reconocida ya\u201d.<\/p><\/blockquote>\n\n\n\n<figure class=\"wp-block-embed-facebook wp-block-embed is-type-video is-provider-facebook\"><div class=\"wp-block-embed__wrapper\">\n<div class=\"fb-video\" data-allowfullscreen=\"true\" data-href=\"https:\/\/www.facebook.com\/271848316317200\/videos\/2301599256742928\/?t=0\" style=\"background-color: #fff; display: inline-block;\"><\/div>\n<\/div><\/figure>\n\n\n\n<p>FUENTE: BARADERO HOY<\/p>\n\n\n\n<p><\/p>\n","protected":false},"excerpt":{"rendered":"<p>\u00a0En la ma\u00f1ana de este martes, los trabajadores que reciclan los residuos del basural a cielo abierto que posee Baradero en la Ruta 9 y que comparte con San Pedro, se presentaron en el hall del Palacio Municipal para solicitar una reuni\u00f3n con la intendenta municipal, Fernanda Antonijevic ante el pedido de mejores condiciones de [&hellip;]<\/p>\n","protected":false},"author":4,"featured_media":49273,"comment_status":"open","ping_status":"closed","sticky":false,"template":"","format":"standard","meta":{"om_disable_all_campaigns":false,"_jetpack_memberships_contains_paid_content":false,"footnotes":""},"categories":[621],"tags":[],"class_list":["post-49272","post","type-post","status-publish","format-standard","has-post-thumbnail","hentry","category-regionales"],"aioseo_notices":[],"gutentor_comment":0,"jetpack_featured_media_url":"https:\/\/eldiariodesanpedro.com.ar\/sitio\/wp-content\/uploads\/2019\/03\/WhatsApp-Image-2019-03-19-at-10.22.42.jpeg","jetpack_shortlink":"https:\/\/wp.me\/p6RhLt-cOI","jetpack_sharing_enabled":true,"_links":{"self":[{"href":"https:\/\/eldiariodesanpedro.com.ar\/sitio\/wp-json\/wp\/v2\/posts\/49272","targetHints":{"allow":["GET"]}}],"collection":[{"href":"https:\/\/eldiariodesanpedro.com.ar\/sitio\/wp-json\/wp\/v2\/posts"}],"about":[{"href":"https:\/\/eldiariodesanpedro.com.ar\/sitio\/wp-json\/wp\/v2\/types\/post"}],"author":[{"embeddable":true,"href":"https:\/\/eldiariodesanpedro.com.ar\/sitio\/wp-json\/wp\/v2\/users\/4"}],"replies":[{"embeddable":true,"href":"https:\/\/eldiariodesanpedro.com.ar\/sitio\/wp-json\/wp\/v2\/comments?post=49272"}],"version-history":[{"count":1,"href":"https:\/\/eldiariodesanpedro.com.ar\/sitio\/wp-json\/wp\/v2\/posts\/49272\/revisions"}],"predecessor-version":[{"id":49274,"href":"https:\/\/eldiariodesanpedro.com.ar\/sitio\/wp-json\/wp\/v2\/posts\/49272\/revisions\/49274"}],"wp:featuredmedia":[{"embeddable":true,"href":"https:\/\/eldiariodesanpedro.com.ar\/sitio\/wp-json\/wp\/v2\/media\/49273"}],"wp:attachment":[{"href":"https:\/\/eldiariodesanpedro.com.ar\/sitio\/wp-json\/wp\/v2\/media?parent=49272"}],"wp:term":[{"taxonomy":"category","embeddable":true,"href":"https:\/\/eldiariodesanpedro.com.ar\/sitio\/wp-json\/wp\/v2\/categories?post=49272"},{"taxonomy":"post_tag","embeddable":true,"href":"https:\/\/eldiariodesanpedro.com.ar\/sitio\/wp-json\/wp\/v2\/tags?post=49272"}],"curies":[{"name":"wp","href":"https:\/\/api.w.org\/{rel}","templated":true}]}}