{"id":49268,"date":"2019-03-20T10:13:47","date_gmt":"2019-03-20T13:13:47","guid":{"rendered":"https:\/\/eldiariodesanpedro.com.ar\/sitio\/?p=49268"},"modified":"2019-03-20T10:13:55","modified_gmt":"2019-03-20T13:13:55","slug":"aprehendieron-a-un-venezolano-que-intento-robar-una-moto","status":"publish","type":"post","link":"https:\/\/eldiariodesanpedro.com.ar\/sitio\/aprehendieron-a-un-venezolano-que-intento-robar-una-moto\/","title":{"rendered":"Aprehendieron a un venezolano que intento robar una moto"},"content":{"rendered":"<!-- VideographyWP Plugin Message: Automatic video embedding prevented by plugin options. -->\n\n<p>El hecho ocurri\u00f3 este martes al mediod\u00eda, un polic\u00eda lo reduce en plena fuga.<\/p>\n\n\n\n<p> El detenido es Miguel Mart\u00ednez Mu\u00f1oz, de 30 a\u00f1os, de nacionalidad venezolana y ya ha sido aprehendido por cometer otros delitos, ademas posee vencido el DNI extranjero de hace mas de un a\u00f1o. <\/p>\n\n\n\n<p>Anteriormente el delincuente intenta sustraer una motocicleta en inmediaciones de Salta entre Tres de Febrero y Ruis Moreno, el propietario lo divisa y sale a correrlo.<\/p>\n\n\n\n<p>Al mismo tiempo, una persona que circulaba en moto,  lo sigue y logra reducirlo.<\/p>\n\n\n\n<p>Esa persona se trata de un oficial que se encontraba de civil, de nombre Miguel Romero, quien no dudo en actuar. <\/p>\n\n\n\n<p>El venezolano permanece alojado en la Dependencia Local.<\/p>\n","protected":false},"excerpt":{"rendered":"<p>El hecho ocurri\u00f3 este martes al mediod\u00eda, un polic\u00eda lo reduce en plena fuga. El detenido es Miguel Mart\u00ednez Mu\u00f1oz, de 30 a\u00f1os, de nacionalidad venezolana y ya ha sido aprehendido por cometer otros delitos, ademas posee vencido el DNI extranjero de hace mas de un a\u00f1o. Anteriormente el delincuente intenta sustraer una motocicleta en [&hellip;]<\/p>\n","protected":false},"author":4,"featured_media":29146,"comment_status":"open","ping_status":"closed","sticky":false,"template":"","format":"standard","meta":{"om_disable_all_campaigns":false,"_jetpack_memberships_contains_paid_content":false,"footnotes":""},"categories":[50,2,103],"tags":[],"class_list":["post-49268","post","type-post","status-publish","format-standard","has-post-thumbnail","hentry","category-destacadas","category-locales","category-policiales-locales"],"aioseo_notices":[],"gutentor_comment":0,"jetpack_featured_media_url":"https:\/\/eldiariodesanpedro.com.ar\/sitio\/wp-content\/uploads\/2018\/02\/El-sujeto-aprehendido.jpg","jetpack_shortlink":"https:\/\/wp.me\/p6RhLt-cOE","jetpack_sharing_enabled":true,"_links":{"self":[{"href":"https:\/\/eldiariodesanpedro.com.ar\/sitio\/wp-json\/wp\/v2\/posts\/49268","targetHints":{"allow":["GET"]}}],"collection":[{"href":"https:\/\/eldiariodesanpedro.com.ar\/sitio\/wp-json\/wp\/v2\/posts"}],"about":[{"href":"https:\/\/eldiariodesanpedro.com.ar\/sitio\/wp-json\/wp\/v2\/types\/post"}],"author":[{"embeddable":true,"href":"https:\/\/eldiariodesanpedro.com.ar\/sitio\/wp-json\/wp\/v2\/users\/4"}],"replies":[{"embeddable":true,"href":"https:\/\/eldiariodesanpedro.com.ar\/sitio\/wp-json\/wp\/v2\/comments?post=49268"}],"version-history":[{"count":1,"href":"https:\/\/eldiariodesanpedro.com.ar\/sitio\/wp-json\/wp\/v2\/posts\/49268\/revisions"}],"predecessor-version":[{"id":49269,"href":"https:\/\/eldiariodesanpedro.com.ar\/sitio\/wp-json\/wp\/v2\/posts\/49268\/revisions\/49269"}],"wp:featuredmedia":[{"embeddable":true,"href":"https:\/\/eldiariodesanpedro.com.ar\/sitio\/wp-json\/wp\/v2\/media\/29146"}],"wp:attachment":[{"href":"https:\/\/eldiariodesanpedro.com.ar\/sitio\/wp-json\/wp\/v2\/media?parent=49268"}],"wp:term":[{"taxonomy":"category","embeddable":true,"href":"https:\/\/eldiariodesanpedro.com.ar\/sitio\/wp-json\/wp\/v2\/categories?post=49268"},{"taxonomy":"post_tag","embeddable":true,"href":"https:\/\/eldiariodesanpedro.com.ar\/sitio\/wp-json\/wp\/v2\/tags?post=49268"}],"curies":[{"name":"wp","href":"https:\/\/api.w.org\/{rel}","templated":true}]}}