{"id":49261,"date":"2019-03-20T09:12:32","date_gmt":"2019-03-20T12:12:32","guid":{"rendered":"https:\/\/eldiariodesanpedro.com.ar\/sitio\/?p=49261"},"modified":"2019-03-20T09:35:53","modified_gmt":"2019-03-20T12:35:53","slug":"campana-abri-las-piernas-porque-acuchillo-a-tus-hijos-el-testimonio-de-la-mujer-violada-frente-a-su-familia-por-un-ladron","status":"publish","type":"post","link":"https:\/\/eldiariodesanpedro.com.ar\/sitio\/campana-abri-las-piernas-porque-acuchillo-a-tus-hijos-el-testimonio-de-la-mujer-violada-frente-a-su-familia-por-un-ladron\/","title":{"rendered":"ESCOBAR: \u201cAbr\u00ed las piernas porque acuchillo a tus hijos\u201d: el testimonio de la mujer violada frente a su familia por un ladr\u00f3n"},"content":{"rendered":"<!-- VideographyWP Plugin Message: Automatic video embedding prevented by plugin options. -->\n\n<p>El viernes por la noche, Laura, de 42 a\u00f1os, prepar\u00f3 la cena para sus cuatro hijos. El m\u00e1s chico tiene cinco a\u00f1os, el m\u00e1s grande cumpli\u00f3 10 hace poco. Les dio de comer a todos, les puso los pijamas, se acost\u00f3 junto a ellos en la \u00fanica cama que tienen en la peque\u00f1a casa que comparten en la localidad de Matheu, partido de Escobar. A las 7 de la ma\u00f1ana del d\u00eda siguiente comenz\u00f3 lo que se convirti\u00f3 en el peor momentos de sus vidas: un vecino de 18 a\u00f1os entr\u00f3 a robar a la vivienda para luego golpear y violar a la mujer delante de los cuatro chicos.<\/p>\n\n\n\n<figure class=\"wp-block-image\"><img decoding=\"async\" width=\"658\" height=\"400\" data-attachment-id=\"49262\" data-permalink=\"https:\/\/eldiariodesanpedro.com.ar\/sitio\/campana-abri-las-piernas-porque-acuchillo-a-tus-hijos-el-testimonio-de-la-mujer-violada-frente-a-su-familia-por-un-ladron\/detenido-4-1\/\" data-orig-file=\"https:\/\/eldiariodesanpedro.com.ar\/sitio\/wp-content\/uploads\/2019\/03\/Detenido-4-1.jpg\" data-orig-size=\"658,400\" data-comments-opened=\"1\" data-image-meta=\"{&quot;aperture&quot;:&quot;0&quot;,&quot;credit&quot;:&quot;&quot;,&quot;camera&quot;:&quot;&quot;,&quot;caption&quot;:&quot;&quot;,&quot;created_timestamp&quot;:&quot;0&quot;,&quot;copyright&quot;:&quot;&quot;,&quot;focal_length&quot;:&quot;0&quot;,&quot;iso&quot;:&quot;0&quot;,&quot;shutter_speed&quot;:&quot;0&quot;,&quot;title&quot;:&quot;&quot;,&quot;orientation&quot;:&quot;0&quot;}\" data-image-title=\"Detenido-4-1\" data-image-description=\"\" data-image-caption=\"\" data-large-file=\"https:\/\/eldiariodesanpedro.com.ar\/sitio\/wp-content\/uploads\/2019\/03\/Detenido-4-1.jpg\" data-src=\"https:\/\/eldiariodesanpedro.com.ar\/sitio\/wp-content\/uploads\/2019\/03\/Detenido-4-1.jpg\" alt=\"\" class=\"wp-image-49262 lazyload\" data-srcset=\"https:\/\/eldiariodesanpedro.com.ar\/sitio\/wp-content\/uploads\/2019\/03\/Detenido-4-1.jpg 658w, https:\/\/eldiariodesanpedro.com.ar\/sitio\/wp-content\/uploads\/2019\/03\/Detenido-4-1-300x182.jpg 300w\" data-sizes=\"(max-width: 658px) 100vw, 658px\" src=\"data:image\/svg+xml;base64,PHN2ZyB3aWR0aD0iMSIgaGVpZ2h0PSIxIiB4bWxucz0iaHR0cDovL3d3dy53My5vcmcvMjAwMC9zdmciPjwvc3ZnPg==\" style=\"--smush-placeholder-width: 658px; --smush-placeholder-aspect-ratio: 658\/400;\" \/><\/figure>\n\n\n\n<p>El delincuente, llamado Nicol\u00e1s Villagra, fue detenido horas m\u00e1s tarde mientras dorm\u00eda en su casa que queda exactamente a la vuelta de la de Laura. Infobae accedi\u00f3 de manera completa a descarnada declaraci\u00f3n de la v\u00edctima.<\/p>\n\n\n\n<p>Luego de lo sucedido, Laura -un nombre de fantas\u00eda empleado para proteger su identidad- pidi\u00f3 auxilio a su hermana y su madre que viven en el mismo terreno que el suyo, en la casa de adelante. Fueron ellas quienes llamaron a la polic\u00eda y luego acompa\u00f1aron a la mujer al Hospital Erill de Escobar donde fue asistida. All\u00ed, un m\u00e9dico constat\u00f3 las lesiones producidas por la violaci\u00f3n.<\/p>\n\n\n\n<p>Algunas horas m\u00e1s tarde, Laura fue acompa\u00f1ada por polic\u00edas hasta el despacho del fiscal especializado en delitos sexuales Christian Fabio, donde relat\u00f3 c\u00f3mo se inici\u00f3 el calvario.<\/p>\n\n\n\n<p><em>\u201cCerca de las 7, uno de mis hijos se levanta para ir al ba\u00f1o, que queda afuera de la casa. Antes de salir me dice que hab\u00eda visto pasar un hombre caminando por el patio, pero no le di importancia porque adelante vive el resto de mi familia y cre\u00ed que era mi hermano que estaba dando vueltas. Un par de minutos m\u00e1s tarde entra un hombre que ten\u00eda agarrado a mi hijo. Ten\u00eda la cara descubierta y despu\u00e9s se la tap\u00f3 con un pa\u00f1uelo de la nariz para abajo. Lo reconoc\u00ed de inmediato. Era el hijo de Jorge Villagra, un chico al que le dicen \u2018Sam\u2019 y es mi vecino. Mi nene me mira y me dice \u2018Mami, entr\u00f3&#8217;\u201d.<\/em><\/p>\n\n\n\n<p>Laura es madre soltera. Vive hace ya varios a\u00f1os en Matheu en el terreno familiar. Mantiene a sus chicos gracias a la Asignaci\u00f3n Universal y al subsidio de la garrafa social. La semana pasada hab\u00eda recibido ese dinero y lo hab\u00eda guardado junto a otros ahorros: Villagra quer\u00eda esa plata.<\/p>\n\n\n\n<p>Laura continu\u00f3 su declaraci\u00f3n ante el fiscal Fabio:&nbsp;<em>\u201cApenas entra Villagra me dice \u2018\u00a1Quedate quieta y acostate en la cama! \u00a1Dame la plata! \u00bfD\u00f3nde ten\u00e9s la plata?\u2019. Yo le contest\u00e9 que no ten\u00eda dinero, pero \u00e9l segu\u00eda insistiendo. Como yo me negaba, me tir\u00f3 en la cama. Ah\u00ed empez\u00f3 a revisar hasta que le dije que s\u00f3lo ten\u00eda la plata de la AUH escondida entre las remeras. \u00c9l la agarr\u00f3. Pero no se qued\u00f3 conforme. Quer\u00eda m\u00e1s. Despu\u00e9s de eso, empez\u00f3 la violaci\u00f3n\u201d.<\/em><\/p>\n\n\n\n<p>La v\u00edctima lo pronunci\u00f3 como pudo, a\u00fan en estado de shock :&nbsp;<em>\u201cMe at\u00f3 las manos atr\u00e1s del cuerpo con unos cordones. Me levant\u00f3 la pollera que ten\u00eda puesta e intent\u00f3 abrirme las piernas. Yo las corr\u00eda de un lado para el otro pero luego de varios intentos me gan\u00f3 con la fuerza, me agarr\u00f3 de las pantorrillas y me penetr\u00f3. Mientras lo hac\u00eda ten\u00eda en sus manos una cuchilla grande y hab\u00eda apoyado un fierro con punta al costado de la cama. Me amenazaba dici\u00e9ndome: \u2018Abr\u00ed las piernas porque acuchillo a tus hijos\u2019. Me penetr\u00f3 en dos o tres oportunidades. Yo me quedaba quieta por temor a que mate a uno de mis hijos. Luego me dio vuelta y me penetr\u00f3. Yo segu\u00eda aterrada\u201d.<\/em><\/p>\n\n\n\n<p>Luego del abuso, Villagra segu\u00eda buscando dinero y amenaz\u00e1ndola.&nbsp;<em>\u201cSi me estas mintiendo y ten\u00e9s plata te voy a apu\u00f1alar a uno de los chicos y si llego a encontrar plata tambi\u00e9n te voy a matar a vos\u201d,<\/em>&nbsp;fue la frase que le repiti\u00f3 en varias oportunidades. Finalmente el hombre encontr\u00f3 $37.000 que Laura hab\u00eda escondido y que estaba ahorrando:&nbsp;<em>\u201cYo ese dinero lo estaba guardando para hacerles una pieza a los chicos\u201d.<\/em>&nbsp;Ya con el efectivo en un bolso, el ladr\u00f3n escap\u00f3 por la puerta.<\/p>\n\n\n\n<p>Con los chicos temblando de miedo y llorando, Laura sali\u00f3 a los gritos a la puerta y fue asistida por su hermana y su mam\u00e1 que reci\u00e9n llegaban de visitar una feria barrial.<\/p>\n\n\n\n<p>As\u00ed, comenz\u00f3 la b\u00fasqueda de \u201cSam\u201d Villagra. No le fue dif\u00edcil encontrarlo a la Polic\u00eda Bonaerense. Estaba durmiendo pl\u00e1cidamente en su casa, que queda a 100 metros de la de Laura. En el allanamiento a la vivienda, que fue comandado por el fiscal Fabio y su equipo de la UFI 4, encontraron la cuchilla con la cual amenaz\u00f3 a la familia, el dinero sustra\u00eddo y la ropa que llevaba puesta al momento del ataque.<\/p>\n\n\n\n<p>Villagra qued\u00f3 inmediatamente detenido y fue llevado al d\u00eda siguiente a prestar declaraci\u00f3n indagatoria. Prefiri\u00f3 no hablar. Ahora los investigadores intentan determinar si el hombre que cumpli\u00f3 18 a\u00f1os el pasado 11 de marzo fue el autor de otros robos cometidos en la zona durante la misma semana.<\/p>\n\n\n\n<p>Mientras la Justicia avanza, Laura intenta volver a su vida. Trata de evadir el tema cada vez que sus hijos le preguntan por esa ma\u00f1ana y busca apoyo en la ayuda psicol\u00f3gica que se le brind\u00f3.<\/p>\n\n\n\n<p>FUENTE: ENLACE CRITICO<\/p>\n\n\n\n<p><br><\/p>\n","protected":false},"excerpt":{"rendered":"<p>El viernes por la noche, Laura, de 42 a\u00f1os, prepar\u00f3 la cena para sus cuatro hijos. El m\u00e1s chico tiene cinco a\u00f1os, el m\u00e1s grande cumpli\u00f3 10 hace poco. Les dio de comer a todos, les puso los pijamas, se acost\u00f3 junto a ellos en la \u00fanica cama que tienen en la peque\u00f1a casa que [&hellip;]<\/p>\n","protected":false},"author":4,"featured_media":49262,"comment_status":"open","ping_status":"closed","sticky":false,"template":"","format":"standard","meta":{"om_disable_all_campaigns":false,"_jetpack_memberships_contains_paid_content":false,"footnotes":""},"categories":[621],"tags":[],"class_list":["post-49261","post","type-post","status-publish","format-standard","has-post-thumbnail","hentry","category-regionales"],"aioseo_notices":[],"gutentor_comment":0,"jetpack_featured_media_url":"https:\/\/eldiariodesanpedro.com.ar\/sitio\/wp-content\/uploads\/2019\/03\/Detenido-4-1.jpg","jetpack_shortlink":"https:\/\/wp.me\/p6RhLt-cOx","jetpack_sharing_enabled":true,"_links":{"self":[{"href":"https:\/\/eldiariodesanpedro.com.ar\/sitio\/wp-json\/wp\/v2\/posts\/49261","targetHints":{"allow":["GET"]}}],"collection":[{"href":"https:\/\/eldiariodesanpedro.com.ar\/sitio\/wp-json\/wp\/v2\/posts"}],"about":[{"href":"https:\/\/eldiariodesanpedro.com.ar\/sitio\/wp-json\/wp\/v2\/types\/post"}],"author":[{"embeddable":true,"href":"https:\/\/eldiariodesanpedro.com.ar\/sitio\/wp-json\/wp\/v2\/users\/4"}],"replies":[{"embeddable":true,"href":"https:\/\/eldiariodesanpedro.com.ar\/sitio\/wp-json\/wp\/v2\/comments?post=49261"}],"version-history":[{"count":2,"href":"https:\/\/eldiariodesanpedro.com.ar\/sitio\/wp-json\/wp\/v2\/posts\/49261\/revisions"}],"predecessor-version":[{"id":49265,"href":"https:\/\/eldiariodesanpedro.com.ar\/sitio\/wp-json\/wp\/v2\/posts\/49261\/revisions\/49265"}],"wp:featuredmedia":[{"embeddable":true,"href":"https:\/\/eldiariodesanpedro.com.ar\/sitio\/wp-json\/wp\/v2\/media\/49262"}],"wp:attachment":[{"href":"https:\/\/eldiariodesanpedro.com.ar\/sitio\/wp-json\/wp\/v2\/media?parent=49261"}],"wp:term":[{"taxonomy":"category","embeddable":true,"href":"https:\/\/eldiariodesanpedro.com.ar\/sitio\/wp-json\/wp\/v2\/categories?post=49261"},{"taxonomy":"post_tag","embeddable":true,"href":"https:\/\/eldiariodesanpedro.com.ar\/sitio\/wp-json\/wp\/v2\/tags?post=49261"}],"curies":[{"name":"wp","href":"https:\/\/api.w.org\/{rel}","templated":true}]}}