{"id":49247,"date":"2019-03-20T08:56:17","date_gmt":"2019-03-20T11:56:17","guid":{"rendered":"https:\/\/eldiariodesanpedro.com.ar\/sitio\/?p=49247"},"modified":"2019-03-20T09:03:41","modified_gmt":"2019-03-20T12:03:41","slug":"baradero-renovada-vista-en-la-plaza-colon","status":"publish","type":"post","link":"https:\/\/eldiariodesanpedro.com.ar\/sitio\/baradero-renovada-vista-en-la-plaza-colon\/","title":{"rendered":"BARADERO: Renovada vista en la Plaza Col\u00f3n"},"content":{"rendered":"<!-- VideographyWP Plugin Message: Automatic video embedding prevented by plugin options. -->\n\n<p> Hace pocas horas, el personal municipal afectado al cuidado y mantenimiento de la Plaza Col\u00f3n, dedic\u00f3 algunas horas de trabajo a la pintura de los varios monolitos y monumentos que hay en ese espacio p\u00fablico.<\/p>\n\n\n\n<p>El de mayor tama\u00f1o, Monumento a los ca\u00eddos en Malvinas, luce a nuevo con sus muros y canteros pintados prolijamente de blanco; otro tanto acontece con el pedestal que sostiene la figura del Almirante Crist\u00f3bal Col\u00f3n y con el propio busto que tambi\u00e9n recibi\u00f3 nueva coloraci\u00f3n, ocre en este caso y as\u00ed lo mismo con los dem\u00e1s pedestales que se encuentran diseminados en todo el predio.<\/p>\n\n\n\n<p>El pedestal que sirve de base para una placa que recuerda a los hermanos Enrique y Santiago Manara, sito en la esquina de las calles Anchorena y Medrano, tambi\u00e9n fue pintado al igual que el resto, pero en este caso cabe hacer una observaci\u00f3n, el deterioro de la placa ha sido tal que cuesta leer lo que en ella fue escrito oportunamente; m\u00e1s a\u00fan, podr\u00eda decirse que quienes ya conocen el texto con anterioridad medio que adivinan lo que expresa ya que la placa est\u00e1 muy descolorida y ha perdido la claridad necesaria. Ser\u00eda hora de restaurarla o quiz\u00e1s de reemplazarla. <\/p>\n\n\n\n<ul class=\"wp-block-gallery columns-3 is-cropped wp-block-gallery-1 is-layout-flex wp-block-gallery-is-layout-flex\"><li class=\"blocks-gallery-item\"><figure><img decoding=\"async\" width=\"640\" height=\"926\" data-attachment-id=\"49248\" data-permalink=\"https:\/\/eldiariodesanpedro.com.ar\/sitio\/baradero-renovada-vista-en-la-plaza-colon\/b-colon-15\/\" data-orig-file=\"https:\/\/eldiariodesanpedro.com.ar\/sitio\/wp-content\/uploads\/2019\/03\/b-colon-15.jpg\" data-orig-size=\"640,926\" data-comments-opened=\"1\" data-image-meta=\"{&quot;aperture&quot;:&quot;0&quot;,&quot;credit&quot;:&quot;&quot;,&quot;camera&quot;:&quot;&quot;,&quot;caption&quot;:&quot;&quot;,&quot;created_timestamp&quot;:&quot;0&quot;,&quot;copyright&quot;:&quot;&quot;,&quot;focal_length&quot;:&quot;0&quot;,&quot;iso&quot;:&quot;0&quot;,&quot;shutter_speed&quot;:&quot;0&quot;,&quot;title&quot;:&quot;&quot;,&quot;orientation&quot;:&quot;0&quot;}\" data-image-title=\"b-colon-15\" data-image-description=\"\" data-image-caption=\"\" data-large-file=\"https:\/\/eldiariodesanpedro.com.ar\/sitio\/wp-content\/uploads\/2019\/03\/b-colon-15.jpg\" data-src=\"https:\/\/eldiariodesanpedro.com.ar\/sitio\/wp-content\/uploads\/2019\/03\/b-colon-15.jpg\" alt=\"\" data-id=\"49248\" data-link=\"https:\/\/eldiariodesanpedro.com.ar\/sitio\/?attachment_id=49248\" class=\"wp-image-49248 lazyload\" data-srcset=\"https:\/\/eldiariodesanpedro.com.ar\/sitio\/wp-content\/uploads\/2019\/03\/b-colon-15.jpg 640w, https:\/\/eldiariodesanpedro.com.ar\/sitio\/wp-content\/uploads\/2019\/03\/b-colon-15-207x300.jpg 207w\" data-sizes=\"(max-width: 640px) 100vw, 640px\" src=\"data:image\/svg+xml;base64,PHN2ZyB3aWR0aD0iMSIgaGVpZ2h0PSIxIiB4bWxucz0iaHR0cDovL3d3dy53My5vcmcvMjAwMC9zdmciPjwvc3ZnPg==\" style=\"--smush-placeholder-width: 640px; --smush-placeholder-aspect-ratio: 640\/926;\" \/><\/figure><\/li><li class=\"blocks-gallery-item\"><figure><img decoding=\"async\" width=\"800\" height=\"450\" data-attachment-id=\"49249\" data-permalink=\"https:\/\/eldiariodesanpedro.com.ar\/sitio\/baradero-renovada-vista-en-la-plaza-colon\/b-colon-15-i\/\" data-orig-file=\"https:\/\/eldiariodesanpedro.com.ar\/sitio\/wp-content\/uploads\/2019\/03\/b-colon-15-I.jpg\" data-orig-size=\"800,450\" data-comments-opened=\"1\" data-image-meta=\"{&quot;aperture&quot;:&quot;0&quot;,&quot;credit&quot;:&quot;&quot;,&quot;camera&quot;:&quot;&quot;,&quot;caption&quot;:&quot;&quot;,&quot;created_timestamp&quot;:&quot;0&quot;,&quot;copyright&quot;:&quot;&quot;,&quot;focal_length&quot;:&quot;0&quot;,&quot;iso&quot;:&quot;0&quot;,&quot;shutter_speed&quot;:&quot;0&quot;,&quot;title&quot;:&quot;&quot;,&quot;orientation&quot;:&quot;0&quot;}\" data-image-title=\"b-colon-15-I\" data-image-description=\"\" data-image-caption=\"\" data-large-file=\"https:\/\/eldiariodesanpedro.com.ar\/sitio\/wp-content\/uploads\/2019\/03\/b-colon-15-I.jpg\" data-src=\"https:\/\/eldiariodesanpedro.com.ar\/sitio\/wp-content\/uploads\/2019\/03\/b-colon-15-I.jpg\" alt=\"\" data-id=\"49249\" data-link=\"https:\/\/eldiariodesanpedro.com.ar\/sitio\/?attachment_id=49249\" class=\"wp-image-49249 lazyload\" data-srcset=\"https:\/\/eldiariodesanpedro.com.ar\/sitio\/wp-content\/uploads\/2019\/03\/b-colon-15-I.jpg 800w, https:\/\/eldiariodesanpedro.com.ar\/sitio\/wp-content\/uploads\/2019\/03\/b-colon-15-I-300x169.jpg 300w, https:\/\/eldiariodesanpedro.com.ar\/sitio\/wp-content\/uploads\/2019\/03\/b-colon-15-I-768x432.jpg 768w\" data-sizes=\"(max-width: 800px) 100vw, 800px\" src=\"data:image\/svg+xml;base64,PHN2ZyB3aWR0aD0iMSIgaGVpZ2h0PSIxIiB4bWxucz0iaHR0cDovL3d3dy53My5vcmcvMjAwMC9zdmciPjwvc3ZnPg==\" style=\"--smush-placeholder-width: 800px; --smush-placeholder-aspect-ratio: 800\/450;\" \/><\/figure><\/li><li class=\"blocks-gallery-item\"><figure><img decoding=\"async\" width=\"625\" height=\"1024\" data-attachment-id=\"49250\" data-permalink=\"https:\/\/eldiariodesanpedro.com.ar\/sitio\/baradero-renovada-vista-en-la-plaza-colon\/b-colon-15-ii\/\" data-orig-file=\"https:\/\/eldiariodesanpedro.com.ar\/sitio\/wp-content\/uploads\/2019\/03\/b-colon-15-II.jpg\" data-orig-size=\"640,1049\" data-comments-opened=\"1\" data-image-meta=\"{&quot;aperture&quot;:&quot;0&quot;,&quot;credit&quot;:&quot;&quot;,&quot;camera&quot;:&quot;&quot;,&quot;caption&quot;:&quot;&quot;,&quot;created_timestamp&quot;:&quot;0&quot;,&quot;copyright&quot;:&quot;&quot;,&quot;focal_length&quot;:&quot;0&quot;,&quot;iso&quot;:&quot;0&quot;,&quot;shutter_speed&quot;:&quot;0&quot;,&quot;title&quot;:&quot;&quot;,&quot;orientation&quot;:&quot;0&quot;}\" data-image-title=\"b-colon-15-II\" data-image-description=\"\" data-image-caption=\"\" data-large-file=\"https:\/\/eldiariodesanpedro.com.ar\/sitio\/wp-content\/uploads\/2019\/03\/b-colon-15-II-625x1024.jpg\" data-src=\"https:\/\/eldiariodesanpedro.com.ar\/sitio\/wp-content\/uploads\/2019\/03\/b-colon-15-II-625x1024.jpg\" alt=\"\" data-id=\"49250\" data-link=\"https:\/\/eldiariodesanpedro.com.ar\/sitio\/?attachment_id=49250\" class=\"wp-image-49250 lazyload\" data-srcset=\"https:\/\/eldiariodesanpedro.com.ar\/sitio\/wp-content\/uploads\/2019\/03\/b-colon-15-II-625x1024.jpg 625w, https:\/\/eldiariodesanpedro.com.ar\/sitio\/wp-content\/uploads\/2019\/03\/b-colon-15-II-183x300.jpg 183w, https:\/\/eldiariodesanpedro.com.ar\/sitio\/wp-content\/uploads\/2019\/03\/b-colon-15-II.jpg 640w\" data-sizes=\"(max-width: 625px) 100vw, 625px\" src=\"data:image\/svg+xml;base64,PHN2ZyB3aWR0aD0iMSIgaGVpZ2h0PSIxIiB4bWxucz0iaHR0cDovL3d3dy53My5vcmcvMjAwMC9zdmciPjwvc3ZnPg==\" style=\"--smush-placeholder-width: 625px; --smush-placeholder-aspect-ratio: 625\/1024;\" \/><\/figure><\/li><\/ul>\n\n\n\n<p>FUENTE: BARADERO TE INFORMA<\/p>\n","protected":false},"excerpt":{"rendered":"<p>Hace pocas horas, el personal municipal afectado al cuidado y mantenimiento de la Plaza Col\u00f3n, dedic\u00f3 algunas horas de trabajo a la pintura de los varios monolitos y monumentos que hay en ese espacio p\u00fablico. El de mayor tama\u00f1o, Monumento a los ca\u00eddos en Malvinas, luce a nuevo con sus muros y canteros pintados prolijamente [&hellip;]<\/p>\n","protected":false},"author":4,"featured_media":49249,"comment_status":"open","ping_status":"closed","sticky":false,"template":"","format":"standard","meta":{"om_disable_all_campaigns":false,"_jetpack_memberships_contains_paid_content":false,"footnotes":""},"categories":[621],"tags":[],"class_list":["post-49247","post","type-post","status-publish","format-standard","has-post-thumbnail","hentry","category-regionales"],"aioseo_notices":[],"gutentor_comment":0,"jetpack_featured_media_url":"https:\/\/eldiariodesanpedro.com.ar\/sitio\/wp-content\/uploads\/2019\/03\/b-colon-15-I.jpg","jetpack_shortlink":"https:\/\/wp.me\/p6RhLt-cOj","jetpack_sharing_enabled":true,"_links":{"self":[{"href":"https:\/\/eldiariodesanpedro.com.ar\/sitio\/wp-json\/wp\/v2\/posts\/49247","targetHints":{"allow":["GET"]}}],"collection":[{"href":"https:\/\/eldiariodesanpedro.com.ar\/sitio\/wp-json\/wp\/v2\/posts"}],"about":[{"href":"https:\/\/eldiariodesanpedro.com.ar\/sitio\/wp-json\/wp\/v2\/types\/post"}],"author":[{"embeddable":true,"href":"https:\/\/eldiariodesanpedro.com.ar\/sitio\/wp-json\/wp\/v2\/users\/4"}],"replies":[{"embeddable":true,"href":"https:\/\/eldiariodesanpedro.com.ar\/sitio\/wp-json\/wp\/v2\/comments?post=49247"}],"version-history":[{"count":2,"href":"https:\/\/eldiariodesanpedro.com.ar\/sitio\/wp-json\/wp\/v2\/posts\/49247\/revisions"}],"predecessor-version":[{"id":49252,"href":"https:\/\/eldiariodesanpedro.com.ar\/sitio\/wp-json\/wp\/v2\/posts\/49247\/revisions\/49252"}],"wp:featuredmedia":[{"embeddable":true,"href":"https:\/\/eldiariodesanpedro.com.ar\/sitio\/wp-json\/wp\/v2\/media\/49249"}],"wp:attachment":[{"href":"https:\/\/eldiariodesanpedro.com.ar\/sitio\/wp-json\/wp\/v2\/media?parent=49247"}],"wp:term":[{"taxonomy":"category","embeddable":true,"href":"https:\/\/eldiariodesanpedro.com.ar\/sitio\/wp-json\/wp\/v2\/categories?post=49247"},{"taxonomy":"post_tag","embeddable":true,"href":"https:\/\/eldiariodesanpedro.com.ar\/sitio\/wp-json\/wp\/v2\/tags?post=49247"}],"curies":[{"name":"wp","href":"https:\/\/api.w.org\/{rel}","templated":true}]}}