{"id":49239,"date":"2019-03-20T08:43:17","date_gmt":"2019-03-20T11:43:17","guid":{"rendered":"https:\/\/eldiariodesanpedro.com.ar\/sitio\/?p=49239"},"modified":"2019-03-20T08:43:28","modified_gmt":"2019-03-20T11:43:28","slug":"remodelaciones-en-el-jardin-de-infantes-n5","status":"publish","type":"post","link":"https:\/\/eldiariodesanpedro.com.ar\/sitio\/remodelaciones-en-el-jardin-de-infantes-n5\/","title":{"rendered":"Remodelaciones en el Jard\u00edn de Infantes N\u00b05"},"content":{"rendered":"<!-- VideographyWP Plugin Message: Automatic video embedding prevented by plugin options. -->\n\n<p>Se realiz\u00f3 esta ma\u00f1ana la inauguraci\u00f3n de las obras de refacci\u00f3n que se llevaron a cabo en el Jard\u00edn de Infantes Municipal N\u00b0 5 \u201cLos Santos Quiros\u201d. Las tareas de remodelaci\u00f3n fueron en los ba\u00f1os, play\u00f3n y portones del establecimiento escolar ubicado en G\u00fcemes y Benefactoras Sampedrinas.\u00a0<\/p>\n\n\n\n<p>En el jard\u00edn hay una matr\u00edcula aproximada de 115 ni\u00f1os de entre 3 y 5 a\u00f1os de edad, distribuidos en dos secciones en el turno ma\u00f1ana y en el turno tarde.<\/p>\n\n\n\n<p>Estuvieron presentes, el Intendente Interino Juan Garavaglia, el Secretario de Coordinaci\u00f3n Ram\u00f3n Salazar, el Secretario de Obras P\u00fablicas Ariel \u00c1lvarez, la Secretaria de Desarrollo Humano Karina Chiarella, el Director de Obras, Planeamiento y Catastro Agust\u00edn Vaca y autoridades del Jard\u00edn.<\/p>\n\n\n\n<ul class=\"wp-block-gallery columns-3 is-cropped wp-block-gallery-1 is-layout-flex wp-block-gallery-is-layout-flex\"><li class=\"blocks-gallery-item\"><figure><img decoding=\"async\" width=\"4006\" height=\"2565\" data-attachment-id=\"49240\" data-permalink=\"https:\/\/eldiariodesanpedro.com.ar\/sitio\/remodelaciones-en-el-jardin-de-infantes-n5\/bi4a3702\/\" data-orig-file=\"https:\/\/eldiariodesanpedro.com.ar\/sitio\/wp-content\/uploads\/2019\/03\/BI4A3702.jpg\" data-orig-size=\"4006,2565\" data-comments-opened=\"1\" data-image-meta=\"{&quot;aperture&quot;:&quot;7.1&quot;,&quot;credit&quot;:&quot;&quot;,&quot;camera&quot;:&quot;Canon EOS 5D Mark III&quot;,&quot;caption&quot;:&quot;&quot;,&quot;created_timestamp&quot;:&quot;1560678279&quot;,&quot;copyright&quot;:&quot;&quot;,&quot;focal_length&quot;:&quot;24&quot;,&quot;iso&quot;:&quot;100&quot;,&quot;shutter_speed&quot;:&quot;0.01&quot;,&quot;title&quot;:&quot;&quot;,&quot;orientation&quot;:&quot;0&quot;}\" data-image-title=\"BI4A3702\" data-image-description=\"\" data-image-caption=\"\" data-large-file=\"https:\/\/eldiariodesanpedro.com.ar\/sitio\/wp-content\/uploads\/2019\/03\/BI4A3702-1024x656.jpg\" data-src=\"https:\/\/i0.wp.com\/eldiariodesanpedro.com.ar\/sitio\/wp-content\/uploads\/2019\/03\/BI4A3702.jpg?fit=660%2C423\" alt=\"\" data-id=\"49240\" data-link=\"https:\/\/eldiariodesanpedro.com.ar\/sitio\/?attachment_id=49240\" class=\"wp-image-49240 lazyload\" data-srcset=\"https:\/\/eldiariodesanpedro.com.ar\/sitio\/wp-content\/uploads\/2019\/03\/BI4A3702.jpg 4006w, https:\/\/eldiariodesanpedro.com.ar\/sitio\/wp-content\/uploads\/2019\/03\/BI4A3702-300x192.jpg 300w, https:\/\/eldiariodesanpedro.com.ar\/sitio\/wp-content\/uploads\/2019\/03\/BI4A3702-768x492.jpg 768w, https:\/\/eldiariodesanpedro.com.ar\/sitio\/wp-content\/uploads\/2019\/03\/BI4A3702-1024x656.jpg 1024w\" data-sizes=\"(max-width: 4006px) 100vw, 4006px\" src=\"data:image\/svg+xml;base64,PHN2ZyB3aWR0aD0iMSIgaGVpZ2h0PSIxIiB4bWxucz0iaHR0cDovL3d3dy53My5vcmcvMjAwMC9zdmciPjwvc3ZnPg==\" style=\"--smush-placeholder-width: 4006px; --smush-placeholder-aspect-ratio: 4006\/2565;\" \/><\/figure><\/li><li class=\"blocks-gallery-item\"><figure><img decoding=\"async\" width=\"5090\" height=\"3059\" data-attachment-id=\"49241\" data-permalink=\"https:\/\/eldiariodesanpedro.com.ar\/sitio\/remodelaciones-en-el-jardin-de-infantes-n5\/1-72\/\" data-orig-file=\"https:\/\/eldiariodesanpedro.com.ar\/sitio\/wp-content\/uploads\/2019\/03\/1-1.jpg\" data-orig-size=\"5090,3059\" data-comments-opened=\"1\" data-image-meta=\"{&quot;aperture&quot;:&quot;5.6&quot;,&quot;credit&quot;:&quot;&quot;,&quot;camera&quot;:&quot;Canon EOS 5D Mark III&quot;,&quot;caption&quot;:&quot;&quot;,&quot;created_timestamp&quot;:&quot;1560676928&quot;,&quot;copyright&quot;:&quot;&quot;,&quot;focal_length&quot;:&quot;24&quot;,&quot;iso&quot;:&quot;100&quot;,&quot;shutter_speed&quot;:&quot;0.016666666666667&quot;,&quot;title&quot;:&quot;&quot;,&quot;orientation&quot;:&quot;0&quot;}\" data-image-title=\"1\" data-image-description=\"\" data-image-caption=\"\" data-large-file=\"https:\/\/eldiariodesanpedro.com.ar\/sitio\/wp-content\/uploads\/2019\/03\/1-1-1024x615.jpg\" data-src=\"https:\/\/i1.wp.com\/eldiariodesanpedro.com.ar\/sitio\/wp-content\/uploads\/2019\/03\/1-1.jpg?fit=660%2C396\" alt=\"\" data-id=\"49241\" data-link=\"https:\/\/eldiariodesanpedro.com.ar\/sitio\/?attachment_id=49241\" class=\"wp-image-49241 lazyload\" data-srcset=\"https:\/\/eldiariodesanpedro.com.ar\/sitio\/wp-content\/uploads\/2019\/03\/1-1.jpg 5090w, https:\/\/eldiariodesanpedro.com.ar\/sitio\/wp-content\/uploads\/2019\/03\/1-1-300x180.jpg 300w, https:\/\/eldiariodesanpedro.com.ar\/sitio\/wp-content\/uploads\/2019\/03\/1-1-768x462.jpg 768w, https:\/\/eldiariodesanpedro.com.ar\/sitio\/wp-content\/uploads\/2019\/03\/1-1-1024x615.jpg 1024w\" data-sizes=\"(max-width: 5090px) 100vw, 5090px\" src=\"data:image\/svg+xml;base64,PHN2ZyB3aWR0aD0iMSIgaGVpZ2h0PSIxIiB4bWxucz0iaHR0cDovL3d3dy53My5vcmcvMjAwMC9zdmciPjwvc3ZnPg==\" style=\"--smush-placeholder-width: 5090px; --smush-placeholder-aspect-ratio: 5090\/3059;\" \/><\/figure><\/li><li class=\"blocks-gallery-item\"><figure><img decoding=\"async\" width=\"5760\" height=\"3840\" data-attachment-id=\"49242\" data-permalink=\"https:\/\/eldiariodesanpedro.com.ar\/sitio\/remodelaciones-en-el-jardin-de-infantes-n5\/4-25\/\" data-orig-file=\"https:\/\/eldiariodesanpedro.com.ar\/sitio\/wp-content\/uploads\/2019\/03\/4-1.jpg\" data-orig-size=\"5760,3840\" data-comments-opened=\"1\" data-image-meta=\"{&quot;aperture&quot;:&quot;4&quot;,&quot;credit&quot;:&quot;&quot;,&quot;camera&quot;:&quot;Canon EOS 5D Mark III&quot;,&quot;caption&quot;:&quot;&quot;,&quot;created_timestamp&quot;:&quot;1560677629&quot;,&quot;copyright&quot;:&quot;&quot;,&quot;focal_length&quot;:&quot;24&quot;,&quot;iso&quot;:&quot;1000&quot;,&quot;shutter_speed&quot;:&quot;0.025&quot;,&quot;title&quot;:&quot;&quot;,&quot;orientation&quot;:&quot;0&quot;}\" data-image-title=\"4\" data-image-description=\"\" data-image-caption=\"\" data-large-file=\"https:\/\/eldiariodesanpedro.com.ar\/sitio\/wp-content\/uploads\/2019\/03\/4-1-1024x683.jpg\" data-src=\"https:\/\/i0.wp.com\/eldiariodesanpedro.com.ar\/sitio\/wp-content\/uploads\/2019\/03\/4-1.jpg?fit=660%2C440\" alt=\"\" data-id=\"49242\" data-link=\"https:\/\/eldiariodesanpedro.com.ar\/sitio\/?attachment_id=49242\" class=\"wp-image-49242 lazyload\" data-srcset=\"https:\/\/eldiariodesanpedro.com.ar\/sitio\/wp-content\/uploads\/2019\/03\/4-1.jpg 5760w, https:\/\/eldiariodesanpedro.com.ar\/sitio\/wp-content\/uploads\/2019\/03\/4-1-300x200.jpg 300w, https:\/\/eldiariodesanpedro.com.ar\/sitio\/wp-content\/uploads\/2019\/03\/4-1-768x512.jpg 768w, https:\/\/eldiariodesanpedro.com.ar\/sitio\/wp-content\/uploads\/2019\/03\/4-1-1024x683.jpg 1024w\" data-sizes=\"(max-width: 5760px) 100vw, 5760px\" src=\"data:image\/svg+xml;base64,PHN2ZyB3aWR0aD0iMSIgaGVpZ2h0PSIxIiB4bWxucz0iaHR0cDovL3d3dy53My5vcmcvMjAwMC9zdmciPjwvc3ZnPg==\" style=\"--smush-placeholder-width: 5760px; --smush-placeholder-aspect-ratio: 5760\/3840;\" \/><\/figure><\/li><li class=\"blocks-gallery-item\"><figure><img decoding=\"async\" width=\"2914\" height=\"2257\" data-attachment-id=\"49243\" data-permalink=\"https:\/\/eldiariodesanpedro.com.ar\/sitio\/remodelaciones-en-el-jardin-de-infantes-n5\/bi4a3660\/\" data-orig-file=\"https:\/\/eldiariodesanpedro.com.ar\/sitio\/wp-content\/uploads\/2019\/03\/BI4A3660.jpg\" data-orig-size=\"2914,2257\" data-comments-opened=\"1\" data-image-meta=\"{&quot;aperture&quot;:&quot;5.6&quot;,&quot;credit&quot;:&quot;&quot;,&quot;camera&quot;:&quot;Canon EOS 5D Mark III&quot;,&quot;caption&quot;:&quot;&quot;,&quot;created_timestamp&quot;:&quot;1560676911&quot;,&quot;copyright&quot;:&quot;&quot;,&quot;focal_length&quot;:&quot;28&quot;,&quot;iso&quot;:&quot;100&quot;,&quot;shutter_speed&quot;:&quot;0.016666666666667&quot;,&quot;title&quot;:&quot;&quot;,&quot;orientation&quot;:&quot;0&quot;}\" data-image-title=\"BI4A3660\" data-image-description=\"\" data-image-caption=\"\" data-large-file=\"https:\/\/eldiariodesanpedro.com.ar\/sitio\/wp-content\/uploads\/2019\/03\/BI4A3660-1024x793.jpg\" data-src=\"https:\/\/i0.wp.com\/eldiariodesanpedro.com.ar\/sitio\/wp-content\/uploads\/2019\/03\/BI4A3660.jpg?fit=660%2C511\" alt=\"\" data-id=\"49243\" data-link=\"https:\/\/eldiariodesanpedro.com.ar\/sitio\/?attachment_id=49243\" class=\"wp-image-49243 lazyload\" data-srcset=\"https:\/\/eldiariodesanpedro.com.ar\/sitio\/wp-content\/uploads\/2019\/03\/BI4A3660.jpg 2914w, https:\/\/eldiariodesanpedro.com.ar\/sitio\/wp-content\/uploads\/2019\/03\/BI4A3660-300x232.jpg 300w, https:\/\/eldiariodesanpedro.com.ar\/sitio\/wp-content\/uploads\/2019\/03\/BI4A3660-768x595.jpg 768w, https:\/\/eldiariodesanpedro.com.ar\/sitio\/wp-content\/uploads\/2019\/03\/BI4A3660-1024x793.jpg 1024w\" data-sizes=\"(max-width: 2914px) 100vw, 2914px\" src=\"data:image\/svg+xml;base64,PHN2ZyB3aWR0aD0iMSIgaGVpZ2h0PSIxIiB4bWxucz0iaHR0cDovL3d3dy53My5vcmcvMjAwMC9zdmciPjwvc3ZnPg==\" style=\"--smush-placeholder-width: 2914px; --smush-placeholder-aspect-ratio: 2914\/2257;\" \/><\/figure><\/li><li class=\"blocks-gallery-item\"><figure><img decoding=\"async\" width=\"5142\" height=\"3561\" data-attachment-id=\"49244\" data-permalink=\"https:\/\/eldiariodesanpedro.com.ar\/sitio\/remodelaciones-en-el-jardin-de-infantes-n5\/bi4a3676\/\" data-orig-file=\"https:\/\/eldiariodesanpedro.com.ar\/sitio\/wp-content\/uploads\/2019\/03\/BI4A3676.jpg\" data-orig-size=\"5142,3561\" data-comments-opened=\"1\" data-image-meta=\"{&quot;aperture&quot;:&quot;4&quot;,&quot;credit&quot;:&quot;&quot;,&quot;camera&quot;:&quot;Canon EOS 5D Mark III&quot;,&quot;caption&quot;:&quot;&quot;,&quot;created_timestamp&quot;:&quot;1560677044&quot;,&quot;copyright&quot;:&quot;&quot;,&quot;focal_length&quot;:&quot;105&quot;,&quot;iso&quot;:&quot;125&quot;,&quot;shutter_speed&quot;:&quot;0.008&quot;,&quot;title&quot;:&quot;&quot;,&quot;orientation&quot;:&quot;0&quot;}\" data-image-title=\"BI4A3676\" data-image-description=\"\" data-image-caption=\"\" data-large-file=\"https:\/\/eldiariodesanpedro.com.ar\/sitio\/wp-content\/uploads\/2019\/03\/BI4A3676-1024x709.jpg\" data-src=\"https:\/\/i1.wp.com\/eldiariodesanpedro.com.ar\/sitio\/wp-content\/uploads\/2019\/03\/BI4A3676.jpg?fit=660%2C457\" alt=\"\" data-id=\"49244\" data-link=\"https:\/\/eldiariodesanpedro.com.ar\/sitio\/?attachment_id=49244\" class=\"wp-image-49244 lazyload\" data-srcset=\"https:\/\/eldiariodesanpedro.com.ar\/sitio\/wp-content\/uploads\/2019\/03\/BI4A3676.jpg 5142w, https:\/\/eldiariodesanpedro.com.ar\/sitio\/wp-content\/uploads\/2019\/03\/BI4A3676-300x208.jpg 300w, https:\/\/eldiariodesanpedro.com.ar\/sitio\/wp-content\/uploads\/2019\/03\/BI4A3676-768x532.jpg 768w, https:\/\/eldiariodesanpedro.com.ar\/sitio\/wp-content\/uploads\/2019\/03\/BI4A3676-1024x709.jpg 1024w, https:\/\/eldiariodesanpedro.com.ar\/sitio\/wp-content\/uploads\/2019\/03\/BI4A3676-392x272.jpg 392w, https:\/\/eldiariodesanpedro.com.ar\/sitio\/wp-content\/uploads\/2019\/03\/BI4A3676-130x90.jpg 130w\" data-sizes=\"(max-width: 5142px) 100vw, 5142px\" src=\"data:image\/svg+xml;base64,PHN2ZyB3aWR0aD0iMSIgaGVpZ2h0PSIxIiB4bWxucz0iaHR0cDovL3d3dy53My5vcmcvMjAwMC9zdmciPjwvc3ZnPg==\" style=\"--smush-placeholder-width: 5142px; --smush-placeholder-aspect-ratio: 5142\/3561;\" \/><\/figure><\/li><li class=\"blocks-gallery-item\"><figure><img decoding=\"async\" width=\"5461\" height=\"3314\" data-attachment-id=\"49245\" data-permalink=\"https:\/\/eldiariodesanpedro.com.ar\/sitio\/remodelaciones-en-el-jardin-de-infantes-n5\/bi4a3683\/\" data-orig-file=\"https:\/\/eldiariodesanpedro.com.ar\/sitio\/wp-content\/uploads\/2019\/03\/BI4A3683.jpg\" data-orig-size=\"5461,3314\" data-comments-opened=\"1\" data-image-meta=\"{&quot;aperture&quot;:&quot;4&quot;,&quot;credit&quot;:&quot;&quot;,&quot;camera&quot;:&quot;Canon EOS 5D Mark III&quot;,&quot;caption&quot;:&quot;&quot;,&quot;created_timestamp&quot;:&quot;1560677513&quot;,&quot;copyright&quot;:&quot;&quot;,&quot;focal_length&quot;:&quot;24&quot;,&quot;iso&quot;:&quot;640&quot;,&quot;shutter_speed&quot;:&quot;0.025&quot;,&quot;title&quot;:&quot;&quot;,&quot;orientation&quot;:&quot;0&quot;}\" data-image-title=\"BI4A3683\" data-image-description=\"\" data-image-caption=\"\" data-large-file=\"https:\/\/eldiariodesanpedro.com.ar\/sitio\/wp-content\/uploads\/2019\/03\/BI4A3683-1024x621.jpg\" data-src=\"https:\/\/i0.wp.com\/eldiariodesanpedro.com.ar\/sitio\/wp-content\/uploads\/2019\/03\/BI4A3683.jpg?fit=660%2C400\" alt=\"\" data-id=\"49245\" data-link=\"https:\/\/eldiariodesanpedro.com.ar\/sitio\/?attachment_id=49245\" class=\"wp-image-49245 lazyload\" data-srcset=\"https:\/\/eldiariodesanpedro.com.ar\/sitio\/wp-content\/uploads\/2019\/03\/BI4A3683.jpg 5461w, https:\/\/eldiariodesanpedro.com.ar\/sitio\/wp-content\/uploads\/2019\/03\/BI4A3683-300x182.jpg 300w, https:\/\/eldiariodesanpedro.com.ar\/sitio\/wp-content\/uploads\/2019\/03\/BI4A3683-768x466.jpg 768w, https:\/\/eldiariodesanpedro.com.ar\/sitio\/wp-content\/uploads\/2019\/03\/BI4A3683-1024x621.jpg 1024w\" data-sizes=\"(max-width: 5461px) 100vw, 5461px\" src=\"data:image\/svg+xml;base64,PHN2ZyB3aWR0aD0iMSIgaGVpZ2h0PSIxIiB4bWxucz0iaHR0cDovL3d3dy53My5vcmcvMjAwMC9zdmciPjwvc3ZnPg==\" style=\"--smush-placeholder-width: 5461px; --smush-placeholder-aspect-ratio: 5461\/3314;\" \/><\/figure><\/li><\/ul>\n\n\n\n<p><br><\/p>\n","protected":false},"excerpt":{"rendered":"<p>Se realiz\u00f3 esta ma\u00f1ana la inauguraci\u00f3n de las obras de refacci\u00f3n que se llevaron a cabo en el Jard\u00edn de Infantes Municipal N\u00b0 5 \u201cLos Santos Quiros\u201d. Las tareas de remodelaci\u00f3n fueron en los ba\u00f1os, play\u00f3n y portones del establecimiento escolar ubicado en G\u00fcemes y Benefactoras Sampedrinas.\u00a0 En el jard\u00edn hay una matr\u00edcula aproximada de [&hellip;]<\/p>\n","protected":false},"author":4,"featured_media":49245,"comment_status":"open","ping_status":"closed","sticky":false,"template":"","format":"standard","meta":{"om_disable_all_campaigns":false,"_jetpack_memberships_contains_paid_content":false,"footnotes":""},"categories":[50,101,2],"tags":[],"class_list":["post-49239","post","type-post","status-publish","format-standard","has-post-thumbnail","hentry","category-destacadas","category-interes-general-locales","category-locales"],"aioseo_notices":[],"gutentor_comment":0,"jetpack_featured_media_url":"https:\/\/eldiariodesanpedro.com.ar\/sitio\/wp-content\/uploads\/2019\/03\/BI4A3683.jpg","jetpack_shortlink":"https:\/\/wp.me\/p6RhLt-cOb","jetpack_sharing_enabled":true,"_links":{"self":[{"href":"https:\/\/eldiariodesanpedro.com.ar\/sitio\/wp-json\/wp\/v2\/posts\/49239","targetHints":{"allow":["GET"]}}],"collection":[{"href":"https:\/\/eldiariodesanpedro.com.ar\/sitio\/wp-json\/wp\/v2\/posts"}],"about":[{"href":"https:\/\/eldiariodesanpedro.com.ar\/sitio\/wp-json\/wp\/v2\/types\/post"}],"author":[{"embeddable":true,"href":"https:\/\/eldiariodesanpedro.com.ar\/sitio\/wp-json\/wp\/v2\/users\/4"}],"replies":[{"embeddable":true,"href":"https:\/\/eldiariodesanpedro.com.ar\/sitio\/wp-json\/wp\/v2\/comments?post=49239"}],"version-history":[{"count":1,"href":"https:\/\/eldiariodesanpedro.com.ar\/sitio\/wp-json\/wp\/v2\/posts\/49239\/revisions"}],"predecessor-version":[{"id":49246,"href":"https:\/\/eldiariodesanpedro.com.ar\/sitio\/wp-json\/wp\/v2\/posts\/49239\/revisions\/49246"}],"wp:featuredmedia":[{"embeddable":true,"href":"https:\/\/eldiariodesanpedro.com.ar\/sitio\/wp-json\/wp\/v2\/media\/49245"}],"wp:attachment":[{"href":"https:\/\/eldiariodesanpedro.com.ar\/sitio\/wp-json\/wp\/v2\/media?parent=49239"}],"wp:term":[{"taxonomy":"category","embeddable":true,"href":"https:\/\/eldiariodesanpedro.com.ar\/sitio\/wp-json\/wp\/v2\/categories?post=49239"},{"taxonomy":"post_tag","embeddable":true,"href":"https:\/\/eldiariodesanpedro.com.ar\/sitio\/wp-json\/wp\/v2\/tags?post=49239"}],"curies":[{"name":"wp","href":"https:\/\/api.w.org\/{rel}","templated":true}]}}