{"id":49227,"date":"2019-03-19T19:49:02","date_gmt":"2019-03-19T22:49:02","guid":{"rendered":"https:\/\/eldiariodesanpedro.com.ar\/sitio\/?p=49227"},"modified":"2019-03-19T19:49:14","modified_gmt":"2019-03-19T22:49:14","slug":"baradero-le-robaron-una-mochila-mientras-trabajaba","status":"publish","type":"post","link":"https:\/\/eldiariodesanpedro.com.ar\/sitio\/baradero-le-robaron-una-mochila-mientras-trabajaba\/","title":{"rendered":"BARADERO: Le robaron una mochila mientras trabajaba"},"content":{"rendered":"<!-- VideographyWP Plugin Message: Automatic video embedding prevented by plugin options. -->\n\n<p>Este domingo, denunci\u00f3 un empleado de la estaci\u00f3n de servicios YPF , que durante la ma\u00f1ana le sustrajeron de interior del cuarto de empleados, una mochila con documentaci\u00f3n personal.- Se investiga la participaci\u00f3n de un masculino que qued\u00f3 registrado en las c\u00e1maras del lugar. <\/p>\n\n\n\n<p>Fuente: Baradero Te Informa<\/p>\n","protected":false},"excerpt":{"rendered":"<p>Este domingo, denunci\u00f3 un empleado de la estaci\u00f3n de servicios YPF , que durante la ma\u00f1ana le sustrajeron de interior del cuarto de empleados, una mochila con documentaci\u00f3n personal.- Se investiga la participaci\u00f3n de un masculino que qued\u00f3 registrado en las c\u00e1maras del lugar. Fuente: Baradero Te Informa<\/p>\n","protected":false},"author":4,"featured_media":49228,"comment_status":"open","ping_status":"closed","sticky":false,"template":"","format":"standard","meta":{"om_disable_all_campaigns":false,"_jetpack_memberships_contains_paid_content":false,"footnotes":""},"categories":[621],"tags":[],"class_list":["post-49227","post","type-post","status-publish","format-standard","has-post-thumbnail","hentry","category-regionales"],"aioseo_notices":[],"gutentor_comment":0,"jetpack_featured_media_url":"https:\/\/eldiariodesanpedro.com.ar\/sitio\/wp-content\/uploads\/2019\/03\/ypf.jpg","jetpack_shortlink":"https:\/\/wp.me\/p6RhLt-cNZ","jetpack_sharing_enabled":true,"_links":{"self":[{"href":"https:\/\/eldiariodesanpedro.com.ar\/sitio\/wp-json\/wp\/v2\/posts\/49227","targetHints":{"allow":["GET"]}}],"collection":[{"href":"https:\/\/eldiariodesanpedro.com.ar\/sitio\/wp-json\/wp\/v2\/posts"}],"about":[{"href":"https:\/\/eldiariodesanpedro.com.ar\/sitio\/wp-json\/wp\/v2\/types\/post"}],"author":[{"embeddable":true,"href":"https:\/\/eldiariodesanpedro.com.ar\/sitio\/wp-json\/wp\/v2\/users\/4"}],"replies":[{"embeddable":true,"href":"https:\/\/eldiariodesanpedro.com.ar\/sitio\/wp-json\/wp\/v2\/comments?post=49227"}],"version-history":[{"count":1,"href":"https:\/\/eldiariodesanpedro.com.ar\/sitio\/wp-json\/wp\/v2\/posts\/49227\/revisions"}],"predecessor-version":[{"id":49229,"href":"https:\/\/eldiariodesanpedro.com.ar\/sitio\/wp-json\/wp\/v2\/posts\/49227\/revisions\/49229"}],"wp:featuredmedia":[{"embeddable":true,"href":"https:\/\/eldiariodesanpedro.com.ar\/sitio\/wp-json\/wp\/v2\/media\/49228"}],"wp:attachment":[{"href":"https:\/\/eldiariodesanpedro.com.ar\/sitio\/wp-json\/wp\/v2\/media?parent=49227"}],"wp:term":[{"taxonomy":"category","embeddable":true,"href":"https:\/\/eldiariodesanpedro.com.ar\/sitio\/wp-json\/wp\/v2\/categories?post=49227"},{"taxonomy":"post_tag","embeddable":true,"href":"https:\/\/eldiariodesanpedro.com.ar\/sitio\/wp-json\/wp\/v2\/tags?post=49227"}],"curies":[{"name":"wp","href":"https:\/\/api.w.org\/{rel}","templated":true}]}}