{"id":49224,"date":"2019-03-19T19:45:31","date_gmt":"2019-03-19T22:45:31","guid":{"rendered":"https:\/\/eldiariodesanpedro.com.ar\/sitio\/?p=49224"},"modified":"2019-03-19T19:45:41","modified_gmt":"2019-03-19T22:45:41","slug":"baradero-para-robar-una-camioneta-provocaron-un-accidente","status":"publish","type":"post","link":"https:\/\/eldiariodesanpedro.com.ar\/sitio\/baradero-para-robar-una-camioneta-provocaron-un-accidente\/","title":{"rendered":"BARADERO: Para robar una camioneta provocaron un accidente"},"content":{"rendered":"<!-- VideographyWP Plugin Message: Automatic video embedding prevented by plugin options. -->\n\n<p>Acerca de un robo agravado por el uso de armas de fuego en la ruta nacional N\u00b09, el Dr Heber Lischetti , Secretario de la Fiscal\u00eda N\u00b0 9 de nuestra ciudad coment\u00f3 lo sucedido:<\/p>\n\n\n\n<p><strong><em>\u201cLa denuncia la hace el damnificado que ven\u00eda por la mano que va desde Buenos Aires a Rosario, carril lento, en una camioneta Fiorino y desde un auto de color blanco, un sujeto del lado del acompa\u00f1ante le pide que detenga la marcha, \u00e9l acelera y ah\u00ed siente que este auto lo toca de atr\u00e1s, por lo que pierde el control, hace un trompo en la ruta y queda volcado por la mitad con el techo hacia Rosario y las ruedas hacia buenos Aires, del lado del carril central\u201d<\/em><\/strong><\/p>\n\n\n\n<p>El Dr. Lischetti continua describiendo lo que ocurri\u00f3 en el km 117, dentro de la jurisdicci\u00f3n de Baradero:&nbsp;<strong><em>\u201cEl denunciante manifiesta que una persona le empieza a golpear el vidrio y le pide que le de una mochila que llevaba mientras que otro sujeto le pegaba a la camioneta en la parte de atr\u00e1s, as\u00ed que \u00e9l le da su mochila con sus pertenencias y se van\u201d.<\/em><\/strong><\/p>\n\n\n\n<p>La victima, una vez que se retiraron los asaltantes, verific\u00f3 que hab\u00edan roto el vidrio de las puertas traseras y se hab\u00edan llevado unas cajas en las que llevaba 500.000 pesos de la recaudaci\u00f3n del peaje de Lima, que seg\u00fan \u00e9l manifest\u00f3 llevaba para el peaje de Lagos.<\/p>\n\n\n\n<p><strong><em>\u201cEsto ocurri\u00f3 cerca de las tres de la tarde, media hora despu\u00e9s de salir del peaje de Lima por eso es fundamental las c\u00e1maras del peaje y algunos empleados con sus testimonios.\u201d<\/em><\/strong>\u00a0aseguro el secretario de la fiscal\u00eda qui\u00e9n adem\u00e1s agreg\u00f3:\u00a0<em><strong>\u201chay testigos que vieron lo sucedido y que apartaron datos como que hab\u00eda m\u00e1s de un veh\u00edculo\u00a0involucrado y la utilizaci\u00f3n de armas de fuego\u201d.<\/strong><\/em><\/p>\n\n\n\n<p>Fuente: Baradero Te Informa<\/p>\n","protected":false},"excerpt":{"rendered":"<p>Acerca de un robo agravado por el uso de armas de fuego en la ruta nacional N\u00b09, el Dr Heber Lischetti , Secretario de la Fiscal\u00eda N\u00b0 9 de nuestra ciudad coment\u00f3 lo sucedido: \u201cLa denuncia la hace el damnificado que ven\u00eda por la mano que va desde Buenos Aires a Rosario, carril lento, en [&hellip;]<\/p>\n","protected":false},"author":4,"featured_media":49225,"comment_status":"open","ping_status":"closed","sticky":false,"template":"","format":"standard","meta":{"om_disable_all_campaigns":false,"_jetpack_memberships_contains_paid_content":false,"footnotes":""},"categories":[621],"tags":[],"class_list":["post-49224","post","type-post","status-publish","format-standard","has-post-thumbnail","hentry","category-regionales"],"aioseo_notices":[],"gutentor_comment":0,"jetpack_featured_media_url":"https:\/\/eldiariodesanpedro.com.ar\/sitio\/wp-content\/uploads\/2019\/03\/54233685_1314065155399099_5369016536579178496_n.jpg","jetpack_shortlink":"https:\/\/wp.me\/p6RhLt-cNW","jetpack_sharing_enabled":true,"_links":{"self":[{"href":"https:\/\/eldiariodesanpedro.com.ar\/sitio\/wp-json\/wp\/v2\/posts\/49224","targetHints":{"allow":["GET"]}}],"collection":[{"href":"https:\/\/eldiariodesanpedro.com.ar\/sitio\/wp-json\/wp\/v2\/posts"}],"about":[{"href":"https:\/\/eldiariodesanpedro.com.ar\/sitio\/wp-json\/wp\/v2\/types\/post"}],"author":[{"embeddable":true,"href":"https:\/\/eldiariodesanpedro.com.ar\/sitio\/wp-json\/wp\/v2\/users\/4"}],"replies":[{"embeddable":true,"href":"https:\/\/eldiariodesanpedro.com.ar\/sitio\/wp-json\/wp\/v2\/comments?post=49224"}],"version-history":[{"count":1,"href":"https:\/\/eldiariodesanpedro.com.ar\/sitio\/wp-json\/wp\/v2\/posts\/49224\/revisions"}],"predecessor-version":[{"id":49226,"href":"https:\/\/eldiariodesanpedro.com.ar\/sitio\/wp-json\/wp\/v2\/posts\/49224\/revisions\/49226"}],"wp:featuredmedia":[{"embeddable":true,"href":"https:\/\/eldiariodesanpedro.com.ar\/sitio\/wp-json\/wp\/v2\/media\/49225"}],"wp:attachment":[{"href":"https:\/\/eldiariodesanpedro.com.ar\/sitio\/wp-json\/wp\/v2\/media?parent=49224"}],"wp:term":[{"taxonomy":"category","embeddable":true,"href":"https:\/\/eldiariodesanpedro.com.ar\/sitio\/wp-json\/wp\/v2\/categories?post=49224"},{"taxonomy":"post_tag","embeddable":true,"href":"https:\/\/eldiariodesanpedro.com.ar\/sitio\/wp-json\/wp\/v2\/tags?post=49224"}],"curies":[{"name":"wp","href":"https:\/\/api.w.org\/{rel}","templated":true}]}}