{"id":49220,"date":"2019-03-19T19:01:07","date_gmt":"2019-03-19T22:01:07","guid":{"rendered":"https:\/\/eldiariodesanpedro.com.ar\/sitio\/?p=49220"},"modified":"2019-03-19T19:01:18","modified_gmt":"2019-03-19T22:01:18","slug":"provincia-capacitacion-a-municipios-sobre-el-nuevo-sistema-de-gestion-de-la-inocuidad-de-los-alimentos","status":"publish","type":"post","link":"https:\/\/eldiariodesanpedro.com.ar\/sitio\/provincia-capacitacion-a-municipios-sobre-el-nuevo-sistema-de-gestion-de-la-inocuidad-de-los-alimentos\/","title":{"rendered":"PROVINCIA: Capacitaci\u00f3n a municipios sobre el Nuevo Sistema de Gesti\u00f3n de la Inocuidad de los Alimentos"},"content":{"rendered":"<!-- VideographyWP Plugin Message: Automatic video embedding prevented by plugin options. -->\n\n<p>La Subsecretar\u00eda de Calidad Agroalimentaria del Ministerio de Agroindustria bonaerense desarroll\u00f3 en Bah\u00eda Blanca y Mar del Plata dos jornadas de capacitaci\u00f3n destinadas a municipios del sudoeste y del sudeste sobre el Nuevo Sistema de Gesti\u00f3n de la Inocuidad de los Alimentos en la provincia de Buenos Aires. Tambi\u00e9n se present\u00f3 la Unidad de Coordinaci\u00f3n de Alimentos (UCAL).<\/p>\n\n\n\n<p>Las disertaciones estuvieron a cargo del subsecretario Sergio Robert y del titular de UCAL, Sebasti\u00e1n Alconada, mientras que los distritos que se sumaron a estos encuentros son Bah\u00eda Blanca, Coronel Rosales, Pu\u00e1n, Villarino, Coronel Pringles, Guamin\u00ed, Coronel Dorrego, Adolfo Alsina, Saavedra, Monte Hermoso, General Pueyrred\u00f3n, General Alvarado-, Mar Chiquita, Tres Arroyos, La Costa, Villa Gesell, Necochea, General Madariaga, Rauch,&nbsp;Tapalqu\u00e9,&nbsp;Balcarce, Tandil, Maip\u00fa y General Guido.<\/p>\n\n\n\n<p>Adem\u00e1s, participaron representantes de la Universidad Nacional del Sur, de la Universidad Nacional de Mar del Plata y el INTI de Tandil y Mar del Plata.<\/p>\n\n\n\n<p>La&nbsp;UCAL&nbsp;permitir\u00e1 la simplificaci\u00f3n de tr\u00e1mites para habilitar las industrias de alimentos y digitilizar&nbsp;los procesos. Adem\u00e1s&nbsp;trabajar\u00e1 en la calidad, inocuidad y seguridad de los alimentos y as\u00ed, se reducir\u00e1n las enfermedades derivadas de productos no aptos.<\/p>\n\n\n\n<p>Cabe destacar que&nbsp;el sector alimenticio bonaerense representa el 80% de los productos elaborados en el pa\u00eds con m\u00e1s de 2.500 establecimientos radicados en su territorio.&nbsp;<\/p>\n\n\n\n<p>\u00abApuntamos a una mayor innovaci\u00f3n en los procesos, con ahorro de tiempo y m\u00e1s eficiencia\u00bb, asegur\u00f3 el Ministro Leonardo Sarqu\u00eds.<\/p>\n","protected":false},"excerpt":{"rendered":"<p>La Subsecretar\u00eda de Calidad Agroalimentaria del Ministerio de Agroindustria bonaerense desarroll\u00f3 en Bah\u00eda Blanca y Mar del Plata dos jornadas de capacitaci\u00f3n destinadas a municipios del sudoeste y del sudeste sobre el Nuevo Sistema de Gesti\u00f3n de la Inocuidad de los Alimentos en la provincia de Buenos Aires. Tambi\u00e9n se present\u00f3 la Unidad de Coordinaci\u00f3n [&hellip;]<\/p>\n","protected":false},"author":4,"featured_media":49221,"comment_status":"open","ping_status":"closed","sticky":false,"template":"","format":"standard","meta":{"om_disable_all_campaigns":false,"_jetpack_memberships_contains_paid_content":false,"footnotes":""},"categories":[621],"tags":[],"class_list":["post-49220","post","type-post","status-publish","format-standard","has-post-thumbnail","hentry","category-regionales"],"aioseo_notices":[],"gutentor_comment":0,"jetpack_featured_media_url":"https:\/\/eldiariodesanpedro.com.ar\/sitio\/wp-content\/uploads\/2019\/03\/19-03-19.jpg","jetpack_shortlink":"https:\/\/wp.me\/p6RhLt-cNS","jetpack_sharing_enabled":true,"_links":{"self":[{"href":"https:\/\/eldiariodesanpedro.com.ar\/sitio\/wp-json\/wp\/v2\/posts\/49220","targetHints":{"allow":["GET"]}}],"collection":[{"href":"https:\/\/eldiariodesanpedro.com.ar\/sitio\/wp-json\/wp\/v2\/posts"}],"about":[{"href":"https:\/\/eldiariodesanpedro.com.ar\/sitio\/wp-json\/wp\/v2\/types\/post"}],"author":[{"embeddable":true,"href":"https:\/\/eldiariodesanpedro.com.ar\/sitio\/wp-json\/wp\/v2\/users\/4"}],"replies":[{"embeddable":true,"href":"https:\/\/eldiariodesanpedro.com.ar\/sitio\/wp-json\/wp\/v2\/comments?post=49220"}],"version-history":[{"count":1,"href":"https:\/\/eldiariodesanpedro.com.ar\/sitio\/wp-json\/wp\/v2\/posts\/49220\/revisions"}],"predecessor-version":[{"id":49222,"href":"https:\/\/eldiariodesanpedro.com.ar\/sitio\/wp-json\/wp\/v2\/posts\/49220\/revisions\/49222"}],"wp:featuredmedia":[{"embeddable":true,"href":"https:\/\/eldiariodesanpedro.com.ar\/sitio\/wp-json\/wp\/v2\/media\/49221"}],"wp:attachment":[{"href":"https:\/\/eldiariodesanpedro.com.ar\/sitio\/wp-json\/wp\/v2\/media?parent=49220"}],"wp:term":[{"taxonomy":"category","embeddable":true,"href":"https:\/\/eldiariodesanpedro.com.ar\/sitio\/wp-json\/wp\/v2\/categories?post=49220"},{"taxonomy":"post_tag","embeddable":true,"href":"https:\/\/eldiariodesanpedro.com.ar\/sitio\/wp-json\/wp\/v2\/tags?post=49220"}],"curies":[{"name":"wp","href":"https:\/\/api.w.org\/{rel}","templated":true}]}}