{"id":49216,"date":"2019-03-19T18:19:18","date_gmt":"2019-03-19T21:19:18","guid":{"rendered":"https:\/\/eldiariodesanpedro.com.ar\/sitio\/?p=49216"},"modified":"2019-03-19T18:19:30","modified_gmt":"2019-03-19T21:19:30","slug":"informe-de-la-campana-de-cancer-colorrectal","status":"publish","type":"post","link":"https:\/\/eldiariodesanpedro.com.ar\/sitio\/informe-de-la-campana-de-cancer-colorrectal\/","title":{"rendered":"Informe de la Campa\u00f1a de C\u00e1ncer Colorrectal"},"content":{"rendered":"<!-- VideographyWP Plugin Message: Automatic video embedding prevented by plugin options. -->\n\n<p> Hasta el momento se remitieron m\u00e1s de 200 muestras para procesar en el laboratorio del Hospital San Pedro, las mismas presentan un porcentaje entre el 8 y 10% de positividad de sangre oculta en materia fecal (SOMF).\u00a0<br>A estos pacientes posteriormente se los seguir\u00e1 con estudios y tratamiento con un m\u00e9dico gastroenter\u00f3logo especializado.\u00a0<\/p>\n\n\n\n<p>Recordamos que la campa\u00f1a se extiende hasta el 29 de marzo en todos los Hospitales y Centros de Salud de la localidad y est\u00e1 destinada a personas de entre 50 y 75 a\u00f1os.<\/p>\n\n\n\n<p>Desde la Municipalidad de San Pedro se est\u00e1 haciendo hincapi\u00e9 en la prevenci\u00f3n de este tipo de patolog\u00edas y declara esta campa\u00f1a de inter\u00e9s municipal. <\/p>\n\n\n\n<figure class=\"wp-block-image\"><img decoding=\"async\" width=\"741\" height=\"1024\" data-attachment-id=\"49217\" data-permalink=\"https:\/\/eldiariodesanpedro.com.ar\/sitio\/informe-de-la-campana-de-cancer-colorrectal\/whatsapp-image-2019-03-04-at-14-06-32\/\" data-orig-file=\"https:\/\/eldiariodesanpedro.com.ar\/sitio\/wp-content\/uploads\/2019\/03\/WhatsApp-Image-2019-03-04-at-14.06.32.jpeg\" data-orig-size=\"848,1172\" data-comments-opened=\"1\" data-image-meta=\"{&quot;aperture&quot;:&quot;0&quot;,&quot;credit&quot;:&quot;Picasa&quot;,&quot;camera&quot;:&quot;&quot;,&quot;caption&quot;:&quot;&quot;,&quot;created_timestamp&quot;:&quot;1553030006&quot;,&quot;copyright&quot;:&quot;&quot;,&quot;focal_length&quot;:&quot;0&quot;,&quot;iso&quot;:&quot;0&quot;,&quot;shutter_speed&quot;:&quot;0&quot;,&quot;title&quot;:&quot;&quot;,&quot;orientation&quot;:&quot;0&quot;}\" data-image-title=\"WhatsApp Image 2019-03-04 at 14.06.32\" data-image-description=\"\" data-image-caption=\"\" data-large-file=\"https:\/\/eldiariodesanpedro.com.ar\/sitio\/wp-content\/uploads\/2019\/03\/WhatsApp-Image-2019-03-04-at-14.06.32-741x1024.jpeg\" data-src=\"https:\/\/eldiariodesanpedro.com.ar\/sitio\/wp-content\/uploads\/2019\/03\/WhatsApp-Image-2019-03-04-at-14.06.32-741x1024.jpeg\" alt=\"\" class=\"wp-image-49217 lazyload\" data-srcset=\"https:\/\/eldiariodesanpedro.com.ar\/sitio\/wp-content\/uploads\/2019\/03\/WhatsApp-Image-2019-03-04-at-14.06.32-741x1024.jpeg 741w, https:\/\/eldiariodesanpedro.com.ar\/sitio\/wp-content\/uploads\/2019\/03\/WhatsApp-Image-2019-03-04-at-14.06.32-217x300.jpeg 217w, https:\/\/eldiariodesanpedro.com.ar\/sitio\/wp-content\/uploads\/2019\/03\/WhatsApp-Image-2019-03-04-at-14.06.32-768x1061.jpeg 768w, https:\/\/eldiariodesanpedro.com.ar\/sitio\/wp-content\/uploads\/2019\/03\/WhatsApp-Image-2019-03-04-at-14.06.32.jpeg 848w\" data-sizes=\"(max-width: 741px) 100vw, 741px\" src=\"data:image\/svg+xml;base64,PHN2ZyB3aWR0aD0iMSIgaGVpZ2h0PSIxIiB4bWxucz0iaHR0cDovL3d3dy53My5vcmcvMjAwMC9zdmciPjwvc3ZnPg==\" style=\"--smush-placeholder-width: 741px; --smush-placeholder-aspect-ratio: 741\/1024;\" \/><\/figure>\n","protected":false},"excerpt":{"rendered":"<p>Hasta el momento se remitieron m\u00e1s de 200 muestras para procesar en el laboratorio del Hospital San Pedro, las mismas presentan un porcentaje entre el 8 y 10% de positividad de sangre oculta en materia fecal (SOMF).\u00a0A estos pacientes posteriormente se los seguir\u00e1 con estudios y tratamiento con un m\u00e9dico gastroenter\u00f3logo especializado.\u00a0 Recordamos que la [&hellip;]<\/p>\n","protected":false},"author":4,"featured_media":49218,"comment_status":"open","ping_status":"closed","sticky":false,"template":"","format":"standard","meta":{"om_disable_all_campaigns":false,"_jetpack_memberships_contains_paid_content":false,"footnotes":""},"categories":[101,2],"tags":[],"class_list":["post-49216","post","type-post","status-publish","format-standard","has-post-thumbnail","hentry","category-interes-general-locales","category-locales"],"aioseo_notices":[],"gutentor_comment":0,"jetpack_featured_media_url":"https:\/\/eldiariodesanpedro.com.ar\/sitio\/wp-content\/uploads\/2019\/03\/Principales-causas-del-c\u00e1ncer-de-colon.jpg","jetpack_shortlink":"https:\/\/wp.me\/p6RhLt-cNO","jetpack_sharing_enabled":true,"_links":{"self":[{"href":"https:\/\/eldiariodesanpedro.com.ar\/sitio\/wp-json\/wp\/v2\/posts\/49216","targetHints":{"allow":["GET"]}}],"collection":[{"href":"https:\/\/eldiariodesanpedro.com.ar\/sitio\/wp-json\/wp\/v2\/posts"}],"about":[{"href":"https:\/\/eldiariodesanpedro.com.ar\/sitio\/wp-json\/wp\/v2\/types\/post"}],"author":[{"embeddable":true,"href":"https:\/\/eldiariodesanpedro.com.ar\/sitio\/wp-json\/wp\/v2\/users\/4"}],"replies":[{"embeddable":true,"href":"https:\/\/eldiariodesanpedro.com.ar\/sitio\/wp-json\/wp\/v2\/comments?post=49216"}],"version-history":[{"count":1,"href":"https:\/\/eldiariodesanpedro.com.ar\/sitio\/wp-json\/wp\/v2\/posts\/49216\/revisions"}],"predecessor-version":[{"id":49219,"href":"https:\/\/eldiariodesanpedro.com.ar\/sitio\/wp-json\/wp\/v2\/posts\/49216\/revisions\/49219"}],"wp:featuredmedia":[{"embeddable":true,"href":"https:\/\/eldiariodesanpedro.com.ar\/sitio\/wp-json\/wp\/v2\/media\/49218"}],"wp:attachment":[{"href":"https:\/\/eldiariodesanpedro.com.ar\/sitio\/wp-json\/wp\/v2\/media?parent=49216"}],"wp:term":[{"taxonomy":"category","embeddable":true,"href":"https:\/\/eldiariodesanpedro.com.ar\/sitio\/wp-json\/wp\/v2\/categories?post=49216"},{"taxonomy":"post_tag","embeddable":true,"href":"https:\/\/eldiariodesanpedro.com.ar\/sitio\/wp-json\/wp\/v2\/tags?post=49216"}],"curies":[{"name":"wp","href":"https:\/\/api.w.org\/{rel}","templated":true}]}}