{"id":49211,"date":"2019-03-19T12:05:07","date_gmt":"2019-03-19T15:05:07","guid":{"rendered":"https:\/\/eldiariodesanpedro.com.ar\/sitio\/?p=49211"},"modified":"2019-03-19T19:51:34","modified_gmt":"2019-03-19T22:51:34","slug":"pedimos-disculpas-a-leandro-monsalvo-y-familia","status":"publish","type":"post","link":"https:\/\/eldiariodesanpedro.com.ar\/sitio\/pedimos-disculpas-a-leandro-monsalvo-y-familia\/","title":{"rendered":"Pedimos disculpas a Leandro Monsalvo y Familia"},"content":{"rendered":"<!-- VideographyWP Plugin Message: Automatic video embedding prevented by plugin options. -->\n\n<p>Desde el Diario de San Pedro pedimos disculpas a la familia de Leandro Monsalvo, por que desde nuestra redacci\u00f3n cometimos un error en la fotograf\u00eda del \u00fanico imputado del caso de violaci\u00f3n Federico Martinez. <\/p>\n\n\n\n<p>Aclaramos que esta fotograf\u00eda de monsalvo figura tambi\u00e9n en el perfil de Federico Mart\u00ednez, de ah\u00ed la confusi\u00f3n, lamentablemente todos podemos cometer errores.<\/p>\n\n\n\n<p>Pedimos disculpas por las molestias ocasionadas, y aclaramos que el \u00fanico acusado en Federico Mart\u00ednez de 19 a\u00f1os de edad.<\/p>\n\n\n\n<p>Leandro Monsalvo no tiene nada que ver con este tema de abuso ocurrido semanas pasadas<\/p>\n\n\n\n<figure class=\"wp-block-image is-resized\"><img decoding=\"async\" data-attachment-id=\"49212\" data-permalink=\"https:\/\/eldiariodesanpedro.com.ar\/sitio\/pedimos-disculpas-a-leandro-monsalvo-y-familia\/27749983_2048668815410752_1713687045918875760_n-2\/\" data-orig-file=\"https:\/\/eldiariodesanpedro.com.ar\/sitio\/wp-content\/uploads\/2019\/03\/27749983_2048668815410752_1713687045918875760_n-1.jpg\" data-orig-size=\"480,270\" data-comments-opened=\"1\" data-image-meta=\"{&quot;aperture&quot;:&quot;0&quot;,&quot;credit&quot;:&quot;Picasa&quot;,&quot;camera&quot;:&quot;&quot;,&quot;caption&quot;:&quot;&quot;,&quot;created_timestamp&quot;:&quot;1553002267&quot;,&quot;copyright&quot;:&quot;&quot;,&quot;focal_length&quot;:&quot;0&quot;,&quot;iso&quot;:&quot;0&quot;,&quot;shutter_speed&quot;:&quot;0&quot;,&quot;title&quot;:&quot;&quot;,&quot;orientation&quot;:&quot;0&quot;}\" data-image-title=\"27749983_2048668815410752_1713687045918875760_n\" data-image-description=\"\" data-image-caption=\"\" data-large-file=\"https:\/\/eldiariodesanpedro.com.ar\/sitio\/wp-content\/uploads\/2019\/03\/27749983_2048668815410752_1713687045918875760_n-1.jpg\" data-src=\"https:\/\/eldiariodesanpedro.com.ar\/sitio\/wp-content\/uploads\/2019\/03\/27749983_2048668815410752_1713687045918875760_n-1.jpg\" alt=\"\" class=\"wp-image-49212 lazyload\" width=\"576\" height=\"324\" data-srcset=\"https:\/\/eldiariodesanpedro.com.ar\/sitio\/wp-content\/uploads\/2019\/03\/27749983_2048668815410752_1713687045918875760_n-1.jpg 480w, https:\/\/eldiariodesanpedro.com.ar\/sitio\/wp-content\/uploads\/2019\/03\/27749983_2048668815410752_1713687045918875760_n-1-300x169.jpg 300w\" data-sizes=\"(max-width: 576px) 100vw, 576px\" src=\"data:image\/svg+xml;base64,PHN2ZyB3aWR0aD0iMSIgaGVpZ2h0PSIxIiB4bWxucz0iaHR0cDovL3d3dy53My5vcmcvMjAwMC9zdmciPjwvc3ZnPg==\" style=\"--smush-placeholder-width: 576px; --smush-placeholder-aspect-ratio: 576\/324;\" \/><\/figure>\n\n\n\n<p>El \u00fanico acusado es Federico Martinez<\/p>\n\n\n\n<figure class=\"wp-block-image is-resized\"><img decoding=\"async\" data-attachment-id=\"49213\" data-permalink=\"https:\/\/eldiariodesanpedro.com.ar\/sitio\/pedimos-disculpas-a-leandro-monsalvo-y-familia\/54369280_1094608087388386_3339108838077890560_n\/\" data-orig-file=\"https:\/\/eldiariodesanpedro.com.ar\/sitio\/wp-content\/uploads\/2019\/03\/54369280_1094608087388386_3339108838077890560_n.jpg\" data-orig-size=\"480,853\" data-comments-opened=\"1\" data-image-meta=\"{&quot;aperture&quot;:&quot;0&quot;,&quot;credit&quot;:&quot;&quot;,&quot;camera&quot;:&quot;&quot;,&quot;caption&quot;:&quot;&quot;,&quot;created_timestamp&quot;:&quot;0&quot;,&quot;copyright&quot;:&quot;&quot;,&quot;focal_length&quot;:&quot;0&quot;,&quot;iso&quot;:&quot;0&quot;,&quot;shutter_speed&quot;:&quot;0&quot;,&quot;title&quot;:&quot;&quot;,&quot;orientation&quot;:&quot;0&quot;}\" data-image-title=\"54369280_1094608087388386_3339108838077890560_n\" data-image-description=\"\" data-image-caption=\"\" data-large-file=\"https:\/\/eldiariodesanpedro.com.ar\/sitio\/wp-content\/uploads\/2019\/03\/54369280_1094608087388386_3339108838077890560_n.jpg\" data-src=\"https:\/\/eldiariodesanpedro.com.ar\/sitio\/wp-content\/uploads\/2019\/03\/54369280_1094608087388386_3339108838077890560_n.jpg\" alt=\"\" class=\"wp-image-49213 lazyload\" width=\"554\" height=\"984\" data-srcset=\"https:\/\/eldiariodesanpedro.com.ar\/sitio\/wp-content\/uploads\/2019\/03\/54369280_1094608087388386_3339108838077890560_n.jpg 480w, https:\/\/eldiariodesanpedro.com.ar\/sitio\/wp-content\/uploads\/2019\/03\/54369280_1094608087388386_3339108838077890560_n-169x300.jpg 169w\" data-sizes=\"(max-width: 554px) 100vw, 554px\" src=\"data:image\/svg+xml;base64,PHN2ZyB3aWR0aD0iMSIgaGVpZ2h0PSIxIiB4bWxucz0iaHR0cDovL3d3dy53My5vcmcvMjAwMC9zdmciPjwvc3ZnPg==\" style=\"--smush-placeholder-width: 554px; --smush-placeholder-aspect-ratio: 554\/984;\" \/><\/figure>\n","protected":false},"excerpt":{"rendered":"<p>Desde el Diario de San Pedro pedimos disculpas a la familia de Leandro Monsalvo, por que desde nuestra redacci\u00f3n cometimos un error en la fotograf\u00eda del \u00fanico imputado del caso de violaci\u00f3n Federico Martinez. Aclaramos que esta fotograf\u00eda de monsalvo figura tambi\u00e9n en el perfil de Federico Mart\u00ednez, de ah\u00ed la confusi\u00f3n, lamentablemente todos podemos [&hellip;]<\/p>\n","protected":false},"author":4,"featured_media":49212,"comment_status":"closed","ping_status":"closed","sticky":false,"template":"","format":"standard","meta":{"om_disable_all_campaigns":false,"_jetpack_memberships_contains_paid_content":false,"footnotes":""},"categories":[101,2],"tags":[],"class_list":["post-49211","post","type-post","status-publish","format-standard","has-post-thumbnail","hentry","category-interes-general-locales","category-locales"],"aioseo_notices":[],"gutentor_comment":0,"jetpack_featured_media_url":"https:\/\/eldiariodesanpedro.com.ar\/sitio\/wp-content\/uploads\/2019\/03\/27749983_2048668815410752_1713687045918875760_n-1.jpg","jetpack_shortlink":"https:\/\/wp.me\/p6RhLt-cNJ","jetpack_sharing_enabled":true,"_links":{"self":[{"href":"https:\/\/eldiariodesanpedro.com.ar\/sitio\/wp-json\/wp\/v2\/posts\/49211","targetHints":{"allow":["GET"]}}],"collection":[{"href":"https:\/\/eldiariodesanpedro.com.ar\/sitio\/wp-json\/wp\/v2\/posts"}],"about":[{"href":"https:\/\/eldiariodesanpedro.com.ar\/sitio\/wp-json\/wp\/v2\/types\/post"}],"author":[{"embeddable":true,"href":"https:\/\/eldiariodesanpedro.com.ar\/sitio\/wp-json\/wp\/v2\/users\/4"}],"replies":[{"embeddable":true,"href":"https:\/\/eldiariodesanpedro.com.ar\/sitio\/wp-json\/wp\/v2\/comments?post=49211"}],"version-history":[{"count":2,"href":"https:\/\/eldiariodesanpedro.com.ar\/sitio\/wp-json\/wp\/v2\/posts\/49211\/revisions"}],"predecessor-version":[{"id":49215,"href":"https:\/\/eldiariodesanpedro.com.ar\/sitio\/wp-json\/wp\/v2\/posts\/49211\/revisions\/49215"}],"wp:featuredmedia":[{"embeddable":true,"href":"https:\/\/eldiariodesanpedro.com.ar\/sitio\/wp-json\/wp\/v2\/media\/49212"}],"wp:attachment":[{"href":"https:\/\/eldiariodesanpedro.com.ar\/sitio\/wp-json\/wp\/v2\/media?parent=49211"}],"wp:term":[{"taxonomy":"category","embeddable":true,"href":"https:\/\/eldiariodesanpedro.com.ar\/sitio\/wp-json\/wp\/v2\/categories?post=49211"},{"taxonomy":"post_tag","embeddable":true,"href":"https:\/\/eldiariodesanpedro.com.ar\/sitio\/wp-json\/wp\/v2\/tags?post=49211"}],"curies":[{"name":"wp","href":"https:\/\/api.w.org\/{rel}","templated":true}]}}