{"id":49197,"date":"2019-03-19T10:34:41","date_gmt":"2019-03-19T13:34:41","guid":{"rendered":"https:\/\/eldiariodesanpedro.com.ar\/sitio\/?p=49197"},"modified":"2019-03-19T10:51:01","modified_gmt":"2019-03-19T13:51:01","slug":"abuso-sexual-tras-la-declaracion-de-la-victima-quedo-detenido-el-unico-imputado","status":"publish","type":"post","link":"https:\/\/eldiariodesanpedro.com.ar\/sitio\/abuso-sexual-tras-la-declaracion-de-la-victima-quedo-detenido-el-unico-imputado\/","title":{"rendered":"Abuso sexual: Tras la declaraci\u00f3n de la v\u00edctima qued\u00f3 detenido el \u00fanico imputado"},"content":{"rendered":"<!-- VideographyWP Plugin Message: Automatic video embedding prevented by plugin options. -->\n\n<p>Sobre el mediod\u00eda del lunes declar\u00f3 la mujer de 18 a\u00f1os que el s\u00e1bado fue abusada por un sujeto de 19 a\u00f1os. De inmediato el Juzgado de Garant\u00edas determin\u00f3 la detenci\u00f3n del acusado. &nbsp;<\/p>\n\n\n\n<p>Durante las primeras horas de la tarde del lunes termin\u00f3 de declarar la joven de 18 a\u00f1os que el s\u00e1bado por la ma\u00f1ana fue abusada sexualmente.<\/p>\n\n\n\n<p>Ante la fiscal Viviana Ramos la mujer ratific\u00f3 todo lo denunciado el d\u00eda del hecho y de inmediato se orden\u00f3 que el acusado quede detenido.<\/p>\n\n\n\n<p>El imputado fue identificado como Federico Mart\u00ednez, de 19 a\u00f1os, un joven con varios antecedentes por haber sido protagonista de distintos hechos pero no cuenta con antecedentes penales.<\/p>\n\n\n\n<p>El joven es el \u00fanico imputado en el hecho luego de que sea retenido por la propia v\u00edctima y algunos vecinos que se acercaron a solidarizarse cuando la v\u00edctima sali\u00f3 a pedir ayuda.<\/p>\n\n\n\n<p>El hecho aconteci\u00f3 el s\u00e1bado a la ma\u00f1ana cuando la mujer estaba durmiendo sola en su casa de Manuel Iglesias y Balcarce y fue sorprendida por Mart\u00ednez.<\/p>\n\n\n\n<p>All\u00ed el hombre aprovech\u00f3 la situaci\u00f3n y adem\u00e1s de abusar sexualmente de la joven, le rob\u00f3 algunas pertenencias, pero la v\u00edctima logr\u00f3 reaccionar, pudo defenderse y retener al delincuente en el interior de la casa mientras a los gritos ped\u00eda auxilio. Fue as\u00ed como pudieron retenerlo hasta la llegada de una patrulla policial que lo aprehendi\u00f3 y traslad\u00f3 hasta la Comisar\u00eda.<\/p>\n\n\n\n<p>Por otra parte la fiscal Ramos adelant\u00f3 que por ahora no citar\u00e1 al personal de la Comisar\u00eda de la Mujer que deb\u00eda atender a la v\u00edctima, ya que aparecieron algunos cuestionamientos sobre el accionar de las funcionarias y si fueron aplicados todos los protocolos existentes. Adem\u00e1s la v\u00edctima debi\u00f3 esperar 14 horas la llegada de un m\u00e9dico forense.&nbsp;<\/p>\n\n\n\n<figure class=\"wp-block-image\"><img decoding=\"async\" width=\"576\" height=\"960\" data-attachment-id=\"49198\" data-permalink=\"https:\/\/eldiariodesanpedro.com.ar\/sitio\/abuso-sexual-tras-la-declaracion-de-la-victima-quedo-detenido-el-unico-imputado\/39891518_290703881732179_6781447270949715968_n\/\" data-orig-file=\"https:\/\/eldiariodesanpedro.com.ar\/sitio\/wp-content\/uploads\/2019\/03\/39891518_290703881732179_6781447270949715968_n.jpg\" data-orig-size=\"576,960\" data-comments-opened=\"1\" data-image-meta=\"{&quot;aperture&quot;:&quot;0&quot;,&quot;credit&quot;:&quot;&quot;,&quot;camera&quot;:&quot;&quot;,&quot;caption&quot;:&quot;&quot;,&quot;created_timestamp&quot;:&quot;0&quot;,&quot;copyright&quot;:&quot;&quot;,&quot;focal_length&quot;:&quot;0&quot;,&quot;iso&quot;:&quot;0&quot;,&quot;shutter_speed&quot;:&quot;0&quot;,&quot;title&quot;:&quot;&quot;,&quot;orientation&quot;:&quot;0&quot;}\" data-image-title=\"39891518_290703881732179_6781447270949715968_n\" data-image-description=\"\" data-image-caption=\"\" data-large-file=\"https:\/\/eldiariodesanpedro.com.ar\/sitio\/wp-content\/uploads\/2019\/03\/39891518_290703881732179_6781447270949715968_n.jpg\" data-src=\"https:\/\/eldiariodesanpedro.com.ar\/sitio\/wp-content\/uploads\/2019\/03\/39891518_290703881732179_6781447270949715968_n.jpg\" alt=\"\" class=\"wp-image-49198 lazyload\" data-srcset=\"https:\/\/eldiariodesanpedro.com.ar\/sitio\/wp-content\/uploads\/2019\/03\/39891518_290703881732179_6781447270949715968_n.jpg 576w, https:\/\/eldiariodesanpedro.com.ar\/sitio\/wp-content\/uploads\/2019\/03\/39891518_290703881732179_6781447270949715968_n-180x300.jpg 180w\" data-sizes=\"(max-width: 576px) 100vw, 576px\" src=\"data:image\/svg+xml;base64,PHN2ZyB3aWR0aD0iMSIgaGVpZ2h0PSIxIiB4bWxucz0iaHR0cDovL3d3dy53My5vcmcvMjAwMC9zdmciPjwvc3ZnPg==\" style=\"--smush-placeholder-width: 576px; --smush-placeholder-aspect-ratio: 576\/960;\" \/><\/figure>\n\n\n\n<p>Fuente: San Pedro Informa<\/p>\n\n\n\n<p><br><\/p>\n","protected":false},"excerpt":{"rendered":"<p>Sobre el mediod\u00eda del lunes declar\u00f3 la mujer de 18 a\u00f1os que el s\u00e1bado fue abusada por un sujeto de 19 a\u00f1os. De inmediato el Juzgado de Garant\u00edas determin\u00f3 la detenci\u00f3n del acusado. &nbsp; Durante las primeras horas de la tarde del lunes termin\u00f3 de declarar la joven de 18 a\u00f1os que el s\u00e1bado por [&hellip;]<\/p>\n","protected":false},"author":4,"featured_media":49201,"comment_status":"open","ping_status":"closed","sticky":false,"template":"","format":"standard","meta":{"om_disable_all_campaigns":false,"_jetpack_memberships_contains_paid_content":false,"footnotes":""},"categories":[50,2,103],"tags":[],"class_list":["post-49197","post","type-post","status-publish","format-standard","has-post-thumbnail","hentry","category-destacadas","category-locales","category-policiales-locales"],"aioseo_notices":[],"gutentor_comment":1,"jetpack_featured_media_url":"https:\/\/eldiariodesanpedro.com.ar\/sitio\/wp-content\/uploads\/2019\/03\/000076099.jpg","jetpack_shortlink":"https:\/\/wp.me\/p6RhLt-cNv","jetpack_sharing_enabled":true,"_links":{"self":[{"href":"https:\/\/eldiariodesanpedro.com.ar\/sitio\/wp-json\/wp\/v2\/posts\/49197","targetHints":{"allow":["GET"]}}],"collection":[{"href":"https:\/\/eldiariodesanpedro.com.ar\/sitio\/wp-json\/wp\/v2\/posts"}],"about":[{"href":"https:\/\/eldiariodesanpedro.com.ar\/sitio\/wp-json\/wp\/v2\/types\/post"}],"author":[{"embeddable":true,"href":"https:\/\/eldiariodesanpedro.com.ar\/sitio\/wp-json\/wp\/v2\/users\/4"}],"replies":[{"embeddable":true,"href":"https:\/\/eldiariodesanpedro.com.ar\/sitio\/wp-json\/wp\/v2\/comments?post=49197"}],"version-history":[{"count":2,"href":"https:\/\/eldiariodesanpedro.com.ar\/sitio\/wp-json\/wp\/v2\/posts\/49197\/revisions"}],"predecessor-version":[{"id":49202,"href":"https:\/\/eldiariodesanpedro.com.ar\/sitio\/wp-json\/wp\/v2\/posts\/49197\/revisions\/49202"}],"wp:featuredmedia":[{"embeddable":true,"href":"https:\/\/eldiariodesanpedro.com.ar\/sitio\/wp-json\/wp\/v2\/media\/49201"}],"wp:attachment":[{"href":"https:\/\/eldiariodesanpedro.com.ar\/sitio\/wp-json\/wp\/v2\/media?parent=49197"}],"wp:term":[{"taxonomy":"category","embeddable":true,"href":"https:\/\/eldiariodesanpedro.com.ar\/sitio\/wp-json\/wp\/v2\/categories?post=49197"},{"taxonomy":"post_tag","embeddable":true,"href":"https:\/\/eldiariodesanpedro.com.ar\/sitio\/wp-json\/wp\/v2\/tags?post=49197"}],"curies":[{"name":"wp","href":"https:\/\/api.w.org\/{rel}","templated":true}]}}