{"id":49194,"date":"2019-03-19T10:30:22","date_gmt":"2019-03-19T13:30:22","guid":{"rendered":"https:\/\/eldiariodesanpedro.com.ar\/sitio\/?p=49194"},"modified":"2019-03-19T10:30:33","modified_gmt":"2019-03-19T13:30:33","slug":"gustavo-fortunato-es-el-nuevo-presidente-de-parana-fc","status":"publish","type":"post","link":"https:\/\/eldiariodesanpedro.com.ar\/sitio\/gustavo-fortunato-es-el-nuevo-presidente-de-parana-fc\/","title":{"rendered":"Gustavo Fortunato es el nuevo presidente de Paran\u00e1 FC"},"content":{"rendered":"<!-- VideographyWP Plugin Message: Automatic video embedding prevented by plugin options. -->\n\n<p>\n\nPr\u00e1cticamente se cri\u00f3 en el club y tras su paso como jugador y director t\u00e9cnico ahora fue elegido&nbsp;responsable m\u00e1ximo de la entidad \u00abAlbirroja\u00bb.&nbsp;&nbsp;&nbsp;\n\n<\/p>\n\n\n\n<p>Desde muy peque\u00f1o se lo ve\u00eda transitar por los salones del club, pas\u00f3 por el f\u00fatbol infantil, las inferiores y primera divisi\u00f3n. M\u00e1s tarde le lleg\u00f3 el turno de ser director t\u00e9cnico y campe\u00f3n, adem\u00e1s de acompa\u00f1ar a su pap\u00e1 Horacio cuando este lleg\u00f3 a ser presidente en la d\u00e9cada del &#8217;90.<\/p>\n\n\n\n<p>Ahora, en la Asamblea General Ordinaria desarrollada el viernes en la secretar\u00eda del club, los socios consagraron a Gustavo Fortunato como flamante presidente de Paran\u00e1 F\u00fatbol Club.&nbsp;&nbsp;<\/p>\n\n\n\n<p>Muy pocas veces dej\u00f3 el club para jugar o dirigir a otra instituci\u00f3n, pero siempre volvi\u00f3, y hoy inicia el desaf\u00edo de comandar los destinos de una de las instituciones m\u00e1s importantes de la ciudad.<\/p>\n\n\n\n<p>Fortunato reemplazar\u00e1 a Jorge Schallibaum, quien tras dos intensos a\u00f1os de gesti\u00f3n decidi\u00f3 dejar su lugar y dar paso a la renovaci\u00f3n parcial de la Comisi\u00f3n Directiva.<\/p>\n\n\n\n<p>A Gustavo Fortunato\u00a0lo acompa\u00f1an: Andr\u00e9s Chiarella (Secretario), Ignacio Alcorta (Tesorero), Sebasti\u00e1n Ducau, Loreta Gonz\u00e1lez y Oscar Loscuzzini\u00a0(Vocales titulares).\u00a0<\/p>\n\n\n\n<p>Fuente: San Pedro Informa<\/p>\n","protected":false},"excerpt":{"rendered":"<p>Pr\u00e1cticamente se cri\u00f3 en el club y tras su paso como jugador y director t\u00e9cnico ahora fue elegido&nbsp;responsable m\u00e1ximo de la entidad \u00abAlbirroja\u00bb.&nbsp;&nbsp;&nbsp; Desde muy peque\u00f1o se lo ve\u00eda transitar por los salones del club, pas\u00f3 por el f\u00fatbol infantil, las inferiores y primera divisi\u00f3n. M\u00e1s tarde le lleg\u00f3 el turno de ser director t\u00e9cnico [&hellip;]<\/p>\n","protected":false},"author":4,"featured_media":49195,"comment_status":"open","ping_status":"closed","sticky":false,"template":"","format":"standard","meta":{"om_disable_all_campaigns":false,"_jetpack_memberships_contains_paid_content":false,"footnotes":""},"categories":[101,2],"tags":[],"class_list":["post-49194","post","type-post","status-publish","format-standard","has-post-thumbnail","hentry","category-interes-general-locales","category-locales"],"aioseo_notices":[],"gutentor_comment":0,"jetpack_featured_media_url":"https:\/\/eldiariodesanpedro.com.ar\/sitio\/wp-content\/uploads\/2019\/03\/000076003.jpg","jetpack_shortlink":"https:\/\/wp.me\/p6RhLt-cNs","jetpack_sharing_enabled":true,"_links":{"self":[{"href":"https:\/\/eldiariodesanpedro.com.ar\/sitio\/wp-json\/wp\/v2\/posts\/49194","targetHints":{"allow":["GET"]}}],"collection":[{"href":"https:\/\/eldiariodesanpedro.com.ar\/sitio\/wp-json\/wp\/v2\/posts"}],"about":[{"href":"https:\/\/eldiariodesanpedro.com.ar\/sitio\/wp-json\/wp\/v2\/types\/post"}],"author":[{"embeddable":true,"href":"https:\/\/eldiariodesanpedro.com.ar\/sitio\/wp-json\/wp\/v2\/users\/4"}],"replies":[{"embeddable":true,"href":"https:\/\/eldiariodesanpedro.com.ar\/sitio\/wp-json\/wp\/v2\/comments?post=49194"}],"version-history":[{"count":1,"href":"https:\/\/eldiariodesanpedro.com.ar\/sitio\/wp-json\/wp\/v2\/posts\/49194\/revisions"}],"predecessor-version":[{"id":49196,"href":"https:\/\/eldiariodesanpedro.com.ar\/sitio\/wp-json\/wp\/v2\/posts\/49194\/revisions\/49196"}],"wp:featuredmedia":[{"embeddable":true,"href":"https:\/\/eldiariodesanpedro.com.ar\/sitio\/wp-json\/wp\/v2\/media\/49195"}],"wp:attachment":[{"href":"https:\/\/eldiariodesanpedro.com.ar\/sitio\/wp-json\/wp\/v2\/media?parent=49194"}],"wp:term":[{"taxonomy":"category","embeddable":true,"href":"https:\/\/eldiariodesanpedro.com.ar\/sitio\/wp-json\/wp\/v2\/categories?post=49194"},{"taxonomy":"post_tag","embeddable":true,"href":"https:\/\/eldiariodesanpedro.com.ar\/sitio\/wp-json\/wp\/v2\/tags?post=49194"}],"curies":[{"name":"wp","href":"https:\/\/api.w.org\/{rel}","templated":true}]}}