{"id":49190,"date":"2019-03-19T10:27:16","date_gmt":"2019-03-19T13:27:16","guid":{"rendered":"https:\/\/eldiariodesanpedro.com.ar\/sitio\/?p=49190"},"modified":"2019-03-19T10:27:27","modified_gmt":"2019-03-19T13:27:27","slug":"campana-la-gobernadora-y-el-intendente-inauguraron-un-jardin-de-infantes-modelo-en-los-pioneros","status":"publish","type":"post","link":"https:\/\/eldiariodesanpedro.com.ar\/sitio\/campana-la-gobernadora-y-el-intendente-inauguraron-un-jardin-de-infantes-modelo-en-los-pioneros\/","title":{"rendered":"CAMPANA: La gobernadora y el intendente inauguraron un jard\u00edn de infantes modelo en Los Pioneros"},"content":{"rendered":"<!-- VideographyWP Plugin Message: Automatic video embedding prevented by plugin options. -->\n\n<p>\n\nSe trata de una obra muy importante para las familias del barrio, ya que el jard\u00edn funcion\u00f3 durante muchos a\u00f1os en la sociedad de fomento. \u00abEs el jard\u00edn m\u00e1s lindo que vi en toda la Provincia\u00bb, asegur\u00f3 Vidal ante la comunidad educativa y destac\u00f3 el gran trabajo realizado por Abella para que el este moderno establecimiento hoy sea una realidad.<\/p>\n\n\n\n<p>La gobernadora bonaerense, Mar\u00eda Eugenia Vidal, y el intendente Sebasti\u00e1n Abella inauguraron hoy el nuevo jard\u00edn de infantes de Los Pioneros N\u00ba 922, un establecimiento \u00abmodelo\u00bb en la Provincia de Buenos Aires.<\/p>\n\n\n\n<p>Se trata de una obra muy importante para las familias del barrio, ya que el jard\u00edn funcion\u00f3 durante muchos a\u00f1os en la sociedad de fomento.&nbsp;<\/p>\n\n\n\n<p>La construcci\u00f3n de este moderno edificio est\u00e1 enmarcada en el plan nacional \u00abTres Mil Jardines\u00bb y cuenta con seis aulas destinadas para las salas de 3, 4 y 5 a\u00f1os equipadas con ba\u00f1os, mobiliario, juegos, aires acondicionados y todas las comodidades necesarias.<\/p>\n\n\n\n<p>Tras recorrer las flamantes instalaciones luego del corte de cintas y el descubrimiento de una placa, Vidal asegur\u00f3 a la comunidad educativa del establecimiento que es el jard\u00edn m\u00e1s lindo que vio \u00aben toda la provincia\u00bb y que les permitir\u00e1 a todos ni\u00f1os crecer con las mismas oportunidades desde la primera edad.<\/p>\n\n\n\n<p>Ante la comunidad educativa presente, la gobernadora hizo \u00e9nfasis en que \u00abeste jard\u00edn tambi\u00e9n es una pol\u00edtica de g\u00e9nero, ya que brinda igualdad de oportunidades a sus mam\u00e1s porque sabiendo que podr\u00e1n dejar a sus hijos en un lugar donde estar\u00e1n muy bien cuidados, podr\u00e1n salir a trabajar, estudiar u ocuparse de sus responsabilidades, dado que tener o no una vacante para los chicos mucha veces es lo que define su destino\u00bb.<\/p>\n\n\n\n<p>Durante sus palabras, Vidal destac\u00f3 el trabajo realizado por el intendente Abella que lo puso como prioridad ante el Ministerio de Educaci\u00f3n de la Naci\u00f3n y sostuvo adem\u00e1s que \u00ab\u00e9sta es la muestra de todo lo que se puede hacer cuando trabajamos en equipo desde los gobiernos nacional, provincial y municipal\u00bb.<\/p>\n\n\n\n<p>Tras agradecerle a la gobernadora por estar siempre presente, Abella se mostr\u00f3 orgulloso de inaugurar el nuevo jard\u00edn que es modelo en la provincia y destac\u00f3 que \u00abeso es gracias al Gobierno Nacional que atendi\u00f3 la necesidad de este barrio y llev\u00f3 adelante la construcci\u00f3n de este confortable edificio\u00bb.<\/p>\n\n\n\n<p>\u00abEste jard\u00edn que hoy es una realidad mejorar\u00e1 la calidad de aprendizaje y ense\u00f1anza para los alumnos como tambi\u00e9n el trabajo diario de los docentes\u00bb, sostuvo el jefe comunal quien asegur\u00f3 que a partir de ahora crecer\u00e1 la matr\u00edcula de inscriptos.<\/p>\n\n\n\n<p>A su turno, el senador nacional Esteban Bullrich dijo que \u00abpara nosotros inaugurar jardines de infantes es igualar oportunidades ya que a trav\u00e9s de las pruebas Aprender pudimos deducir que aquellos que asistieron al nivel inicial tienen mejores promedios que quienes no lo hicieron\u00bb.<\/p>\n\n\n\n<p>Del acto inaugural tambi\u00e9n participaron el director general de Cultura y Educaci\u00f3n bonaerense, Gabriel S\u00e1nchez Zinny; el subsecretario de Asuntos Municipales de la Provincia, Alex Campbel; la jefa de Gabinete del Municipio, Mariela Schvartz; la directora del establecimiento, Edith Dealascio; inspectoras, funcionarios municipales, concejales de Cambiemos y consejeros escolares. <\/p>\n\n\n\n<figure class=\"wp-block-image is-resized\"><img decoding=\"async\" data-attachment-id=\"49191\" data-permalink=\"https:\/\/eldiariodesanpedro.com.ar\/sitio\/campana-la-gobernadora-y-el-intendente-inauguraron-un-jardin-de-infantes-modelo-en-los-pioneros\/attachment\/20190318103511\/\" data-orig-file=\"https:\/\/eldiariodesanpedro.com.ar\/sitio\/wp-content\/uploads\/2019\/03\/20190318103511.jpg\" data-orig-size=\"470,313\" data-comments-opened=\"1\" data-image-meta=\"{&quot;aperture&quot;:&quot;4&quot;,&quot;credit&quot;:&quot;&quot;,&quot;camera&quot;:&quot;Canon EOS 6D&quot;,&quot;caption&quot;:&quot;&quot;,&quot;created_timestamp&quot;:&quot;1552914813&quot;,&quot;copyright&quot;:&quot;&quot;,&quot;focal_length&quot;:&quot;28&quot;,&quot;iso&quot;:&quot;1250&quot;,&quot;shutter_speed&quot;:&quot;0.003125&quot;,&quot;title&quot;:&quot;&quot;,&quot;orientation&quot;:&quot;0&quot;}\" data-image-title=\"20190318103511\" data-image-description=\"\" data-image-caption=\"\" data-large-file=\"https:\/\/eldiariodesanpedro.com.ar\/sitio\/wp-content\/uploads\/2019\/03\/20190318103511.jpg\" data-src=\"https:\/\/eldiariodesanpedro.com.ar\/sitio\/wp-content\/uploads\/2019\/03\/20190318103511.jpg\" alt=\"\" class=\"wp-image-49191 lazyload\" width=\"589\" height=\"392\" data-srcset=\"https:\/\/eldiariodesanpedro.com.ar\/sitio\/wp-content\/uploads\/2019\/03\/20190318103511.jpg 470w, https:\/\/eldiariodesanpedro.com.ar\/sitio\/wp-content\/uploads\/2019\/03\/20190318103511-300x200.jpg 300w\" data-sizes=\"(max-width: 589px) 100vw, 589px\" src=\"data:image\/svg+xml;base64,PHN2ZyB3aWR0aD0iMSIgaGVpZ2h0PSIxIiB4bWxucz0iaHR0cDovL3d3dy53My5vcmcvMjAwMC9zdmciPjwvc3ZnPg==\" style=\"--smush-placeholder-width: 589px; --smush-placeholder-aspect-ratio: 589\/392;\" \/><\/figure>\n","protected":false},"excerpt":{"rendered":"<p>Se trata de una obra muy importante para las familias del barrio, ya que el jard\u00edn funcion\u00f3 durante muchos a\u00f1os en la sociedad de fomento. \u00abEs el jard\u00edn m\u00e1s lindo que vi en toda la Provincia\u00bb, asegur\u00f3 Vidal ante la comunidad educativa y destac\u00f3 el gran trabajo realizado por Abella para que el este moderno [&hellip;]<\/p>\n","protected":false},"author":4,"featured_media":49192,"comment_status":"open","ping_status":"closed","sticky":false,"template":"","format":"standard","meta":{"om_disable_all_campaigns":false,"_jetpack_memberships_contains_paid_content":false,"footnotes":""},"categories":[621],"tags":[],"class_list":["post-49190","post","type-post","status-publish","format-standard","has-post-thumbnail","hentry","category-regionales"],"aioseo_notices":[],"gutentor_comment":0,"jetpack_featured_media_url":"https:\/\/eldiariodesanpedro.com.ar\/sitio\/wp-content\/uploads\/2019\/03\/20190318103436.jpg","jetpack_shortlink":"https:\/\/wp.me\/p6RhLt-cNo","jetpack_sharing_enabled":true,"_links":{"self":[{"href":"https:\/\/eldiariodesanpedro.com.ar\/sitio\/wp-json\/wp\/v2\/posts\/49190","targetHints":{"allow":["GET"]}}],"collection":[{"href":"https:\/\/eldiariodesanpedro.com.ar\/sitio\/wp-json\/wp\/v2\/posts"}],"about":[{"href":"https:\/\/eldiariodesanpedro.com.ar\/sitio\/wp-json\/wp\/v2\/types\/post"}],"author":[{"embeddable":true,"href":"https:\/\/eldiariodesanpedro.com.ar\/sitio\/wp-json\/wp\/v2\/users\/4"}],"replies":[{"embeddable":true,"href":"https:\/\/eldiariodesanpedro.com.ar\/sitio\/wp-json\/wp\/v2\/comments?post=49190"}],"version-history":[{"count":1,"href":"https:\/\/eldiariodesanpedro.com.ar\/sitio\/wp-json\/wp\/v2\/posts\/49190\/revisions"}],"predecessor-version":[{"id":49193,"href":"https:\/\/eldiariodesanpedro.com.ar\/sitio\/wp-json\/wp\/v2\/posts\/49190\/revisions\/49193"}],"wp:featuredmedia":[{"embeddable":true,"href":"https:\/\/eldiariodesanpedro.com.ar\/sitio\/wp-json\/wp\/v2\/media\/49192"}],"wp:attachment":[{"href":"https:\/\/eldiariodesanpedro.com.ar\/sitio\/wp-json\/wp\/v2\/media?parent=49190"}],"wp:term":[{"taxonomy":"category","embeddable":true,"href":"https:\/\/eldiariodesanpedro.com.ar\/sitio\/wp-json\/wp\/v2\/categories?post=49190"},{"taxonomy":"post_tag","embeddable":true,"href":"https:\/\/eldiariodesanpedro.com.ar\/sitio\/wp-json\/wp\/v2\/tags?post=49190"}],"curies":[{"name":"wp","href":"https:\/\/api.w.org\/{rel}","templated":true}]}}