{"id":49186,"date":"2019-03-19T10:25:01","date_gmt":"2019-03-19T13:25:01","guid":{"rendered":"https:\/\/eldiariodesanpedro.com.ar\/sitio\/?p=49186"},"modified":"2019-03-19T10:25:11","modified_gmt":"2019-03-19T13:25:11","slug":"zarate-la-policia-desalojo-a-familias-que-ocuparon-terrenos-en-lima","status":"publish","type":"post","link":"https:\/\/eldiariodesanpedro.com.ar\/sitio\/zarate-la-policia-desalojo-a-familias-que-ocuparon-terrenos-en-lima\/","title":{"rendered":"Z\u00c1RATE: La Polic\u00eda desaloj\u00f3 a familias que ocuparon terrenos en Lima"},"content":{"rendered":"<!-- VideographyWP Plugin Message: Automatic video embedding prevented by plugin options. -->\n\n<p>Este lunes la polic\u00eda desactiv\u00f3 una usurpaci\u00f3n en barrio Rinc\u00f3n del Encuentro, en la localidad de Lima, dando cumplimiento a la orden de desalojo dispuesta por el Juzgado de Garant\u00edas N\u00b0 2 de Z\u00e1rate \u2013 Campana.<\/p>\n\n\n\n<p>Seg\u00fan informaron fuentes policiales, la intervenci\u00f3n se desarroll\u00f3 con total normalidad y sin ning\u00fan tipo de conflicto m\u00e1s all\u00e1 de algunos insultos. El hecho tom\u00f3 trascendencia d\u00edas atr\u00e1s cuando una\u00a0<strong>publicaci\u00f3n del sitio Infobae<\/strong>\u00a0daba cuenta que 40 familias tomaron posesi\u00f3n de los terrenos, subdividi\u00e9ndolos con alambres, hilos y carteles con nombres y apellidos.<\/p>\n\n\n\n<p>Finalmente se restituy\u00f3 el predio y se dej\u00f3 personal de consigna en el lugar. Intervinieron Comisar\u00eda 1ra de Z\u00e1rate, Comisar\u00eda 2da de Lima, Comando Patrulla, Grupo GAD y Polic\u00eda Local.<\/p>\n\n\n\n<p>Fuente: Enlace Critico<\/p>\n\n\n\n<figure class=\"wp-block-image\"><img decoding=\"async\" width=\"658\" height=\"400\" data-attachment-id=\"49188\" data-permalink=\"https:\/\/eldiariodesanpedro.com.ar\/sitio\/zarate-la-policia-desalojo-a-familias-que-ocuparon-terrenos-en-lima\/usurpacion-6\/\" data-orig-file=\"https:\/\/eldiariodesanpedro.com.ar\/sitio\/wp-content\/uploads\/2019\/03\/Usurpacion-6.jpg\" data-orig-size=\"658,400\" data-comments-opened=\"1\" data-image-meta=\"{&quot;aperture&quot;:&quot;0&quot;,&quot;credit&quot;:&quot;&quot;,&quot;camera&quot;:&quot;&quot;,&quot;caption&quot;:&quot;&quot;,&quot;created_timestamp&quot;:&quot;0&quot;,&quot;copyright&quot;:&quot;&quot;,&quot;focal_length&quot;:&quot;0&quot;,&quot;iso&quot;:&quot;0&quot;,&quot;shutter_speed&quot;:&quot;0&quot;,&quot;title&quot;:&quot;&quot;,&quot;orientation&quot;:&quot;0&quot;}\" data-image-title=\"Usurpacion-6\" data-image-description=\"\" data-image-caption=\"\" data-large-file=\"https:\/\/eldiariodesanpedro.com.ar\/sitio\/wp-content\/uploads\/2019\/03\/Usurpacion-6.jpg\" data-src=\"https:\/\/eldiariodesanpedro.com.ar\/sitio\/wp-content\/uploads\/2019\/03\/Usurpacion-6.jpg\" alt=\"\" class=\"wp-image-49188 lazyload\" data-srcset=\"https:\/\/eldiariodesanpedro.com.ar\/sitio\/wp-content\/uploads\/2019\/03\/Usurpacion-6.jpg 658w, https:\/\/eldiariodesanpedro.com.ar\/sitio\/wp-content\/uploads\/2019\/03\/Usurpacion-6-300x182.jpg 300w\" data-sizes=\"(max-width: 658px) 100vw, 658px\" src=\"data:image\/svg+xml;base64,PHN2ZyB3aWR0aD0iMSIgaGVpZ2h0PSIxIiB4bWxucz0iaHR0cDovL3d3dy53My5vcmcvMjAwMC9zdmciPjwvc3ZnPg==\" style=\"--smush-placeholder-width: 658px; --smush-placeholder-aspect-ratio: 658\/400;\" \/><\/figure>\n","protected":false},"excerpt":{"rendered":"<p>Este lunes la polic\u00eda desactiv\u00f3 una usurpaci\u00f3n en barrio Rinc\u00f3n del Encuentro, en la localidad de Lima, dando cumplimiento a la orden de desalojo dispuesta por el Juzgado de Garant\u00edas N\u00b0 2 de Z\u00e1rate \u2013 Campana. Seg\u00fan informaron fuentes policiales, la intervenci\u00f3n se desarroll\u00f3 con total normalidad y sin ning\u00fan tipo de conflicto m\u00e1s all\u00e1 [&hellip;]<\/p>\n","protected":false},"author":4,"featured_media":49187,"comment_status":"open","ping_status":"closed","sticky":false,"template":"","format":"standard","meta":{"om_disable_all_campaigns":false,"_jetpack_memberships_contains_paid_content":false,"footnotes":""},"categories":[621],"tags":[],"class_list":["post-49186","post","type-post","status-publish","format-standard","has-post-thumbnail","hentry","category-regionales"],"aioseo_notices":[],"gutentor_comment":0,"jetpack_featured_media_url":"https:\/\/eldiariodesanpedro.com.ar\/sitio\/wp-content\/uploads\/2019\/03\/Usurpacion-2.jpg","jetpack_shortlink":"https:\/\/wp.me\/p6RhLt-cNk","jetpack_sharing_enabled":true,"_links":{"self":[{"href":"https:\/\/eldiariodesanpedro.com.ar\/sitio\/wp-json\/wp\/v2\/posts\/49186","targetHints":{"allow":["GET"]}}],"collection":[{"href":"https:\/\/eldiariodesanpedro.com.ar\/sitio\/wp-json\/wp\/v2\/posts"}],"about":[{"href":"https:\/\/eldiariodesanpedro.com.ar\/sitio\/wp-json\/wp\/v2\/types\/post"}],"author":[{"embeddable":true,"href":"https:\/\/eldiariodesanpedro.com.ar\/sitio\/wp-json\/wp\/v2\/users\/4"}],"replies":[{"embeddable":true,"href":"https:\/\/eldiariodesanpedro.com.ar\/sitio\/wp-json\/wp\/v2\/comments?post=49186"}],"version-history":[{"count":1,"href":"https:\/\/eldiariodesanpedro.com.ar\/sitio\/wp-json\/wp\/v2\/posts\/49186\/revisions"}],"predecessor-version":[{"id":49189,"href":"https:\/\/eldiariodesanpedro.com.ar\/sitio\/wp-json\/wp\/v2\/posts\/49186\/revisions\/49189"}],"wp:featuredmedia":[{"embeddable":true,"href":"https:\/\/eldiariodesanpedro.com.ar\/sitio\/wp-json\/wp\/v2\/media\/49187"}],"wp:attachment":[{"href":"https:\/\/eldiariodesanpedro.com.ar\/sitio\/wp-json\/wp\/v2\/media?parent=49186"}],"wp:term":[{"taxonomy":"category","embeddable":true,"href":"https:\/\/eldiariodesanpedro.com.ar\/sitio\/wp-json\/wp\/v2\/categories?post=49186"},{"taxonomy":"post_tag","embeddable":true,"href":"https:\/\/eldiariodesanpedro.com.ar\/sitio\/wp-json\/wp\/v2\/tags?post=49186"}],"curies":[{"name":"wp","href":"https:\/\/api.w.org\/{rel}","templated":true}]}}