{"id":49183,"date":"2019-03-19T10:21:58","date_gmt":"2019-03-19T13:21:58","guid":{"rendered":"https:\/\/eldiariodesanpedro.com.ar\/sitio\/?p=49183"},"modified":"2019-03-19T10:22:09","modified_gmt":"2019-03-19T13:22:09","slug":"zarate-toyota-e-ypf-fortalecen-su-alianza-estrategica","status":"publish","type":"post","link":"https:\/\/eldiariodesanpedro.com.ar\/sitio\/zarate-toyota-e-ypf-fortalecen-su-alianza-estrategica\/","title":{"rendered":"ZARATE: Toyota e YPF fortalecen su alianza estrat\u00e9gica"},"content":{"rendered":"<!-- VideographyWP Plugin Message: Automatic video embedding prevented by plugin options. -->\n\n<p> El presidente de YPF, Miguel Guti\u00e9rrez, y el presidente de Toyota Argentina, Daniel Herrero, firmaron un acuerdo marco en el cual se profundiza el trabajo en conjunto de ambas compa\u00f1\u00edas en materia de innovaci\u00f3n, tecnolog\u00eda, investigaci\u00f3n y movilidad. <\/p>\n\n\n\n<p>El primer antecedente de negocios entre ambas compa\u00f1\u00edas fue el acuerdo de provisi\u00f3n de energ\u00eda renovable por parte de YPF Luz, con una duraci\u00f3n de 10 a\u00f1os, el cual contempla una primera etapa en la que la planta de Toyota en Z\u00e1rate sustentar\u00e1 su producci\u00f3n con un 25% de energ\u00eda e\u00f3lica, y una segunda etapa a partir de 2020 en la que el 100% de sus necesidades energ\u00e9ticas provendr\u00e1 de fuentes renovables.<\/p>\n\n\n\n<p>El trabajo en conjunto entre ambas compa\u00f1\u00edas incluye el desarrollo de nuevos negocios y actividades que abarcan desde iniciativas pensadas para ofrecer soluciones de movilidad a trav\u00e9s de Toyota Mobility Services hasta la provisi\u00f3n de energ\u00edas limpias, beneficios para los clientes de las marcas, el trabajo con el sector agropecuario y el desarrollo de nuevas tecnolog\u00edas a trav\u00e9s de las \u00e1reas t\u00e9cnicas de las empresas.<\/p>\n\n\n\n<p><em>\u201cEste nuevo paso de la alianza estrat\u00e9gica con YPF representa el compromiso de Toyota de seguir trabajando en la mejora continua, a trav\u00e9s de diferentes acuerdos que se sostienen en la confianza mutua y en el largo plazo, y que a su vez nos permiten seguir ofreciendo productos y servicios cada vez mejores para nuestros clientes\u201d,<\/em>&nbsp;afirm\u00f3 Daniel Herrero, presidente de Toyota Argentina.<\/p>\n\n\n\n<p><em>\u201cAmbas compa\u00f1\u00edas entendimos que hay enormes oportunidades de sinergia para desarrollar productos y servicios que permitan mejorar la experiencia del cliente. No nos hemos puesto l\u00edmites en el marco de esta alianza estrat\u00e9gica entre dos marcas centrales del pa\u00eds que conf\u00edan en que juntas pueden potenciarse para contribuir al desarrollo de nuevos negocios\u201d,<\/em>&nbsp;afirm\u00f3 Miguel Guti\u00e9rrez, presidente de YPF.<\/p>\n\n\n\n<p>Durante el encuentro realizado en la sede de YPF en Puerto Madero, los presidentes de ambas compa\u00f1\u00edas firmaron un acuerdo para el abastecimiento y la recomendaci\u00f3n de los combustibles de YPF a la flota de veh\u00edculos 0km de Toyota. Adem\u00e1s, se present\u00f3 el equipo de competici\u00f3n de la marca japonesa en nuestro pa\u00eds, que se denominar\u00e1 TOYOTA GAZOO Racing YPF Infinia y compite en las categor\u00edas STC2000 y Top Race de automovilismo.<\/p>\n\n\n\n<p>Fuente: Zarate Alerta<\/p>\n","protected":false},"excerpt":{"rendered":"<p>El presidente de YPF, Miguel Guti\u00e9rrez, y el presidente de Toyota Argentina, Daniel Herrero, firmaron un acuerdo marco en el cual se profundiza el trabajo en conjunto de ambas compa\u00f1\u00edas en materia de innovaci\u00f3n, tecnolog\u00eda, investigaci\u00f3n y movilidad. El primer antecedente de negocios entre ambas compa\u00f1\u00edas fue el acuerdo de provisi\u00f3n de energ\u00eda renovable por [&hellip;]<\/p>\n","protected":false},"author":4,"featured_media":49184,"comment_status":"open","ping_status":"closed","sticky":false,"template":"","format":"standard","meta":{"om_disable_all_campaigns":false,"_jetpack_memberships_contains_paid_content":false,"footnotes":""},"categories":[621],"tags":[],"class_list":["post-49183","post","type-post","status-publish","format-standard","has-post-thumbnail","hentry","category-regionales"],"aioseo_notices":[],"gutentor_comment":0,"jetpack_featured_media_url":"https:\/\/eldiariodesanpedro.com.ar\/sitio\/wp-content\/uploads\/2019\/03\/IMG_20190318_165505.jpg","jetpack_shortlink":"https:\/\/wp.me\/p6RhLt-cNh","jetpack_sharing_enabled":true,"_links":{"self":[{"href":"https:\/\/eldiariodesanpedro.com.ar\/sitio\/wp-json\/wp\/v2\/posts\/49183","targetHints":{"allow":["GET"]}}],"collection":[{"href":"https:\/\/eldiariodesanpedro.com.ar\/sitio\/wp-json\/wp\/v2\/posts"}],"about":[{"href":"https:\/\/eldiariodesanpedro.com.ar\/sitio\/wp-json\/wp\/v2\/types\/post"}],"author":[{"embeddable":true,"href":"https:\/\/eldiariodesanpedro.com.ar\/sitio\/wp-json\/wp\/v2\/users\/4"}],"replies":[{"embeddable":true,"href":"https:\/\/eldiariodesanpedro.com.ar\/sitio\/wp-json\/wp\/v2\/comments?post=49183"}],"version-history":[{"count":1,"href":"https:\/\/eldiariodesanpedro.com.ar\/sitio\/wp-json\/wp\/v2\/posts\/49183\/revisions"}],"predecessor-version":[{"id":49185,"href":"https:\/\/eldiariodesanpedro.com.ar\/sitio\/wp-json\/wp\/v2\/posts\/49183\/revisions\/49185"}],"wp:featuredmedia":[{"embeddable":true,"href":"https:\/\/eldiariodesanpedro.com.ar\/sitio\/wp-json\/wp\/v2\/media\/49184"}],"wp:attachment":[{"href":"https:\/\/eldiariodesanpedro.com.ar\/sitio\/wp-json\/wp\/v2\/media?parent=49183"}],"wp:term":[{"taxonomy":"category","embeddable":true,"href":"https:\/\/eldiariodesanpedro.com.ar\/sitio\/wp-json\/wp\/v2\/categories?post=49183"},{"taxonomy":"post_tag","embeddable":true,"href":"https:\/\/eldiariodesanpedro.com.ar\/sitio\/wp-json\/wp\/v2\/tags?post=49183"}],"curies":[{"name":"wp","href":"https:\/\/api.w.org\/{rel}","templated":true}]}}