{"id":49180,"date":"2019-03-19T10:20:04","date_gmt":"2019-03-19T13:20:04","guid":{"rendered":"https:\/\/eldiariodesanpedro.com.ar\/sitio\/?p=49180"},"modified":"2019-03-19T10:20:14","modified_gmt":"2019-03-19T13:20:14","slug":"cementerio-de-fabricas-asi-quedo-el-cordon-quimico-de-zarate-y-campana","status":"publish","type":"post","link":"https:\/\/eldiariodesanpedro.com.ar\/sitio\/cementerio-de-fabricas-asi-quedo-el-cordon-quimico-de-zarate-y-campana\/","title":{"rendered":"Cementerio de f\u00e1bricas: as\u00ed qued\u00f3 el cord\u00f3n qu\u00edmico de Z\u00e1rate y Campana"},"content":{"rendered":"<!-- VideographyWP Plugin Message: Automatic video embedding prevented by plugin options. -->\n\n<p>Los trabajadores qu\u00edmicos despedidos en 2017 en Z\u00e1rate y Campana de las plantas de Lanxess y Quipro no consiguen empleo, debieron cambiar sus h\u00e1bitos de consumo y hasta sus familias sufrieron los devastadores efectos del desempleo. En la zona hubo 600 despidos en el sector qu\u00edmico en un \u00e1rea para el desarrollo de la zona norte de la provincia de Buenos Aires.<\/p>\n\n\n\n<p>\u201cLanxess cerr\u00f3, hace ya casi dos a\u00f1os que estoy desocupado, comi\u00e9ndome la indemnizaci\u00f3n que me dio la empresa\u201d, cuenta&nbsp;<strong>Pablo G\u00f3mez<\/strong>, quien era empleado de la f\u00e1brica de capitales alemanes que se encargaba de producir qu\u00edmicos en base al cromo para el tratamiento del cuero.<\/p>\n\n\n\n<p><strong>\u201cHe visto personas de 50 a\u00f1os llorando,<\/strong>&nbsp;porque no consiguen trabajo. Cuando nos juntamos con nuestros compa\u00f1eros preguntamos \u00b4\u00bfconseguiste algo?\u00b4 y la respuesta son todas caras largas. Algunos hacen changas, a otros los ayuda alg\u00fan pariente o se dedican a ser remiseros\u201d, explic\u00f3 Pablo.<\/p>\n\n\n\n<p>Adem\u00e1s de Lanxess y Quipro, en la zona qu\u00edmica cerr\u00f3 Atanor (70 despidos), Carboclor que ahora solo importa (105) y Quipro (5). Adem\u00e1s La Asociaci\u00f3n de Cooperativas Argentinas (ACA) despidi\u00f3 a 18 trabajadores este a\u00f1o.<\/p>\n\n\n\n<p><strong>\u201cYo no cobr\u00e9 la indemnizaci\u00f3n<\/strong>, esta planta qued\u00f3 como un fantasma. Se llevaron los camiones, s\u00f3lo dejaron los tanques de dep\u00f3sitos vac\u00edos y contaminantes. Antes cobraba m\u00e1s de 30 mil pesos por mes, hoy si llev\u00f3 a casa 10 es mucho. Esto me cambi\u00f3 la vida\u201d, afirm\u00f3 Santiago Lucero despedido de la empresa de<strong>&nbsp;Campana Quipro<\/strong>, que se dedicaba a la fabricaci\u00f3n de productos qu\u00edmicos para limpieza.<\/p>\n\n\n\n<p>\u201cEl 80 por ciento de los trabajadores despedidos no consigui\u00f3 trabajo\u201d, afirm\u00f3 Gomez, quien tambi\u00e9n explic\u00f3 que la zona comercial se vio afectada por el despido de los trabajadores que dejaron de consumir por la p\u00e9rdida de salarios. Debido al alto riesgo de vida, los empleados qu\u00edmicos tiene un salario superior a los 60 mil pesos que se traduc\u00eda en consumo en la zona.<\/p>\n\n\n\n<figure class=\"wp-block-image\"><img decoding=\"async\" data-src=\"https:\/\/www.eldestapeweb.com\/adjuntos\/177\/imagenes\/000\/617\/0000617137.jpg?0000-00-00-00-00-00\" alt=\"\" src=\"data:image\/svg+xml;base64,PHN2ZyB3aWR0aD0iMSIgaGVpZ2h0PSIxIiB4bWxucz0iaHR0cDovL3d3dy53My5vcmcvMjAwMC9zdmciPjwvc3ZnPg==\" class=\"lazyload\" \/><\/figure>\n\n\n\n<p>Un relevamiento que hizo&nbsp;<em><strong><a href=\"http:\/\/www.eldestapeweb.com\/el-destape-a1861\">El Destape<\/a><\/strong><\/em>&nbsp;mostr\u00f3 que adem\u00e1s de las plantas qu\u00edmicas, decenas de f\u00e1bricas cerraron por las importaciones y la ca\u00edda del consumo. Entre las m\u00e1s importantes figuran Bunge con 130 despidos, Honda con 700 suspensiones, Pampa Energ\u00eda que ech\u00f3 a 50 empleados, Quilmes con 100 desvinculaciones y Atucha III que dej\u00f3 sus sustento a 270 familias.<\/p>\n\n\n\n<figure class=\"wp-block-image\"><img decoding=\"async\" data-src=\"https:\/\/www.eldestapeweb.com\/adjuntos\/177\/imagenes\/000\/617\/0000617139.jpg?0000-00-00-00-00-00\" alt=\"\" src=\"data:image\/svg+xml;base64,PHN2ZyB3aWR0aD0iMSIgaGVpZ2h0PSIxIiB4bWxucz0iaHR0cDovL3d3dy53My5vcmcvMjAwMC9zdmciPjwvc3ZnPg==\" class=\"lazyload\" \/><\/figure>\n\n\n\n<p><em>El Destape<\/em><\/p>\n","protected":false},"excerpt":{"rendered":"<p>Los trabajadores qu\u00edmicos despedidos en 2017 en Z\u00e1rate y Campana de las plantas de Lanxess y Quipro no consiguen empleo, debieron cambiar sus h\u00e1bitos de consumo y hasta sus familias sufrieron los devastadores efectos del desempleo. En la zona hubo 600 despidos en el sector qu\u00edmico en un \u00e1rea para el desarrollo de la zona [&hellip;]<\/p>\n","protected":false},"author":4,"featured_media":49181,"comment_status":"open","ping_status":"closed","sticky":false,"template":"","format":"standard","meta":{"om_disable_all_campaigns":false,"_jetpack_memberships_contains_paid_content":false,"footnotes":""},"categories":[621],"tags":[],"class_list":["post-49180","post","type-post","status-publish","format-standard","has-post-thumbnail","hentry","category-regionales"],"aioseo_notices":[],"gutentor_comment":0,"jetpack_featured_media_url":"https:\/\/eldiariodesanpedro.com.ar\/sitio\/wp-content\/uploads\/2019\/03\/0000617127.jpg","jetpack_shortlink":"https:\/\/wp.me\/p6RhLt-cNe","jetpack_sharing_enabled":true,"_links":{"self":[{"href":"https:\/\/eldiariodesanpedro.com.ar\/sitio\/wp-json\/wp\/v2\/posts\/49180","targetHints":{"allow":["GET"]}}],"collection":[{"href":"https:\/\/eldiariodesanpedro.com.ar\/sitio\/wp-json\/wp\/v2\/posts"}],"about":[{"href":"https:\/\/eldiariodesanpedro.com.ar\/sitio\/wp-json\/wp\/v2\/types\/post"}],"author":[{"embeddable":true,"href":"https:\/\/eldiariodesanpedro.com.ar\/sitio\/wp-json\/wp\/v2\/users\/4"}],"replies":[{"embeddable":true,"href":"https:\/\/eldiariodesanpedro.com.ar\/sitio\/wp-json\/wp\/v2\/comments?post=49180"}],"version-history":[{"count":1,"href":"https:\/\/eldiariodesanpedro.com.ar\/sitio\/wp-json\/wp\/v2\/posts\/49180\/revisions"}],"predecessor-version":[{"id":49182,"href":"https:\/\/eldiariodesanpedro.com.ar\/sitio\/wp-json\/wp\/v2\/posts\/49180\/revisions\/49182"}],"wp:featuredmedia":[{"embeddable":true,"href":"https:\/\/eldiariodesanpedro.com.ar\/sitio\/wp-json\/wp\/v2\/media\/49181"}],"wp:attachment":[{"href":"https:\/\/eldiariodesanpedro.com.ar\/sitio\/wp-json\/wp\/v2\/media?parent=49180"}],"wp:term":[{"taxonomy":"category","embeddable":true,"href":"https:\/\/eldiariodesanpedro.com.ar\/sitio\/wp-json\/wp\/v2\/categories?post=49180"},{"taxonomy":"post_tag","embeddable":true,"href":"https:\/\/eldiariodesanpedro.com.ar\/sitio\/wp-json\/wp\/v2\/tags?post=49180"}],"curies":[{"name":"wp","href":"https:\/\/api.w.org\/{rel}","templated":true}]}}