{"id":49177,"date":"2019-03-19T10:17:49","date_gmt":"2019-03-19T13:17:49","guid":{"rendered":"https:\/\/eldiariodesanpedro.com.ar\/sitio\/?p=49177"},"modified":"2019-03-19T10:18:00","modified_gmt":"2019-03-19T13:18:00","slug":"campana-le-robaron-el-auto-y-mientras-hacia-la-denuncia-se-lo-prendieron-fuego","status":"publish","type":"post","link":"https:\/\/eldiariodesanpedro.com.ar\/sitio\/campana-le-robaron-el-auto-y-mientras-hacia-la-denuncia-se-lo-prendieron-fuego\/","title":{"rendered":"CAMPANA: Le robaron el auto, y mientras hac\u00eda la denuncia, se lo prendieron fuego"},"content":{"rendered":"<!-- VideographyWP Plugin Message: Automatic video embedding prevented by plugin options. -->\n\n<p>Ocurri\u00f3 en el barrio Villanueva. Mientras el due\u00f1o realizaba la denuncia en la Comisar\u00eda, su Fiat Punto apareci\u00f3 incendiado en un terreno bald\u00edo. Una dotaci\u00f3n de Bomberos sofoc\u00f3 las llamas.<\/p>\n\n\n\n<p>Un veh\u00edculo fue incendiado intencionalmente por delincuentes, tras robarlo poco antes. El auto fue hallado en un bald\u00edo de Castilla y Granaderos, en el barrio Villanueva.<br><\/p>\n\n\n\n<p>El Fiat Punto sufri\u00f3 da\u00f1os totales. Mientras en el lugar trabajaba para extinguir el siniestro el m\u00f3vil 36 de bomberos, a cargo del Sub Ayudante Del Monte, se hizo presente el hermano del propietario, aludiendo que el veh\u00edculo hab\u00eda sido robado minutos antes, y que su due\u00f1o se encontraba justamente en ese instante, realizando la denuncia policial. Los m\u00f3viles de las zonas 4 y 5 del CP se hicieron presentes.<br><\/p>\n\n\n\n<p>Fuente: Campana Noticias<\/p>\n","protected":false},"excerpt":{"rendered":"<p>Ocurri\u00f3 en el barrio Villanueva. Mientras el due\u00f1o realizaba la denuncia en la Comisar\u00eda, su Fiat Punto apareci\u00f3 incendiado en un terreno bald\u00edo. Una dotaci\u00f3n de Bomberos sofoc\u00f3 las llamas. Un veh\u00edculo fue incendiado intencionalmente por delincuentes, tras robarlo poco antes. El auto fue hallado en un bald\u00edo de Castilla y Granaderos, en el barrio [&hellip;]<\/p>\n","protected":false},"author":4,"featured_media":49178,"comment_status":"open","ping_status":"closed","sticky":false,"template":"","format":"standard","meta":{"om_disable_all_campaigns":false,"_jetpack_memberships_contains_paid_content":false,"footnotes":""},"categories":[621],"tags":[],"class_list":["post-49177","post","type-post","status-publish","format-standard","has-post-thumbnail","hentry","category-regionales"],"aioseo_notices":[],"gutentor_comment":0,"jetpack_featured_media_url":"https:\/\/eldiariodesanpedro.com.ar\/sitio\/wp-content\/uploads\/2019\/03\/InShot_20190318_205908495-768x432.jpg","jetpack_shortlink":"https:\/\/wp.me\/p6RhLt-cNb","jetpack_sharing_enabled":true,"_links":{"self":[{"href":"https:\/\/eldiariodesanpedro.com.ar\/sitio\/wp-json\/wp\/v2\/posts\/49177","targetHints":{"allow":["GET"]}}],"collection":[{"href":"https:\/\/eldiariodesanpedro.com.ar\/sitio\/wp-json\/wp\/v2\/posts"}],"about":[{"href":"https:\/\/eldiariodesanpedro.com.ar\/sitio\/wp-json\/wp\/v2\/types\/post"}],"author":[{"embeddable":true,"href":"https:\/\/eldiariodesanpedro.com.ar\/sitio\/wp-json\/wp\/v2\/users\/4"}],"replies":[{"embeddable":true,"href":"https:\/\/eldiariodesanpedro.com.ar\/sitio\/wp-json\/wp\/v2\/comments?post=49177"}],"version-history":[{"count":1,"href":"https:\/\/eldiariodesanpedro.com.ar\/sitio\/wp-json\/wp\/v2\/posts\/49177\/revisions"}],"predecessor-version":[{"id":49179,"href":"https:\/\/eldiariodesanpedro.com.ar\/sitio\/wp-json\/wp\/v2\/posts\/49177\/revisions\/49179"}],"wp:featuredmedia":[{"embeddable":true,"href":"https:\/\/eldiariodesanpedro.com.ar\/sitio\/wp-json\/wp\/v2\/media\/49178"}],"wp:attachment":[{"href":"https:\/\/eldiariodesanpedro.com.ar\/sitio\/wp-json\/wp\/v2\/media?parent=49177"}],"wp:term":[{"taxonomy":"category","embeddable":true,"href":"https:\/\/eldiariodesanpedro.com.ar\/sitio\/wp-json\/wp\/v2\/categories?post=49177"},{"taxonomy":"post_tag","embeddable":true,"href":"https:\/\/eldiariodesanpedro.com.ar\/sitio\/wp-json\/wp\/v2\/tags?post=49177"}],"curies":[{"name":"wp","href":"https:\/\/api.w.org\/{rel}","templated":true}]}}