{"id":49174,"date":"2019-03-19T10:15:01","date_gmt":"2019-03-19T13:15:01","guid":{"rendered":"https:\/\/eldiariodesanpedro.com.ar\/sitio\/?p=49174"},"modified":"2019-03-19T10:15:12","modified_gmt":"2019-03-19T13:15:12","slug":"san-nicolas-le-robo-elementos-para-la-construccion-a-su-ex-jefe","status":"publish","type":"post","link":"https:\/\/eldiariodesanpedro.com.ar\/sitio\/san-nicolas-le-robo-elementos-para-la-construccion-a-su-ex-jefe\/","title":{"rendered":"SAN NICOL\u00c1S: Le rob\u00f3 elementos para la construcci\u00f3n a su ex jefe"},"content":{"rendered":"<!-- VideographyWP Plugin Message: Automatic video embedding prevented by plugin options. -->\n\n<p>Un arquitecto denunci\u00f3 que le hab\u00edan robado de su obrador ubicado en calle Olleros, 40 cuerpos de andamio, puntales de ca\u00f1o y herramientas de mano. R\u00e1pidamente personal del gabinete criminol\u00f3gico de la Comisar\u00eda Tercera inici\u00f3 tareas de campo e investigaciones que derivaron en un allanamiento en una vivienda de barrio Las Mellizas.<\/p>\n\n\n\n<p>El procedimiento se concret\u00f3 en calle Moreno y Strauss donde reside un hombre de apellido Otazo. En el lugar se secuestraron 12 cuerpos de andamios, 22 puntales de ca\u00f1os y herramientas de manos.<\/p>\n\n\n\n<p>El acusado del hecho se fug\u00f3 del domicilio en el momento en el que se realizaba la diligencia policial. No obstante, el autor est\u00e1 identificado. Se trata de un hombre de origen paraguayo, que hab\u00eda sido empleado por un arquitecto de la ciudad autor de la denuncia.<\/p>\n\n\n\n<p>Los objetos incautados fueron restituidos a su due\u00f1o. Mientras tanto contin\u00faan las tareas para recuperar los elementos faltante. Se labraron actuaciones por hurto con intervenci\u00f3n de la UFI N\u00ba6.<\/p>\n\n\n\n<p>Fuente: Diario El Informante<\/p>\n","protected":false},"excerpt":{"rendered":"<p>Un arquitecto denunci\u00f3 que le hab\u00edan robado de su obrador ubicado en calle Olleros, 40 cuerpos de andamio, puntales de ca\u00f1o y herramientas de mano. R\u00e1pidamente personal del gabinete criminol\u00f3gico de la Comisar\u00eda Tercera inici\u00f3 tareas de campo e investigaciones que derivaron en un allanamiento en una vivienda de barrio Las Mellizas. El procedimiento se [&hellip;]<\/p>\n","protected":false},"author":4,"featured_media":49175,"comment_status":"open","ping_status":"closed","sticky":false,"template":"","format":"standard","meta":{"om_disable_all_campaigns":false,"_jetpack_memberships_contains_paid_content":false,"footnotes":""},"categories":[621],"tags":[],"class_list":["post-49174","post","type-post","status-publish","format-standard","has-post-thumbnail","hentry","category-regionales"],"aioseo_notices":[],"gutentor_comment":0,"jetpack_featured_media_url":"https:\/\/eldiariodesanpedro.com.ar\/sitio\/wp-content\/uploads\/2019\/03\/no_etpg95d74550v9gca_o.jpg","jetpack_shortlink":"https:\/\/wp.me\/p6RhLt-cN8","jetpack_sharing_enabled":true,"_links":{"self":[{"href":"https:\/\/eldiariodesanpedro.com.ar\/sitio\/wp-json\/wp\/v2\/posts\/49174","targetHints":{"allow":["GET"]}}],"collection":[{"href":"https:\/\/eldiariodesanpedro.com.ar\/sitio\/wp-json\/wp\/v2\/posts"}],"about":[{"href":"https:\/\/eldiariodesanpedro.com.ar\/sitio\/wp-json\/wp\/v2\/types\/post"}],"author":[{"embeddable":true,"href":"https:\/\/eldiariodesanpedro.com.ar\/sitio\/wp-json\/wp\/v2\/users\/4"}],"replies":[{"embeddable":true,"href":"https:\/\/eldiariodesanpedro.com.ar\/sitio\/wp-json\/wp\/v2\/comments?post=49174"}],"version-history":[{"count":1,"href":"https:\/\/eldiariodesanpedro.com.ar\/sitio\/wp-json\/wp\/v2\/posts\/49174\/revisions"}],"predecessor-version":[{"id":49176,"href":"https:\/\/eldiariodesanpedro.com.ar\/sitio\/wp-json\/wp\/v2\/posts\/49174\/revisions\/49176"}],"wp:featuredmedia":[{"embeddable":true,"href":"https:\/\/eldiariodesanpedro.com.ar\/sitio\/wp-json\/wp\/v2\/media\/49175"}],"wp:attachment":[{"href":"https:\/\/eldiariodesanpedro.com.ar\/sitio\/wp-json\/wp\/v2\/media?parent=49174"}],"wp:term":[{"taxonomy":"category","embeddable":true,"href":"https:\/\/eldiariodesanpedro.com.ar\/sitio\/wp-json\/wp\/v2\/categories?post=49174"},{"taxonomy":"post_tag","embeddable":true,"href":"https:\/\/eldiariodesanpedro.com.ar\/sitio\/wp-json\/wp\/v2\/tags?post=49174"}],"curies":[{"name":"wp","href":"https:\/\/api.w.org\/{rel}","templated":true}]}}