{"id":49171,"date":"2019-03-19T09:40:10","date_gmt":"2019-03-19T12:40:10","guid":{"rendered":"https:\/\/eldiariodesanpedro.com.ar\/sitio\/?p=49171"},"modified":"2019-03-19T09:40:17","modified_gmt":"2019-03-19T12:40:17","slug":"hoy-ate-realiza-una-medida-de-fuerza","status":"publish","type":"post","link":"https:\/\/eldiariodesanpedro.com.ar\/sitio\/hoy-ate-realiza-una-medida-de-fuerza\/","title":{"rendered":"Hoy: ATE realiza una medida de fuerza"},"content":{"rendered":"<!-- VideographyWP Plugin Message: Automatic video embedding prevented by plugin options. -->\n\n<p>La Asociaci\u00f3n de Trabajadores del Estado comunica que en defensa y reivindicaci\u00f3n de los derechos de los trabajadores provinciales, ha decidido convocar en el d\u00eda de hoy a realizar una medida de fuerza. La misma consistir\u00e1 en paro con movilizaci\u00f3n, abandono de tareas, asambleas, radios abiertas, etc. que se har\u00e1 efectiva en los estados Nacional, Provincial y Municipal.<\/p>\n\n\n\n<p>Las reivindicaciones de esta medida son las siguientes:<\/p>\n\n\n\n<ul class=\"wp-block-list\"><li>Reapertura de la paritaria salarial para la Ley 10.430<\/li><li>Acuerdos Paritarios Inclumplidos<\/li><li>Pase a planta para todos los trabajadores<\/li><li>Defensa de la soberan\u00eda nacional, la producci\u00f3n y el trabajo<\/li><li>Astillero R\u00edo Santiago 100% estatal.<\/li><li>Reincorporaci\u00f3n de los trabajadores y delegados gremiales del Estado Nacional, Provincial y Municipal<\/li><li>NO a la armonizaci\u00f3n del I.P.S.<\/li><li>NO al ajuste de las prestaciones del I.O.M.A., en defensa de la obra social<\/li><li>Exigimos mejoras en las condiciones y medio ambiente de trabajo, en cumplimiento de la Ley 14.226.<\/li><li>Plan de Obra e infraestructura escolar hospitalaria.<\/li><\/ul>\n","protected":false},"excerpt":{"rendered":"<p>La Asociaci\u00f3n de Trabajadores del Estado comunica que en defensa y reivindicaci\u00f3n de los derechos de los trabajadores provinciales, ha decidido convocar en el d\u00eda de hoy a realizar una medida de fuerza. La misma consistir\u00e1 en paro con movilizaci\u00f3n, abandono de tareas, asambleas, radios abiertas, etc. que se har\u00e1 efectiva en los estados Nacional, [&hellip;]<\/p>\n","protected":false},"author":4,"featured_media":29223,"comment_status":"open","ping_status":"closed","sticky":false,"template":"","format":"standard","meta":{"om_disable_all_campaigns":false,"_jetpack_memberships_contains_paid_content":false,"footnotes":""},"categories":[101,2],"tags":[],"class_list":["post-49171","post","type-post","status-publish","format-standard","has-post-thumbnail","hentry","category-interes-general-locales","category-locales"],"aioseo_notices":[],"gutentor_comment":0,"jetpack_featured_media_url":"https:\/\/eldiariodesanpedro.com.ar\/sitio\/wp-content\/uploads\/2018\/02\/ate.jpg","jetpack_shortlink":"https:\/\/wp.me\/p6RhLt-cN5","jetpack_sharing_enabled":true,"_links":{"self":[{"href":"https:\/\/eldiariodesanpedro.com.ar\/sitio\/wp-json\/wp\/v2\/posts\/49171","targetHints":{"allow":["GET"]}}],"collection":[{"href":"https:\/\/eldiariodesanpedro.com.ar\/sitio\/wp-json\/wp\/v2\/posts"}],"about":[{"href":"https:\/\/eldiariodesanpedro.com.ar\/sitio\/wp-json\/wp\/v2\/types\/post"}],"author":[{"embeddable":true,"href":"https:\/\/eldiariodesanpedro.com.ar\/sitio\/wp-json\/wp\/v2\/users\/4"}],"replies":[{"embeddable":true,"href":"https:\/\/eldiariodesanpedro.com.ar\/sitio\/wp-json\/wp\/v2\/comments?post=49171"}],"version-history":[{"count":1,"href":"https:\/\/eldiariodesanpedro.com.ar\/sitio\/wp-json\/wp\/v2\/posts\/49171\/revisions"}],"predecessor-version":[{"id":49172,"href":"https:\/\/eldiariodesanpedro.com.ar\/sitio\/wp-json\/wp\/v2\/posts\/49171\/revisions\/49172"}],"wp:featuredmedia":[{"embeddable":true,"href":"https:\/\/eldiariodesanpedro.com.ar\/sitio\/wp-json\/wp\/v2\/media\/29223"}],"wp:attachment":[{"href":"https:\/\/eldiariodesanpedro.com.ar\/sitio\/wp-json\/wp\/v2\/media?parent=49171"}],"wp:term":[{"taxonomy":"category","embeddable":true,"href":"https:\/\/eldiariodesanpedro.com.ar\/sitio\/wp-json\/wp\/v2\/categories?post=49171"},{"taxonomy":"post_tag","embeddable":true,"href":"https:\/\/eldiariodesanpedro.com.ar\/sitio\/wp-json\/wp\/v2\/tags?post=49171"}],"curies":[{"name":"wp","href":"https:\/\/api.w.org\/{rel}","templated":true}]}}