{"id":49158,"date":"2019-03-19T09:24:15","date_gmt":"2019-03-19T12:24:15","guid":{"rendered":"https:\/\/eldiariodesanpedro.com.ar\/sitio\/?p=49158"},"modified":"2019-03-19T09:24:24","modified_gmt":"2019-03-19T12:24:24","slug":"escrache-a-desarrollo-humano-por-las-demoras-en-la-atencion-a-joven-violada","status":"publish","type":"post","link":"https:\/\/eldiariodesanpedro.com.ar\/sitio\/escrache-a-desarrollo-humano-por-las-demoras-en-la-atencion-a-joven-violada\/","title":{"rendered":"Escrache a Desarrollo Humano por las demoras en la atenci\u00f3n a joven violada"},"content":{"rendered":"<!-- VideographyWP Plugin Message: Automatic video embedding prevented by plugin options. -->\n\n<p>Con el relato de la propia victima a los medios presentes, este lunes la agrupaci\u00f3n feminista Libres de Miedo realizo un escrache en las puertas del \u00e1rea de Karina Charella y en la Secretaria de Salud. La joven estuvo 14 horas esperando ser atendida por una ginec\u00f3loga sin que le hayan aplicado  anteriormente los protocolos m\u00e9dicos preventivos.<\/p>\n\n\n\n<p> La joven de 18 a\u00f1os que fue violada en su vivienda el s\u00e1bado por la ma\u00f1ana y debi\u00f3 esperar m\u00e1s de 14 horas por atenci\u00f3n m\u00e9dica forense, acompa\u00f1\u00f3 la protesta\u00a0tapando su rostro con un pa\u00f1uelo, anteojos y con una campera larga con capucha.<\/p>\n\n\n\n<p>As\u00ed y de espaldas se animo a dar su testimonio \u00abpara que no le pase a ninguna piba mas\u00bb, entre lagrimas y con el abrazo de una de las compa\u00f1eras de la agrupacion Libres de Miedo dijo \u00abyo fui v\u00edctima de un abuso sexual en mi propia casa. Por fortuna tuve a mis vecinos que me ayudaron. Quiero que se haga Justicia porque esto no se le hace a nadie\u00bb<\/p>\n\n\n\n<p>\u00abEl tiempo que estuvimos esperando, no se hace. Esto pas\u00f3 m\u00e1s o menos a las 9 que fue cuando ingres\u00f3 el agresor. En el \u00fanico momento que pude llegar a mi casa fue a las 11 y media de la noche. Tranquilamente pude tener algo much\u00edsimo m\u00e1s grave y pudo haberme costado bastante. Exijo que haya m\u00e1s recursos y que esto no le pase a nadie m\u00e1s\u00bb. <\/p>\n\n\n\n<p>Luego de las palabras de la victima, la periodista Nadia Quiroga, integrante ademas de la agrupaci\u00f3n  remarc\u00f3 la revictimizaci\u00f3n a la que fue sometida por parte de los organismos del Estado que no cumplieron con los protocolos vigentes para asegurar su contenci\u00f3n m\u00e9dica y psicol\u00f3gica \u00abinvitamos a la secretaria de desarrollo humano, Karina Charella y no vino, la invitamos a que diera explicaciones, en realidad respuestas a cada una de las victimas de situaciones de violencia que sistem\u00e1ticamente abandona el Estado, hace tiempo venimos militando con mis compa\u00f1eras, desde el 2015 que se encuentra la comisaria de la mujer y desde entonces estamos pidiendo que halla mas recursos, mas personal, exigimos que halla m\u00f3viles,  exigimos un equipo interdiciplinario que pueda dar atenci\u00f3n y contenci\u00f3n a las victimas como corresponde y en los tiempos que corresponde\u00bb<\/p>\n\n\n\n<p>\u00abEl sabado no hubo ninguna psic\u00f3loga ni trabajadora social, ni aca ni en la comisaria ni en el hospital, el domingo tampoco, la respuesta que tuvo la victima cuando pregunto en el hospital por un profesional le dijeron que tenia que sacar un turno, existe un protocolo que esta siendo ignorado por las autoridades locales\u00bb<\/p>\n\n\n\n<ul class=\"wp-block-gallery columns-3 is-cropped wp-block-gallery-1 is-layout-flex wp-block-gallery-is-layout-flex\"><li class=\"blocks-gallery-item\"><figure><img decoding=\"async\" width=\"1280\" height=\"864\" data-attachment-id=\"49159\" data-permalink=\"https:\/\/eldiariodesanpedro.com.ar\/sitio\/escrache-a-desarrollo-humano-por-las-demoras-en-la-atencion-a-joven-violada\/whatsapp-image-2019-03-19-at-9-16-01-am\/\" data-orig-file=\"https:\/\/eldiariodesanpedro.com.ar\/sitio\/wp-content\/uploads\/2019\/03\/WhatsApp-Image-2019-03-19-at-9.16.01-AM.jpeg\" data-orig-size=\"1280,864\" data-comments-opened=\"1\" data-image-meta=\"{&quot;aperture&quot;:&quot;0&quot;,&quot;credit&quot;:&quot;&quot;,&quot;camera&quot;:&quot;&quot;,&quot;caption&quot;:&quot;&quot;,&quot;created_timestamp&quot;:&quot;0&quot;,&quot;copyright&quot;:&quot;&quot;,&quot;focal_length&quot;:&quot;0&quot;,&quot;iso&quot;:&quot;0&quot;,&quot;shutter_speed&quot;:&quot;0&quot;,&quot;title&quot;:&quot;&quot;,&quot;orientation&quot;:&quot;0&quot;}\" data-image-title=\"WhatsApp Image 2019-03-19 at 9.16.01 AM\" data-image-description=\"\" data-image-caption=\"\" data-large-file=\"https:\/\/eldiariodesanpedro.com.ar\/sitio\/wp-content\/uploads\/2019\/03\/WhatsApp-Image-2019-03-19-at-9.16.01-AM-1024x691.jpeg\" data-src=\"https:\/\/i1.wp.com\/eldiariodesanpedro.com.ar\/sitio\/wp-content\/uploads\/2019\/03\/WhatsApp-Image-2019-03-19-at-9.16.01-AM.jpeg?fit=660%2C445\" alt=\"\" data-id=\"49159\" data-link=\"https:\/\/eldiariodesanpedro.com.ar\/sitio\/?attachment_id=49159\" class=\"wp-image-49159 lazyload\" data-srcset=\"https:\/\/eldiariodesanpedro.com.ar\/sitio\/wp-content\/uploads\/2019\/03\/WhatsApp-Image-2019-03-19-at-9.16.01-AM.jpeg 1280w, https:\/\/eldiariodesanpedro.com.ar\/sitio\/wp-content\/uploads\/2019\/03\/WhatsApp-Image-2019-03-19-at-9.16.01-AM-300x203.jpeg 300w, https:\/\/eldiariodesanpedro.com.ar\/sitio\/wp-content\/uploads\/2019\/03\/WhatsApp-Image-2019-03-19-at-9.16.01-AM-768x518.jpeg 768w, https:\/\/eldiariodesanpedro.com.ar\/sitio\/wp-content\/uploads\/2019\/03\/WhatsApp-Image-2019-03-19-at-9.16.01-AM-1024x691.jpeg 1024w\" data-sizes=\"(max-width: 1280px) 100vw, 1280px\" src=\"data:image\/svg+xml;base64,PHN2ZyB3aWR0aD0iMSIgaGVpZ2h0PSIxIiB4bWxucz0iaHR0cDovL3d3dy53My5vcmcvMjAwMC9zdmciPjwvc3ZnPg==\" style=\"--smush-placeholder-width: 1280px; --smush-placeholder-aspect-ratio: 1280\/864;\" \/><\/figure><\/li><li class=\"blocks-gallery-item\"><figure><img decoding=\"async\" width=\"1040\" height=\"780\" data-attachment-id=\"49160\" data-permalink=\"https:\/\/eldiariodesanpedro.com.ar\/sitio\/escrache-a-desarrollo-humano-por-las-demoras-en-la-atencion-a-joven-violada\/whatsapp-image-2019-03-19-at-9-16-21-am\/\" data-orig-file=\"https:\/\/eldiariodesanpedro.com.ar\/sitio\/wp-content\/uploads\/2019\/03\/WhatsApp-Image-2019-03-19-at-9.16.21-AM.jpeg\" data-orig-size=\"1040,780\" data-comments-opened=\"1\" data-image-meta=\"{&quot;aperture&quot;:&quot;0&quot;,&quot;credit&quot;:&quot;&quot;,&quot;camera&quot;:&quot;&quot;,&quot;caption&quot;:&quot;&quot;,&quot;created_timestamp&quot;:&quot;0&quot;,&quot;copyright&quot;:&quot;&quot;,&quot;focal_length&quot;:&quot;0&quot;,&quot;iso&quot;:&quot;0&quot;,&quot;shutter_speed&quot;:&quot;0&quot;,&quot;title&quot;:&quot;&quot;,&quot;orientation&quot;:&quot;0&quot;}\" data-image-title=\"WhatsApp Image 2019-03-19 at 9.16.21 AM\" data-image-description=\"\" data-image-caption=\"\" data-large-file=\"https:\/\/eldiariodesanpedro.com.ar\/sitio\/wp-content\/uploads\/2019\/03\/WhatsApp-Image-2019-03-19-at-9.16.21-AM-1024x768.jpeg\" data-src=\"https:\/\/i0.wp.com\/eldiariodesanpedro.com.ar\/sitio\/wp-content\/uploads\/2019\/03\/WhatsApp-Image-2019-03-19-at-9.16.21-AM.jpeg?fit=660%2C495\" alt=\"\" data-id=\"49160\" data-link=\"https:\/\/eldiariodesanpedro.com.ar\/sitio\/?attachment_id=49160\" class=\"wp-image-49160 lazyload\" data-srcset=\"https:\/\/eldiariodesanpedro.com.ar\/sitio\/wp-content\/uploads\/2019\/03\/WhatsApp-Image-2019-03-19-at-9.16.21-AM.jpeg 1040w, https:\/\/eldiariodesanpedro.com.ar\/sitio\/wp-content\/uploads\/2019\/03\/WhatsApp-Image-2019-03-19-at-9.16.21-AM-300x225.jpeg 300w, https:\/\/eldiariodesanpedro.com.ar\/sitio\/wp-content\/uploads\/2019\/03\/WhatsApp-Image-2019-03-19-at-9.16.21-AM-768x576.jpeg 768w, https:\/\/eldiariodesanpedro.com.ar\/sitio\/wp-content\/uploads\/2019\/03\/WhatsApp-Image-2019-03-19-at-9.16.21-AM-1024x768.jpeg 1024w\" data-sizes=\"(max-width: 1040px) 100vw, 1040px\" src=\"data:image\/svg+xml;base64,PHN2ZyB3aWR0aD0iMSIgaGVpZ2h0PSIxIiB4bWxucz0iaHR0cDovL3d3dy53My5vcmcvMjAwMC9zdmciPjwvc3ZnPg==\" style=\"--smush-placeholder-width: 1040px; --smush-placeholder-aspect-ratio: 1040\/780;\" \/><\/figure><\/li><li class=\"blocks-gallery-item\"><figure><img decoding=\"async\" width=\"1040\" height=\"780\" data-attachment-id=\"49161\" data-permalink=\"https:\/\/eldiariodesanpedro.com.ar\/sitio\/escrache-a-desarrollo-humano-por-las-demoras-en-la-atencion-a-joven-violada\/whatsapp-image-2019-03-19-at-9-16-36-am\/\" data-orig-file=\"https:\/\/eldiariodesanpedro.com.ar\/sitio\/wp-content\/uploads\/2019\/03\/WhatsApp-Image-2019-03-19-at-9.16.36-AM.jpeg\" data-orig-size=\"1040,780\" data-comments-opened=\"1\" data-image-meta=\"{&quot;aperture&quot;:&quot;0&quot;,&quot;credit&quot;:&quot;&quot;,&quot;camera&quot;:&quot;&quot;,&quot;caption&quot;:&quot;&quot;,&quot;created_timestamp&quot;:&quot;0&quot;,&quot;copyright&quot;:&quot;&quot;,&quot;focal_length&quot;:&quot;0&quot;,&quot;iso&quot;:&quot;0&quot;,&quot;shutter_speed&quot;:&quot;0&quot;,&quot;title&quot;:&quot;&quot;,&quot;orientation&quot;:&quot;0&quot;}\" data-image-title=\"WhatsApp Image 2019-03-19 at 9.16.36 AM\" data-image-description=\"\" data-image-caption=\"\" data-large-file=\"https:\/\/eldiariodesanpedro.com.ar\/sitio\/wp-content\/uploads\/2019\/03\/WhatsApp-Image-2019-03-19-at-9.16.36-AM-1024x768.jpeg\" data-src=\"https:\/\/i1.wp.com\/eldiariodesanpedro.com.ar\/sitio\/wp-content\/uploads\/2019\/03\/WhatsApp-Image-2019-03-19-at-9.16.36-AM.jpeg?fit=660%2C495\" alt=\"\" data-id=\"49161\" data-link=\"https:\/\/eldiariodesanpedro.com.ar\/sitio\/?attachment_id=49161\" class=\"wp-image-49161 lazyload\" data-srcset=\"https:\/\/eldiariodesanpedro.com.ar\/sitio\/wp-content\/uploads\/2019\/03\/WhatsApp-Image-2019-03-19-at-9.16.36-AM.jpeg 1040w, https:\/\/eldiariodesanpedro.com.ar\/sitio\/wp-content\/uploads\/2019\/03\/WhatsApp-Image-2019-03-19-at-9.16.36-AM-300x225.jpeg 300w, https:\/\/eldiariodesanpedro.com.ar\/sitio\/wp-content\/uploads\/2019\/03\/WhatsApp-Image-2019-03-19-at-9.16.36-AM-768x576.jpeg 768w, https:\/\/eldiariodesanpedro.com.ar\/sitio\/wp-content\/uploads\/2019\/03\/WhatsApp-Image-2019-03-19-at-9.16.36-AM-1024x768.jpeg 1024w\" data-sizes=\"(max-width: 1040px) 100vw, 1040px\" src=\"data:image\/svg+xml;base64,PHN2ZyB3aWR0aD0iMSIgaGVpZ2h0PSIxIiB4bWxucz0iaHR0cDovL3d3dy53My5vcmcvMjAwMC9zdmciPjwvc3ZnPg==\" style=\"--smush-placeholder-width: 1040px; --smush-placeholder-aspect-ratio: 1040\/780;\" \/><\/figure><\/li><li class=\"blocks-gallery-item\"><figure><img decoding=\"async\" width=\"1040\" height=\"780\" data-attachment-id=\"49162\" data-permalink=\"https:\/\/eldiariodesanpedro.com.ar\/sitio\/escrache-a-desarrollo-humano-por-las-demoras-en-la-atencion-a-joven-violada\/whatsapp-image-2019-03-19-at-9-17-01-am-1\/\" data-orig-file=\"https:\/\/eldiariodesanpedro.com.ar\/sitio\/wp-content\/uploads\/2019\/03\/WhatsApp-Image-2019-03-19-at-9.17.01-AM-1.jpeg\" data-orig-size=\"1040,780\" data-comments-opened=\"1\" data-image-meta=\"{&quot;aperture&quot;:&quot;0&quot;,&quot;credit&quot;:&quot;&quot;,&quot;camera&quot;:&quot;&quot;,&quot;caption&quot;:&quot;&quot;,&quot;created_timestamp&quot;:&quot;0&quot;,&quot;copyright&quot;:&quot;&quot;,&quot;focal_length&quot;:&quot;0&quot;,&quot;iso&quot;:&quot;0&quot;,&quot;shutter_speed&quot;:&quot;0&quot;,&quot;title&quot;:&quot;&quot;,&quot;orientation&quot;:&quot;0&quot;}\" data-image-title=\"WhatsApp Image 2019-03-19 at 9.17.01 AM (1)\" data-image-description=\"\" data-image-caption=\"\" data-large-file=\"https:\/\/eldiariodesanpedro.com.ar\/sitio\/wp-content\/uploads\/2019\/03\/WhatsApp-Image-2019-03-19-at-9.17.01-AM-1-1024x768.jpeg\" data-src=\"https:\/\/i2.wp.com\/eldiariodesanpedro.com.ar\/sitio\/wp-content\/uploads\/2019\/03\/WhatsApp-Image-2019-03-19-at-9.17.01-AM-1.jpeg?fit=660%2C495\" alt=\"\" data-id=\"49162\" data-link=\"https:\/\/eldiariodesanpedro.com.ar\/sitio\/?attachment_id=49162\" class=\"wp-image-49162 lazyload\" data-srcset=\"https:\/\/eldiariodesanpedro.com.ar\/sitio\/wp-content\/uploads\/2019\/03\/WhatsApp-Image-2019-03-19-at-9.17.01-AM-1.jpeg 1040w, https:\/\/eldiariodesanpedro.com.ar\/sitio\/wp-content\/uploads\/2019\/03\/WhatsApp-Image-2019-03-19-at-9.17.01-AM-1-300x225.jpeg 300w, https:\/\/eldiariodesanpedro.com.ar\/sitio\/wp-content\/uploads\/2019\/03\/WhatsApp-Image-2019-03-19-at-9.17.01-AM-1-768x576.jpeg 768w, https:\/\/eldiariodesanpedro.com.ar\/sitio\/wp-content\/uploads\/2019\/03\/WhatsApp-Image-2019-03-19-at-9.17.01-AM-1-1024x768.jpeg 1024w\" data-sizes=\"(max-width: 1040px) 100vw, 1040px\" src=\"data:image\/svg+xml;base64,PHN2ZyB3aWR0aD0iMSIgaGVpZ2h0PSIxIiB4bWxucz0iaHR0cDovL3d3dy53My5vcmcvMjAwMC9zdmciPjwvc3ZnPg==\" style=\"--smush-placeholder-width: 1040px; --smush-placeholder-aspect-ratio: 1040\/780;\" \/><\/figure><\/li><li class=\"blocks-gallery-item\"><figure><img decoding=\"async\" width=\"1040\" height=\"780\" data-attachment-id=\"49163\" data-permalink=\"https:\/\/eldiariodesanpedro.com.ar\/sitio\/escrache-a-desarrollo-humano-por-las-demoras-en-la-atencion-a-joven-violada\/whatsapp-image-2019-03-19-at-9-17-15-am\/\" data-orig-file=\"https:\/\/eldiariodesanpedro.com.ar\/sitio\/wp-content\/uploads\/2019\/03\/WhatsApp-Image-2019-03-19-at-9.17.15-AM.jpeg\" data-orig-size=\"1040,780\" data-comments-opened=\"1\" data-image-meta=\"{&quot;aperture&quot;:&quot;0&quot;,&quot;credit&quot;:&quot;&quot;,&quot;camera&quot;:&quot;&quot;,&quot;caption&quot;:&quot;&quot;,&quot;created_timestamp&quot;:&quot;0&quot;,&quot;copyright&quot;:&quot;&quot;,&quot;focal_length&quot;:&quot;0&quot;,&quot;iso&quot;:&quot;0&quot;,&quot;shutter_speed&quot;:&quot;0&quot;,&quot;title&quot;:&quot;&quot;,&quot;orientation&quot;:&quot;0&quot;}\" data-image-title=\"WhatsApp Image 2019-03-19 at 9.17.15 AM\" data-image-description=\"\" data-image-caption=\"\" data-large-file=\"https:\/\/eldiariodesanpedro.com.ar\/sitio\/wp-content\/uploads\/2019\/03\/WhatsApp-Image-2019-03-19-at-9.17.15-AM-1024x768.jpeg\" data-src=\"https:\/\/i0.wp.com\/eldiariodesanpedro.com.ar\/sitio\/wp-content\/uploads\/2019\/03\/WhatsApp-Image-2019-03-19-at-9.17.15-AM.jpeg?fit=660%2C495\" alt=\"\" data-id=\"49163\" data-link=\"https:\/\/eldiariodesanpedro.com.ar\/sitio\/?attachment_id=49163\" class=\"wp-image-49163 lazyload\" data-srcset=\"https:\/\/eldiariodesanpedro.com.ar\/sitio\/wp-content\/uploads\/2019\/03\/WhatsApp-Image-2019-03-19-at-9.17.15-AM.jpeg 1040w, https:\/\/eldiariodesanpedro.com.ar\/sitio\/wp-content\/uploads\/2019\/03\/WhatsApp-Image-2019-03-19-at-9.17.15-AM-300x225.jpeg 300w, https:\/\/eldiariodesanpedro.com.ar\/sitio\/wp-content\/uploads\/2019\/03\/WhatsApp-Image-2019-03-19-at-9.17.15-AM-768x576.jpeg 768w, https:\/\/eldiariodesanpedro.com.ar\/sitio\/wp-content\/uploads\/2019\/03\/WhatsApp-Image-2019-03-19-at-9.17.15-AM-1024x768.jpeg 1024w\" data-sizes=\"(max-width: 1040px) 100vw, 1040px\" src=\"data:image\/svg+xml;base64,PHN2ZyB3aWR0aD0iMSIgaGVpZ2h0PSIxIiB4bWxucz0iaHR0cDovL3d3dy53My5vcmcvMjAwMC9zdmciPjwvc3ZnPg==\" style=\"--smush-placeholder-width: 1040px; --smush-placeholder-aspect-ratio: 1040\/780;\" \/><\/figure><\/li><li class=\"blocks-gallery-item\"><figure><img decoding=\"async\" width=\"1040\" height=\"780\" data-attachment-id=\"49164\" data-permalink=\"https:\/\/eldiariodesanpedro.com.ar\/sitio\/escrache-a-desarrollo-humano-por-las-demoras-en-la-atencion-a-joven-violada\/whatsapp-image-2019-03-19-at-9-17-42-am\/\" data-orig-file=\"https:\/\/eldiariodesanpedro.com.ar\/sitio\/wp-content\/uploads\/2019\/03\/WhatsApp-Image-2019-03-19-at-9.17.42-AM.jpeg\" data-orig-size=\"1040,780\" data-comments-opened=\"1\" data-image-meta=\"{&quot;aperture&quot;:&quot;0&quot;,&quot;credit&quot;:&quot;&quot;,&quot;camera&quot;:&quot;&quot;,&quot;caption&quot;:&quot;&quot;,&quot;created_timestamp&quot;:&quot;0&quot;,&quot;copyright&quot;:&quot;&quot;,&quot;focal_length&quot;:&quot;0&quot;,&quot;iso&quot;:&quot;0&quot;,&quot;shutter_speed&quot;:&quot;0&quot;,&quot;title&quot;:&quot;&quot;,&quot;orientation&quot;:&quot;0&quot;}\" data-image-title=\"WhatsApp Image 2019-03-19 at 9.17.42 AM\" data-image-description=\"\" data-image-caption=\"\" data-large-file=\"https:\/\/eldiariodesanpedro.com.ar\/sitio\/wp-content\/uploads\/2019\/03\/WhatsApp-Image-2019-03-19-at-9.17.42-AM-1024x768.jpeg\" data-src=\"https:\/\/i1.wp.com\/eldiariodesanpedro.com.ar\/sitio\/wp-content\/uploads\/2019\/03\/WhatsApp-Image-2019-03-19-at-9.17.42-AM.jpeg?fit=660%2C495\" alt=\"\" data-id=\"49164\" data-link=\"https:\/\/eldiariodesanpedro.com.ar\/sitio\/?attachment_id=49164\" class=\"wp-image-49164 lazyload\" data-srcset=\"https:\/\/eldiariodesanpedro.com.ar\/sitio\/wp-content\/uploads\/2019\/03\/WhatsApp-Image-2019-03-19-at-9.17.42-AM.jpeg 1040w, https:\/\/eldiariodesanpedro.com.ar\/sitio\/wp-content\/uploads\/2019\/03\/WhatsApp-Image-2019-03-19-at-9.17.42-AM-300x225.jpeg 300w, https:\/\/eldiariodesanpedro.com.ar\/sitio\/wp-content\/uploads\/2019\/03\/WhatsApp-Image-2019-03-19-at-9.17.42-AM-768x576.jpeg 768w, https:\/\/eldiariodesanpedro.com.ar\/sitio\/wp-content\/uploads\/2019\/03\/WhatsApp-Image-2019-03-19-at-9.17.42-AM-1024x768.jpeg 1024w\" data-sizes=\"(max-width: 1040px) 100vw, 1040px\" src=\"data:image\/svg+xml;base64,PHN2ZyB3aWR0aD0iMSIgaGVpZ2h0PSIxIiB4bWxucz0iaHR0cDovL3d3dy53My5vcmcvMjAwMC9zdmciPjwvc3ZnPg==\" style=\"--smush-placeholder-width: 1040px; --smush-placeholder-aspect-ratio: 1040\/780;\" \/><\/figure><\/li><li class=\"blocks-gallery-item\"><figure><img decoding=\"async\" width=\"1040\" height=\"780\" data-attachment-id=\"49165\" data-permalink=\"https:\/\/eldiariodesanpedro.com.ar\/sitio\/escrache-a-desarrollo-humano-por-las-demoras-en-la-atencion-a-joven-violada\/whatsapp-image-2019-03-19-at-9-17-57-am\/\" data-orig-file=\"https:\/\/eldiariodesanpedro.com.ar\/sitio\/wp-content\/uploads\/2019\/03\/WhatsApp-Image-2019-03-19-at-9.17.57-AM.jpeg\" data-orig-size=\"1040,780\" data-comments-opened=\"1\" data-image-meta=\"{&quot;aperture&quot;:&quot;0&quot;,&quot;credit&quot;:&quot;&quot;,&quot;camera&quot;:&quot;&quot;,&quot;caption&quot;:&quot;&quot;,&quot;created_timestamp&quot;:&quot;0&quot;,&quot;copyright&quot;:&quot;&quot;,&quot;focal_length&quot;:&quot;0&quot;,&quot;iso&quot;:&quot;0&quot;,&quot;shutter_speed&quot;:&quot;0&quot;,&quot;title&quot;:&quot;&quot;,&quot;orientation&quot;:&quot;0&quot;}\" data-image-title=\"WhatsApp Image 2019-03-19 at 9.17.57 AM\" data-image-description=\"\" data-image-caption=\"\" data-large-file=\"https:\/\/eldiariodesanpedro.com.ar\/sitio\/wp-content\/uploads\/2019\/03\/WhatsApp-Image-2019-03-19-at-9.17.57-AM-1024x768.jpeg\" data-src=\"https:\/\/i0.wp.com\/eldiariodesanpedro.com.ar\/sitio\/wp-content\/uploads\/2019\/03\/WhatsApp-Image-2019-03-19-at-9.17.57-AM.jpeg?fit=660%2C495\" alt=\"\" data-id=\"49165\" data-link=\"https:\/\/eldiariodesanpedro.com.ar\/sitio\/?attachment_id=49165\" class=\"wp-image-49165 lazyload\" data-srcset=\"https:\/\/eldiariodesanpedro.com.ar\/sitio\/wp-content\/uploads\/2019\/03\/WhatsApp-Image-2019-03-19-at-9.17.57-AM.jpeg 1040w, https:\/\/eldiariodesanpedro.com.ar\/sitio\/wp-content\/uploads\/2019\/03\/WhatsApp-Image-2019-03-19-at-9.17.57-AM-300x225.jpeg 300w, https:\/\/eldiariodesanpedro.com.ar\/sitio\/wp-content\/uploads\/2019\/03\/WhatsApp-Image-2019-03-19-at-9.17.57-AM-768x576.jpeg 768w, https:\/\/eldiariodesanpedro.com.ar\/sitio\/wp-content\/uploads\/2019\/03\/WhatsApp-Image-2019-03-19-at-9.17.57-AM-1024x768.jpeg 1024w\" data-sizes=\"(max-width: 1040px) 100vw, 1040px\" src=\"data:image\/svg+xml;base64,PHN2ZyB3aWR0aD0iMSIgaGVpZ2h0PSIxIiB4bWxucz0iaHR0cDovL3d3dy53My5vcmcvMjAwMC9zdmciPjwvc3ZnPg==\" style=\"--smush-placeholder-width: 1040px; --smush-placeholder-aspect-ratio: 1040\/780;\" \/><\/figure><\/li><li class=\"blocks-gallery-item\"><figure><img decoding=\"async\" width=\"1040\" height=\"780\" data-attachment-id=\"49166\" data-permalink=\"https:\/\/eldiariodesanpedro.com.ar\/sitio\/escrache-a-desarrollo-humano-por-las-demoras-en-la-atencion-a-joven-violada\/whatsapp-image-2019-03-19-at-9-18-13-am\/\" data-orig-file=\"https:\/\/eldiariodesanpedro.com.ar\/sitio\/wp-content\/uploads\/2019\/03\/WhatsApp-Image-2019-03-19-at-9.18.13-AM.jpeg\" data-orig-size=\"1040,780\" data-comments-opened=\"1\" data-image-meta=\"{&quot;aperture&quot;:&quot;0&quot;,&quot;credit&quot;:&quot;&quot;,&quot;camera&quot;:&quot;&quot;,&quot;caption&quot;:&quot;&quot;,&quot;created_timestamp&quot;:&quot;0&quot;,&quot;copyright&quot;:&quot;&quot;,&quot;focal_length&quot;:&quot;0&quot;,&quot;iso&quot;:&quot;0&quot;,&quot;shutter_speed&quot;:&quot;0&quot;,&quot;title&quot;:&quot;&quot;,&quot;orientation&quot;:&quot;0&quot;}\" data-image-title=\"WhatsApp Image 2019-03-19 at 9.18.13 AM\" data-image-description=\"\" data-image-caption=\"\" data-large-file=\"https:\/\/eldiariodesanpedro.com.ar\/sitio\/wp-content\/uploads\/2019\/03\/WhatsApp-Image-2019-03-19-at-9.18.13-AM-1024x768.jpeg\" data-src=\"https:\/\/i2.wp.com\/eldiariodesanpedro.com.ar\/sitio\/wp-content\/uploads\/2019\/03\/WhatsApp-Image-2019-03-19-at-9.18.13-AM.jpeg?fit=660%2C495\" alt=\"\" data-id=\"49166\" data-link=\"https:\/\/eldiariodesanpedro.com.ar\/sitio\/?attachment_id=49166\" class=\"wp-image-49166 lazyload\" data-srcset=\"https:\/\/eldiariodesanpedro.com.ar\/sitio\/wp-content\/uploads\/2019\/03\/WhatsApp-Image-2019-03-19-at-9.18.13-AM.jpeg 1040w, https:\/\/eldiariodesanpedro.com.ar\/sitio\/wp-content\/uploads\/2019\/03\/WhatsApp-Image-2019-03-19-at-9.18.13-AM-300x225.jpeg 300w, https:\/\/eldiariodesanpedro.com.ar\/sitio\/wp-content\/uploads\/2019\/03\/WhatsApp-Image-2019-03-19-at-9.18.13-AM-768x576.jpeg 768w, https:\/\/eldiariodesanpedro.com.ar\/sitio\/wp-content\/uploads\/2019\/03\/WhatsApp-Image-2019-03-19-at-9.18.13-AM-1024x768.jpeg 1024w\" data-sizes=\"(max-width: 1040px) 100vw, 1040px\" src=\"data:image\/svg+xml;base64,PHN2ZyB3aWR0aD0iMSIgaGVpZ2h0PSIxIiB4bWxucz0iaHR0cDovL3d3dy53My5vcmcvMjAwMC9zdmciPjwvc3ZnPg==\" style=\"--smush-placeholder-width: 1040px; --smush-placeholder-aspect-ratio: 1040\/780;\" \/><\/figure><\/li><li class=\"blocks-gallery-item\"><figure><img decoding=\"async\" width=\"1040\" height=\"780\" data-attachment-id=\"49167\" data-permalink=\"https:\/\/eldiariodesanpedro.com.ar\/sitio\/escrache-a-desarrollo-humano-por-las-demoras-en-la-atencion-a-joven-violada\/whatsapp-image-2019-03-19-at-9-18-30-am\/\" data-orig-file=\"https:\/\/eldiariodesanpedro.com.ar\/sitio\/wp-content\/uploads\/2019\/03\/WhatsApp-Image-2019-03-19-at-9.18.30-AM.jpeg\" data-orig-size=\"1040,780\" data-comments-opened=\"1\" data-image-meta=\"{&quot;aperture&quot;:&quot;0&quot;,&quot;credit&quot;:&quot;&quot;,&quot;camera&quot;:&quot;&quot;,&quot;caption&quot;:&quot;&quot;,&quot;created_timestamp&quot;:&quot;0&quot;,&quot;copyright&quot;:&quot;&quot;,&quot;focal_length&quot;:&quot;0&quot;,&quot;iso&quot;:&quot;0&quot;,&quot;shutter_speed&quot;:&quot;0&quot;,&quot;title&quot;:&quot;&quot;,&quot;orientation&quot;:&quot;0&quot;}\" data-image-title=\"WhatsApp Image 2019-03-19 at 9.18.30 AM\" data-image-description=\"\" data-image-caption=\"\" data-large-file=\"https:\/\/eldiariodesanpedro.com.ar\/sitio\/wp-content\/uploads\/2019\/03\/WhatsApp-Image-2019-03-19-at-9.18.30-AM-1024x768.jpeg\" data-src=\"https:\/\/i1.wp.com\/eldiariodesanpedro.com.ar\/sitio\/wp-content\/uploads\/2019\/03\/WhatsApp-Image-2019-03-19-at-9.18.30-AM.jpeg?fit=660%2C495\" alt=\"\" data-id=\"49167\" data-link=\"https:\/\/eldiariodesanpedro.com.ar\/sitio\/?attachment_id=49167\" class=\"wp-image-49167 lazyload\" data-srcset=\"https:\/\/eldiariodesanpedro.com.ar\/sitio\/wp-content\/uploads\/2019\/03\/WhatsApp-Image-2019-03-19-at-9.18.30-AM.jpeg 1040w, https:\/\/eldiariodesanpedro.com.ar\/sitio\/wp-content\/uploads\/2019\/03\/WhatsApp-Image-2019-03-19-at-9.18.30-AM-300x225.jpeg 300w, https:\/\/eldiariodesanpedro.com.ar\/sitio\/wp-content\/uploads\/2019\/03\/WhatsApp-Image-2019-03-19-at-9.18.30-AM-768x576.jpeg 768w, https:\/\/eldiariodesanpedro.com.ar\/sitio\/wp-content\/uploads\/2019\/03\/WhatsApp-Image-2019-03-19-at-9.18.30-AM-1024x768.jpeg 1024w\" data-sizes=\"(max-width: 1040px) 100vw, 1040px\" src=\"data:image\/svg+xml;base64,PHN2ZyB3aWR0aD0iMSIgaGVpZ2h0PSIxIiB4bWxucz0iaHR0cDovL3d3dy53My5vcmcvMjAwMC9zdmciPjwvc3ZnPg==\" style=\"--smush-placeholder-width: 1040px; --smush-placeholder-aspect-ratio: 1040\/780;\" \/><\/figure><\/li><li class=\"blocks-gallery-item\"><figure><img decoding=\"async\" width=\"1040\" height=\"780\" data-attachment-id=\"49168\" data-permalink=\"https:\/\/eldiariodesanpedro.com.ar\/sitio\/escrache-a-desarrollo-humano-por-las-demoras-en-la-atencion-a-joven-violada\/whatsapp-image-2019-03-19-at-9-18-57-am\/\" data-orig-file=\"https:\/\/eldiariodesanpedro.com.ar\/sitio\/wp-content\/uploads\/2019\/03\/WhatsApp-Image-2019-03-19-at-9.18.57-AM.jpeg\" data-orig-size=\"1040,780\" data-comments-opened=\"1\" data-image-meta=\"{&quot;aperture&quot;:&quot;0&quot;,&quot;credit&quot;:&quot;&quot;,&quot;camera&quot;:&quot;&quot;,&quot;caption&quot;:&quot;&quot;,&quot;created_timestamp&quot;:&quot;0&quot;,&quot;copyright&quot;:&quot;&quot;,&quot;focal_length&quot;:&quot;0&quot;,&quot;iso&quot;:&quot;0&quot;,&quot;shutter_speed&quot;:&quot;0&quot;,&quot;title&quot;:&quot;&quot;,&quot;orientation&quot;:&quot;0&quot;}\" data-image-title=\"WhatsApp Image 2019-03-19 at 9.18.57 AM\" data-image-description=\"\" data-image-caption=\"\" data-large-file=\"https:\/\/eldiariodesanpedro.com.ar\/sitio\/wp-content\/uploads\/2019\/03\/WhatsApp-Image-2019-03-19-at-9.18.57-AM-1024x768.jpeg\" data-src=\"https:\/\/i0.wp.com\/eldiariodesanpedro.com.ar\/sitio\/wp-content\/uploads\/2019\/03\/WhatsApp-Image-2019-03-19-at-9.18.57-AM.jpeg?fit=660%2C495\" alt=\"\" data-id=\"49168\" data-link=\"https:\/\/eldiariodesanpedro.com.ar\/sitio\/?attachment_id=49168\" class=\"wp-image-49168 lazyload\" data-srcset=\"https:\/\/eldiariodesanpedro.com.ar\/sitio\/wp-content\/uploads\/2019\/03\/WhatsApp-Image-2019-03-19-at-9.18.57-AM.jpeg 1040w, https:\/\/eldiariodesanpedro.com.ar\/sitio\/wp-content\/uploads\/2019\/03\/WhatsApp-Image-2019-03-19-at-9.18.57-AM-300x225.jpeg 300w, https:\/\/eldiariodesanpedro.com.ar\/sitio\/wp-content\/uploads\/2019\/03\/WhatsApp-Image-2019-03-19-at-9.18.57-AM-768x576.jpeg 768w, https:\/\/eldiariodesanpedro.com.ar\/sitio\/wp-content\/uploads\/2019\/03\/WhatsApp-Image-2019-03-19-at-9.18.57-AM-1024x768.jpeg 1024w\" data-sizes=\"(max-width: 1040px) 100vw, 1040px\" src=\"data:image\/svg+xml;base64,PHN2ZyB3aWR0aD0iMSIgaGVpZ2h0PSIxIiB4bWxucz0iaHR0cDovL3d3dy53My5vcmcvMjAwMC9zdmciPjwvc3ZnPg==\" style=\"--smush-placeholder-width: 1040px; --smush-placeholder-aspect-ratio: 1040\/780;\" \/><\/figure><\/li><li class=\"blocks-gallery-item\"><figure><img decoding=\"async\" width=\"1040\" height=\"780\" data-attachment-id=\"49169\" data-permalink=\"https:\/\/eldiariodesanpedro.com.ar\/sitio\/escrache-a-desarrollo-humano-por-las-demoras-en-la-atencion-a-joven-violada\/whatsapp-image-2019-03-19-at-9-21-06-am\/\" data-orig-file=\"https:\/\/eldiariodesanpedro.com.ar\/sitio\/wp-content\/uploads\/2019\/03\/WhatsApp-Image-2019-03-19-at-9.21.06-AM.jpeg\" data-orig-size=\"1040,780\" data-comments-opened=\"1\" data-image-meta=\"{&quot;aperture&quot;:&quot;0&quot;,&quot;credit&quot;:&quot;&quot;,&quot;camera&quot;:&quot;&quot;,&quot;caption&quot;:&quot;&quot;,&quot;created_timestamp&quot;:&quot;0&quot;,&quot;copyright&quot;:&quot;&quot;,&quot;focal_length&quot;:&quot;0&quot;,&quot;iso&quot;:&quot;0&quot;,&quot;shutter_speed&quot;:&quot;0&quot;,&quot;title&quot;:&quot;&quot;,&quot;orientation&quot;:&quot;0&quot;}\" data-image-title=\"WhatsApp Image 2019-03-19 at 9.21.06 AM\" data-image-description=\"\" data-image-caption=\"\" data-large-file=\"https:\/\/eldiariodesanpedro.com.ar\/sitio\/wp-content\/uploads\/2019\/03\/WhatsApp-Image-2019-03-19-at-9.21.06-AM-1024x768.jpeg\" data-src=\"https:\/\/i2.wp.com\/eldiariodesanpedro.com.ar\/sitio\/wp-content\/uploads\/2019\/03\/WhatsApp-Image-2019-03-19-at-9.21.06-AM.jpeg?fit=660%2C495\" alt=\"\" data-id=\"49169\" data-link=\"https:\/\/eldiariodesanpedro.com.ar\/sitio\/?attachment_id=49169\" class=\"wp-image-49169 lazyload\" data-srcset=\"https:\/\/eldiariodesanpedro.com.ar\/sitio\/wp-content\/uploads\/2019\/03\/WhatsApp-Image-2019-03-19-at-9.21.06-AM.jpeg 1040w, https:\/\/eldiariodesanpedro.com.ar\/sitio\/wp-content\/uploads\/2019\/03\/WhatsApp-Image-2019-03-19-at-9.21.06-AM-300x225.jpeg 300w, https:\/\/eldiariodesanpedro.com.ar\/sitio\/wp-content\/uploads\/2019\/03\/WhatsApp-Image-2019-03-19-at-9.21.06-AM-768x576.jpeg 768w, https:\/\/eldiariodesanpedro.com.ar\/sitio\/wp-content\/uploads\/2019\/03\/WhatsApp-Image-2019-03-19-at-9.21.06-AM-1024x768.jpeg 1024w\" data-sizes=\"(max-width: 1040px) 100vw, 1040px\" src=\"data:image\/svg+xml;base64,PHN2ZyB3aWR0aD0iMSIgaGVpZ2h0PSIxIiB4bWxucz0iaHR0cDovL3d3dy53My5vcmcvMjAwMC9zdmciPjwvc3ZnPg==\" style=\"--smush-placeholder-width: 1040px; --smush-placeholder-aspect-ratio: 1040\/780;\" \/><\/figure><\/li><\/ul>\n","protected":false},"excerpt":{"rendered":"<p>Con el relato de la propia victima a los medios presentes, este lunes la agrupaci\u00f3n feminista Libres de Miedo realizo un escrache en las puertas del \u00e1rea de Karina Charella y en la Secretaria de Salud. La joven estuvo 14 horas esperando ser atendida por una ginec\u00f3loga sin que le hayan aplicado anteriormente los protocolos [&hellip;]<\/p>\n","protected":false},"author":4,"featured_media":49169,"comment_status":"open","ping_status":"closed","sticky":false,"template":"","format":"standard","meta":{"om_disable_all_campaigns":false,"_jetpack_memberships_contains_paid_content":false,"footnotes":""},"categories":[50,101,2],"tags":[],"class_list":["post-49158","post","type-post","status-publish","format-standard","has-post-thumbnail","hentry","category-destacadas","category-interes-general-locales","category-locales"],"aioseo_notices":[],"gutentor_comment":0,"jetpack_featured_media_url":"https:\/\/eldiariodesanpedro.com.ar\/sitio\/wp-content\/uploads\/2019\/03\/WhatsApp-Image-2019-03-19-at-9.21.06-AM.jpeg","jetpack_shortlink":"https:\/\/wp.me\/p6RhLt-cMS","jetpack_sharing_enabled":true,"_links":{"self":[{"href":"https:\/\/eldiariodesanpedro.com.ar\/sitio\/wp-json\/wp\/v2\/posts\/49158","targetHints":{"allow":["GET"]}}],"collection":[{"href":"https:\/\/eldiariodesanpedro.com.ar\/sitio\/wp-json\/wp\/v2\/posts"}],"about":[{"href":"https:\/\/eldiariodesanpedro.com.ar\/sitio\/wp-json\/wp\/v2\/types\/post"}],"author":[{"embeddable":true,"href":"https:\/\/eldiariodesanpedro.com.ar\/sitio\/wp-json\/wp\/v2\/users\/4"}],"replies":[{"embeddable":true,"href":"https:\/\/eldiariodesanpedro.com.ar\/sitio\/wp-json\/wp\/v2\/comments?post=49158"}],"version-history":[{"count":1,"href":"https:\/\/eldiariodesanpedro.com.ar\/sitio\/wp-json\/wp\/v2\/posts\/49158\/revisions"}],"predecessor-version":[{"id":49170,"href":"https:\/\/eldiariodesanpedro.com.ar\/sitio\/wp-json\/wp\/v2\/posts\/49158\/revisions\/49170"}],"wp:featuredmedia":[{"embeddable":true,"href":"https:\/\/eldiariodesanpedro.com.ar\/sitio\/wp-json\/wp\/v2\/media\/49169"}],"wp:attachment":[{"href":"https:\/\/eldiariodesanpedro.com.ar\/sitio\/wp-json\/wp\/v2\/media?parent=49158"}],"wp:term":[{"taxonomy":"category","embeddable":true,"href":"https:\/\/eldiariodesanpedro.com.ar\/sitio\/wp-json\/wp\/v2\/categories?post=49158"},{"taxonomy":"post_tag","embeddable":true,"href":"https:\/\/eldiariodesanpedro.com.ar\/sitio\/wp-json\/wp\/v2\/tags?post=49158"}],"curies":[{"name":"wp","href":"https:\/\/api.w.org\/{rel}","templated":true}]}}