{"id":49149,"date":"2019-03-18T18:48:00","date_gmt":"2019-03-18T21:48:00","guid":{"rendered":"https:\/\/eldiariodesanpedro.com.ar\/sitio\/?p=49149"},"modified":"2019-03-18T19:16:53","modified_gmt":"2019-03-18T22:16:53","slug":"alexa-pettone-realizo-una-nota-con-el-diario-pagina-12","status":"publish","type":"post","link":"https:\/\/eldiariodesanpedro.com.ar\/sitio\/alexa-pettone-realizo-una-nota-con-el-diario-pagina-12\/","title":{"rendered":"Alexa Pettone realiz\u00f3 una nota con el diario P\u00e1gina 12"},"content":{"rendered":"<!-- VideographyWP Plugin Message: Automatic video embedding prevented by plugin options. -->\n\n<p> Patinadora y trans e inspiradora de un libro infantil. <\/p>\n\n\n\n<p>Se acaba de publicar Soy Alexa, el libro publicado por estudiantes adolescentes de San Pedro que narra en formato para la ni\u00f1ez la historia de la transici\u00f3n de Alexa Pettone destinado a hacer escuela en ESI.<\/p>\n\n\n\n<p>El libro Soy Alexa, que acaba de publicar la editorial Chirimbote, en formato infantil, narra con fotos, textos, collages e ilustraciones, la transici\u00f3n que la patinadora llev\u00f3 a cabo. Realizado por estudiantes de una escuela de San Pedro, lugar donde naci\u00f3, creci\u00f3 y vive Alexa. Este a\u00f1o, el libro se convertir\u00e1 en material de trabajo para jardines de infantes, preescolar, primero, segundo y tercer grado, en el marco de la implementaci\u00f3n de la ESI en el Municipio de San Pedro. La salida del libro le gener\u00f3 una agenda que incluye visitas y charlas en Zarate, Rosario, Gualeguaych\u00fa, Lobos, Baradero. Alexa cuenta al Soy c\u00f3mo fue su transici\u00f3n en una ciudad que tiene mentalidad de pueblo y c\u00f3mo pas\u00f3 se convirti\u00f3 en la primera patinadora trans reconocida por la Confederaci\u00f3n Argentina de Pat\u00edn.<\/p>\n\n\n\n<p>Las calles de San Pedro conducen en forma de cascada a las barrancas. Desde all\u00ed se pueden ver los sauces inclinados hacia el r\u00edo marr\u00f3n, a veces plateado. Bajando por unas largas escaleras de madera se llega a un oasis verde donde Alexa coordina un grupo de entrenamiento funcional cuando empieza a bajar el sol. Bandadas de cotorras van y vienen musicalizando la zona. De vez en cuando, cuando no hay mucho movimiento, se cruza alguna nutria que sale de los camalotes y corre hacia los pastizales. El grupo, integrado por hombres, mujeres y adolescente, se mueve al ritmo de Alexa, que comenz\u00f3 a trabajar en el gym de su hermana, hasta que la situaci\u00f3n econ\u00f3mica del pa\u00eds las oblig\u00f3 a bajar la persiana.&nbsp;<\/p>\n\n\n\n<p>Orgullo &amp; Prejuicio<\/p>\n\n\n\n<p>San Pedro es una peque\u00f1a ciudad de 40 mil habitantes con un puerto. Fundada en la margen del r\u00edo Paran\u00e1, junto a la desembocadura del Arrecifes, con habitantes pacatos y conservadores. \u201cMe cost\u00f3 mucho; pero es el lugar que amo\u201d. En el 2006, Alexa se fue a vivir a Rosario, pero antes del a\u00f1o regres\u00f3 a San Pedro. \u201cExtra\u00f1aba mucho las calles, el barrio\u201d. Tuvo que luchar contra las miradas inquisidoras. \u201cA medida que crecemos nos vamos haciendo fuertes y arm\u00e1ndonos de herramientas para sobrevivir. Hoy me encuentro con una ciudad distinta. Es muy loco ir caminando por la calle y que la gente me diga que me banca, que me quiere y admira; y sin conocerme\u201d.<\/p>\n\n\n\n<p>Con la agrupaci\u00f3n San Pedro Diversidad hicieron un mural que dec\u00eda: \u201cSi me quer\u00e9s, quereme trans\u201d en un espacio p\u00fablico donde transita mucha gente, y algunos se instala para tomar mates. Pero, a los pocos d\u00edas de haberse inaugurado, lo atacaron y destruyeron. La decisi\u00f3n del colectivo fue dejarlo as\u00ed, por un tiempo; para visibilizar los prejuicios y el transodio. \u201cUna forma de resistencia\u201d. Los v\u00e1ndalos que destruyeron el mural firmaron su intervenci\u00f3n, y a los pocos d\u00edas aparecieron los padres de los adolescentes en la casa de Alexa pidiendo disculpas en nombre de sus hijos. \u201cComo yo no los conoc\u00eda, no lo tom\u00e9 como algo contra m\u00ed. Despu\u00e9s lo volvimos a pintar y hasta el d\u00eda de hoy est\u00e1 impecable. Sirvi\u00f3. Todo lo que pas\u00f3 es parte de esta lucha\u201d.&nbsp;<\/p>\n\n\n\n<p>La lib\u00e9lula<\/p>\n\n\n\n<p>Comenz\u00f3 su transici\u00f3n al ingresar al secundario, una escuela t\u00e9cnica de San Pedro donde el 80 por ciento eran varones cis. Evitaba los deportes porque estaban dividido para varones y mujeres: f\u00fatbol y v\u00f3ley. \u201cSiempre me quedaba aislada, mirando desde un costado la clase\u201d. Pero en la escuela todav\u00eda no era Alexa. \u201cInternamente sent\u00eda la necesidad de ser trans, pero no estaba preparada, ni segura, para dar el paso. En el colegio nunca habl\u00e9 del tema. Despu\u00e9s que egres\u00e9 decid\u00ed iniciar mi transici\u00f3n de lleno. Con los a\u00f1os, me volv\u00ed a encontrar con mis excompa\u00f1eros, como Alexa; y la respuesta fue muy cari\u00f1osa. Fui muy estrat\u00e9gica a la hora de iniciar esta transici\u00f3n\u201d.&nbsp;<\/p>\n\n\n\n<p>A los 8 a\u00f1os la mam\u00e1 le compr\u00f3 un par de patines, sin que ella se los pidiera, y lx llev\u00f3 al Club Paran\u00e1 para tomar su primera clase. \u201cMe va a pasar lo mismo que en la escuela, pens\u00e9, porque cre\u00eda que todos los deportes eran iguales. Sin embargo, cuando me sub\u00ed a los patines sent\u00ed la sensaci\u00f3n de volar y nunca m\u00e1s me quise bajar\u201d.&nbsp;<\/p>\n\n\n\n<p>Hasta el a\u00f1o pasado daba clases de pat\u00edn, para nenas y nenes, pero por un tema econ\u00f3mico este a\u00f1o no las contin\u00faa. Los pap\u00e1s de sus alumnxs le ten\u00edan confianza. \u201cEran super amorosos y amorosas cuando tra\u00edan a sus hijos e hijas a patinar conmigo. Y los chicos son espont\u00e1neos, disfrutaban de la clase. Hubo mucha contenci\u00f3n por parte de ellos hacia m\u00ed. Todo lo contrario de lo que yo esperaba, cuando exist\u00eda el miedo y el prejuicio de que, las mam\u00e1s pensaran que yo, por ser trans, no sea buena profe o confiable. Con mi identidad trans, los nenes y nenas, no tienen prejuicios. De cada alumnx me sorprendo porque las trans tenemos que estar explicando qu\u00e9 somos; y a m\u00ed eso no me sucede\u201d.<\/p>\n\n\n\n<p>Nacida para correr<\/p>\n\n\n\n<p>Antes de su transici\u00f3n compiti\u00f3 para el Club Paran\u00e1 de San Pedro pero tuvo que interrumpir los entrenamientos y la carrera de patinadorx, porque se retaba con varones y esa no era la categor\u00eda con la que se identificaba. Despu\u00e9s, escuch\u00f3 hablar de un Torneo en Vicente L\u00f3pez. Llam\u00f3 al organizador y le dijeron que pod\u00eda competir como ella se sent\u00eda: una mujer. Viaj\u00f3 sola. Esa fue la primera competencia como trans y gan\u00f3 la carrera en velocidad. Cuando volv\u00eda en el micro ten\u00eda miedo que la confederaci\u00f3n de pat\u00edn no la aceptara; cre\u00eda que esa hab\u00eda sido su \u00fanica competencia. Despu\u00e9s de unos meses le escribi\u00f3 al Presidente de la Confederaci\u00f3n Argentina de Pat\u00edn, Esteban Gonz\u00e1lez, plante\u00e1ndole su situaci\u00f3n. La respuesta fue: \u201cEn un mes te contesto\u201d. Ese mes, para Alexa, fue eterno. Gonz\u00e1lez la llam\u00f3 y le dijo que se buscara un club para representar, porque empezaba a competir.&nbsp;<\/p>\n\n\n\n<p>Actualmente entrena con Andrea Gonz\u00e1lez, qui\u00e9n fue 11 veces campeona del mundo en Pat\u00edn carrera. \u201cCuando era un nenito que patinaba, ella era todo para m\u00ed; y hoy es mi entrenadora y mi amiga\u201d. Cuando la Secretar\u00eda de Deportes de San Pedro difundi\u00f3 la noticia hubo comentarios destructivos que dec\u00edan que Alexa ten\u00eda la fuerza de un hombre y que las dem\u00e1s chicas corr\u00edan con desventaja. \u201cEso fue ac\u00e1 y es berreta, de variet\u00e9; que mayormente hacen los hombres, muy futboleros, los que piensan que por ser una chica trans corro con ventaja ante una compa\u00f1era cis. La verdad es que no. Si no entren\u00e1s y no sos disciplinada y no pens\u00e1s en tu alimentaci\u00f3n, claramente no te va a ir bien; seas transexual o no. No pasa por tener o no genitales, sino por la disciplina a la hora del entrenamiento\u201d. Pero tambi\u00e9n hay gente que la defiende con los patines de punta.&nbsp;<\/p>\n\n\n\n<p>El libro<\/p>\n\n\n\n<p>La intenci\u00f3n es educar y naturalizar la diversidad; que est\u00e1, pero no existe si no se la nombra. En San Pedro, por donde comienza la campa\u00f1a de Yo Alexa, como parte de la ESI, hay una comunidad de 40 trans asociadas a un colectivo. \u201cYo tuve la suerte de estar dentro del 5 % de las trans que no fueron excluidas de su hogar. Que pude estudiar. Con el solo hecho de hacer un deporte, desarroll\u00e9 una disciplina que me gener\u00f3 una educaci\u00f3n y una formaci\u00f3n; porque fui abrazada, y a mis compa\u00f1eras lamentablemente, no les pas\u00f3 eso a todas. San Pedro sigue siendo muy excluyente y a muchas de las chicas no le permiten desarrollarse como persona en lo laboral, en la salud. Con el colectivo intentamos acercarnos para ayudar a insertarlas y darles oportunidades desde el oficio y lo humano\u201d. &nbsp;<\/p>\n\n\n\n<p>En el libro aparece la palabra trans y no travesti. \u201cEs lo mismo. Son generaciones que separan las definiciones. Trans es m\u00e1s contempor\u00e1nea, lo usamos las j\u00f3venes que continuamos el camino de muchas que vinieron marc\u00e1ndolo como Lohana Berkins, Susy Shock, Marlene Wayar, Diana Sacayan&#8230; fueron ellas quienes iniciaron el camino y quienes definen de manera matriarcal como Yo trava, yo travesti. Yo conecto la palabra trans como la continuaci\u00f3n del legado. La palabra travesti trava tiene historia y mucho respeto\u201d.&nbsp;<\/p>\n\n\n\n<p>El libro, este a\u00f1o, tiene el destino de volver de donde sali\u00f3: a las aulas. Fue realizado por chicxs de 6\u00ba grado de la escuela N\u00ba 11 de San Pedro y es el eco de muchas voces que piden vivir en paz y sin violencia: \u201cDonde podamos ser quienes decidimos ser\u201d, dice Alexa.<\/p>\n\n\n\n<figure class=\"wp-block-image\"><img decoding=\"async\" width=\"720\" height=\"720\" data-attachment-id=\"49152\" data-permalink=\"https:\/\/eldiariodesanpedro.com.ar\/sitio\/alexa-pettone-realizo-una-nota-con-el-diario-pagina-12\/54268252_1365769296898544_1615763535659270144_n\/\" data-orig-file=\"https:\/\/eldiariodesanpedro.com.ar\/sitio\/wp-content\/uploads\/2019\/03\/54268252_1365769296898544_1615763535659270144_n.jpg\" data-orig-size=\"720,720\" data-comments-opened=\"1\" data-image-meta=\"{&quot;aperture&quot;:&quot;0&quot;,&quot;credit&quot;:&quot;&quot;,&quot;camera&quot;:&quot;&quot;,&quot;caption&quot;:&quot;&quot;,&quot;created_timestamp&quot;:&quot;0&quot;,&quot;copyright&quot;:&quot;&quot;,&quot;focal_length&quot;:&quot;0&quot;,&quot;iso&quot;:&quot;0&quot;,&quot;shutter_speed&quot;:&quot;0&quot;,&quot;title&quot;:&quot;&quot;,&quot;orientation&quot;:&quot;0&quot;}\" data-image-title=\"54268252_1365769296898544_1615763535659270144_n\" data-image-description=\"\" data-image-caption=\"\" data-large-file=\"https:\/\/eldiariodesanpedro.com.ar\/sitio\/wp-content\/uploads\/2019\/03\/54268252_1365769296898544_1615763535659270144_n.jpg\" data-src=\"https:\/\/eldiariodesanpedro.com.ar\/sitio\/wp-content\/uploads\/2019\/03\/54268252_1365769296898544_1615763535659270144_n.jpg\" alt=\"\" class=\"wp-image-49152 lazyload\" data-srcset=\"https:\/\/eldiariodesanpedro.com.ar\/sitio\/wp-content\/uploads\/2019\/03\/54268252_1365769296898544_1615763535659270144_n.jpg 720w, https:\/\/eldiariodesanpedro.com.ar\/sitio\/wp-content\/uploads\/2019\/03\/54268252_1365769296898544_1615763535659270144_n-150x150.jpg 150w, https:\/\/eldiariodesanpedro.com.ar\/sitio\/wp-content\/uploads\/2019\/03\/54268252_1365769296898544_1615763535659270144_n-300x300.jpg 300w\" data-sizes=\"(max-width: 720px) 100vw, 720px\" src=\"data:image\/svg+xml;base64,PHN2ZyB3aWR0aD0iMSIgaGVpZ2h0PSIxIiB4bWxucz0iaHR0cDovL3d3dy53My5vcmcvMjAwMC9zdmciPjwvc3ZnPg==\" style=\"--smush-placeholder-width: 720px; --smush-placeholder-aspect-ratio: 720\/720;\" \/><\/figure>\n\n\n\n<p>Fuente: P\u00e1gina 12<\/p>\n","protected":false},"excerpt":{"rendered":"<p>Patinadora y trans e inspiradora de un libro infantil. Se acaba de publicar Soy Alexa, el libro publicado por estudiantes adolescentes de San Pedro que narra en formato para la ni\u00f1ez la historia de la transici\u00f3n de Alexa Pettone destinado a hacer escuela en ESI. El libro Soy Alexa, que acaba de publicar la editorial [&hellip;]<\/p>\n","protected":false},"author":4,"featured_media":49151,"comment_status":"open","ping_status":"closed","sticky":false,"template":"","format":"standard","meta":{"om_disable_all_campaigns":false,"_jetpack_memberships_contains_paid_content":false,"footnotes":""},"categories":[101,2],"tags":[],"class_list":["post-49149","post","type-post","status-publish","format-standard","has-post-thumbnail","hentry","category-interes-general-locales","category-locales"],"aioseo_notices":[],"gutentor_comment":0,"jetpack_featured_media_url":"https:\/\/eldiariodesanpedro.com.ar\/sitio\/wp-content\/uploads\/2019\/03\/54728643_1365769263565214_7465426572388859904_n.jpg","jetpack_shortlink":"https:\/\/wp.me\/p6RhLt-cMJ","jetpack_sharing_enabled":true,"_links":{"self":[{"href":"https:\/\/eldiariodesanpedro.com.ar\/sitio\/wp-json\/wp\/v2\/posts\/49149","targetHints":{"allow":["GET"]}}],"collection":[{"href":"https:\/\/eldiariodesanpedro.com.ar\/sitio\/wp-json\/wp\/v2\/posts"}],"about":[{"href":"https:\/\/eldiariodesanpedro.com.ar\/sitio\/wp-json\/wp\/v2\/types\/post"}],"author":[{"embeddable":true,"href":"https:\/\/eldiariodesanpedro.com.ar\/sitio\/wp-json\/wp\/v2\/users\/4"}],"replies":[{"embeddable":true,"href":"https:\/\/eldiariodesanpedro.com.ar\/sitio\/wp-json\/wp\/v2\/comments?post=49149"}],"version-history":[{"count":1,"href":"https:\/\/eldiariodesanpedro.com.ar\/sitio\/wp-json\/wp\/v2\/posts\/49149\/revisions"}],"predecessor-version":[{"id":49153,"href":"https:\/\/eldiariodesanpedro.com.ar\/sitio\/wp-json\/wp\/v2\/posts\/49149\/revisions\/49153"}],"wp:featuredmedia":[{"embeddable":true,"href":"https:\/\/eldiariodesanpedro.com.ar\/sitio\/wp-json\/wp\/v2\/media\/49151"}],"wp:attachment":[{"href":"https:\/\/eldiariodesanpedro.com.ar\/sitio\/wp-json\/wp\/v2\/media?parent=49149"}],"wp:term":[{"taxonomy":"category","embeddable":true,"href":"https:\/\/eldiariodesanpedro.com.ar\/sitio\/wp-json\/wp\/v2\/categories?post=49149"},{"taxonomy":"post_tag","embeddable":true,"href":"https:\/\/eldiariodesanpedro.com.ar\/sitio\/wp-json\/wp\/v2\/tags?post=49149"}],"curies":[{"name":"wp","href":"https:\/\/api.w.org\/{rel}","templated":true}]}}