{"id":49143,"date":"2019-03-18T18:32:18","date_gmt":"2019-03-18T21:32:18","guid":{"rendered":"https:\/\/eldiariodesanpedro.com.ar\/sitio\/?p=49143"},"modified":"2019-03-18T18:32:27","modified_gmt":"2019-03-18T21:32:27","slug":"baradero-en-la-plaza-colon-se-desarrollo-la-primera-feria-de-emprendedores-del-ano","status":"publish","type":"post","link":"https:\/\/eldiariodesanpedro.com.ar\/sitio\/baradero-en-la-plaza-colon-se-desarrollo-la-primera-feria-de-emprendedores-del-ano\/","title":{"rendered":"BARADERO: En la Plaza Col\u00f3n se desarroll\u00f3 la primera Feria de Emprendedores del a\u00f1o"},"content":{"rendered":"<!-- VideographyWP Plugin Message: Automatic video embedding prevented by plugin options. -->\n\n<p>En la Plaza Col\u00f3n se desarroll\u00f3 la primera Feria de Emprendedores del a\u00f1o<\/p>\n\n\n\n<p>El domingo pasado en la Plaza Col\u00f3n se desarroll\u00f3 una flamante edici\u00f3n de la Feria de Emprendedores a trav\u00e9s de la Direcci\u00f3n de Producci\u00f3n de la Municipalidad de Baradero. En la jornada, que cont\u00f3 con un buen clima, varios emprendedores exhibieron los productos en sus puestos.&nbsp;<\/p>\n\n\n\n<p>La Feria de Emprendedores cumplir\u00e1 la pr\u00f3xima edici\u00f3n el 14 de abril. Para m\u00e1s informaci\u00f3n acercarse a la oficina de la Direcci\u00f3n de Producci\u00f3n ubicada en el primer piso del edificio del CITEP, pr\u00f3ximo al Correo Argentino, de lunes a viernes desde las 7:00 a las 13:00 horas.<\/p>\n\n\n\n<p>Fuente: Tiempo Noticias<\/p>\n","protected":false},"excerpt":{"rendered":"<p>En la Plaza Col\u00f3n se desarroll\u00f3 la primera Feria de Emprendedores del a\u00f1o El domingo pasado en la Plaza Col\u00f3n se desarroll\u00f3 una flamante edici\u00f3n de la Feria de Emprendedores a trav\u00e9s de la Direcci\u00f3n de Producci\u00f3n de la Municipalidad de Baradero. En la jornada, que cont\u00f3 con un buen clima, varios emprendedores exhibieron los [&hellip;]<\/p>\n","protected":false},"author":4,"featured_media":49144,"comment_status":"open","ping_status":"closed","sticky":false,"template":"","format":"standard","meta":{"om_disable_all_campaigns":false,"_jetpack_memberships_contains_paid_content":false,"footnotes":""},"categories":[621],"tags":[],"class_list":["post-49143","post","type-post","status-publish","format-standard","has-post-thumbnail","hentry","category-regionales"],"aioseo_notices":[],"gutentor_comment":0,"jetpack_featured_media_url":"https:\/\/eldiariodesanpedro.com.ar\/sitio\/wp-content\/uploads\/2019\/03\/feria-de-emprendedores-baradero-640x428_1.jpg","jetpack_shortlink":"https:\/\/wp.me\/p6RhLt-cMD","jetpack_sharing_enabled":true,"_links":{"self":[{"href":"https:\/\/eldiariodesanpedro.com.ar\/sitio\/wp-json\/wp\/v2\/posts\/49143","targetHints":{"allow":["GET"]}}],"collection":[{"href":"https:\/\/eldiariodesanpedro.com.ar\/sitio\/wp-json\/wp\/v2\/posts"}],"about":[{"href":"https:\/\/eldiariodesanpedro.com.ar\/sitio\/wp-json\/wp\/v2\/types\/post"}],"author":[{"embeddable":true,"href":"https:\/\/eldiariodesanpedro.com.ar\/sitio\/wp-json\/wp\/v2\/users\/4"}],"replies":[{"embeddable":true,"href":"https:\/\/eldiariodesanpedro.com.ar\/sitio\/wp-json\/wp\/v2\/comments?post=49143"}],"version-history":[{"count":1,"href":"https:\/\/eldiariodesanpedro.com.ar\/sitio\/wp-json\/wp\/v2\/posts\/49143\/revisions"}],"predecessor-version":[{"id":49145,"href":"https:\/\/eldiariodesanpedro.com.ar\/sitio\/wp-json\/wp\/v2\/posts\/49143\/revisions\/49145"}],"wp:featuredmedia":[{"embeddable":true,"href":"https:\/\/eldiariodesanpedro.com.ar\/sitio\/wp-json\/wp\/v2\/media\/49144"}],"wp:attachment":[{"href":"https:\/\/eldiariodesanpedro.com.ar\/sitio\/wp-json\/wp\/v2\/media?parent=49143"}],"wp:term":[{"taxonomy":"category","embeddable":true,"href":"https:\/\/eldiariodesanpedro.com.ar\/sitio\/wp-json\/wp\/v2\/categories?post=49143"},{"taxonomy":"post_tag","embeddable":true,"href":"https:\/\/eldiariodesanpedro.com.ar\/sitio\/wp-json\/wp\/v2\/tags?post=49143"}],"curies":[{"name":"wp","href":"https:\/\/api.w.org\/{rel}","templated":true}]}}