{"id":49140,"date":"2019-03-18T18:30:28","date_gmt":"2019-03-18T21:30:28","guid":{"rendered":"https:\/\/eldiariodesanpedro.com.ar\/sitio\/?p=49140"},"modified":"2019-03-18T18:30:38","modified_gmt":"2019-03-18T21:30:38","slug":"baradero-murio-jorge-cavatorta-uno-de-los-hombres-de-la-cultura","status":"publish","type":"post","link":"https:\/\/eldiariodesanpedro.com.ar\/sitio\/baradero-murio-jorge-cavatorta-uno-de-los-hombres-de-la-cultura\/","title":{"rendered":"BARADERO: Muri\u00f3 Jorge Cavatorta, uno de los hombres de la cultura"},"content":{"rendered":"<!-- VideographyWP Plugin Message: Automatic video embedding prevented by plugin options. -->\n\n<p> Su fallecimiento se conoci\u00f3 en la tarde de ayer a los 80 a\u00f1os. En su trayectoria se desempe\u00f1\u00f3 como Director de Cultura, quedando como uno de sus legados la creaci\u00f3n de las \u201c\u00d3rdenes del Baradero\u201d.<\/p>\n\n\n\n<p>Fue Director de Teatro y tuvo a su cargo el Teatro Popular Baradero. Cavatorta fue fundador de la biblioteca Juan Manuel Estrada de club Atl\u00e9tico y dirigente de la misma instituci\u00f3n. En los \u00faltimos tiempos se hab\u00eda alejado de la actividad p\u00fablica por su estado de salud.<\/p>\n\n\n\n<p>Fuente: Tu L\u00ednea Directa<\/p>\n","protected":false},"excerpt":{"rendered":"<p>Su fallecimiento se conoci\u00f3 en la tarde de ayer a los 80 a\u00f1os. En su trayectoria se desempe\u00f1\u00f3 como Director de Cultura, quedando como uno de sus legados la creaci\u00f3n de las \u201c\u00d3rdenes del Baradero\u201d. Fue Director de Teatro y tuvo a su cargo el Teatro Popular Baradero. Cavatorta fue fundador de la biblioteca Juan [&hellip;]<\/p>\n","protected":false},"author":4,"featured_media":49141,"comment_status":"open","ping_status":"closed","sticky":false,"template":"","format":"standard","meta":{"om_disable_all_campaigns":false,"_jetpack_memberships_contains_paid_content":false,"footnotes":""},"categories":[621],"tags":[],"class_list":["post-49140","post","type-post","status-publish","format-standard","has-post-thumbnail","hentry","category-regionales"],"aioseo_notices":[],"gutentor_comment":0,"jetpack_featured_media_url":"https:\/\/eldiariodesanpedro.com.ar\/sitio\/wp-content\/uploads\/2019\/03\/baradero_19.jpg","jetpack_shortlink":"https:\/\/wp.me\/p6RhLt-cMA","jetpack_sharing_enabled":true,"_links":{"self":[{"href":"https:\/\/eldiariodesanpedro.com.ar\/sitio\/wp-json\/wp\/v2\/posts\/49140","targetHints":{"allow":["GET"]}}],"collection":[{"href":"https:\/\/eldiariodesanpedro.com.ar\/sitio\/wp-json\/wp\/v2\/posts"}],"about":[{"href":"https:\/\/eldiariodesanpedro.com.ar\/sitio\/wp-json\/wp\/v2\/types\/post"}],"author":[{"embeddable":true,"href":"https:\/\/eldiariodesanpedro.com.ar\/sitio\/wp-json\/wp\/v2\/users\/4"}],"replies":[{"embeddable":true,"href":"https:\/\/eldiariodesanpedro.com.ar\/sitio\/wp-json\/wp\/v2\/comments?post=49140"}],"version-history":[{"count":1,"href":"https:\/\/eldiariodesanpedro.com.ar\/sitio\/wp-json\/wp\/v2\/posts\/49140\/revisions"}],"predecessor-version":[{"id":49142,"href":"https:\/\/eldiariodesanpedro.com.ar\/sitio\/wp-json\/wp\/v2\/posts\/49140\/revisions\/49142"}],"wp:featuredmedia":[{"embeddable":true,"href":"https:\/\/eldiariodesanpedro.com.ar\/sitio\/wp-json\/wp\/v2\/media\/49141"}],"wp:attachment":[{"href":"https:\/\/eldiariodesanpedro.com.ar\/sitio\/wp-json\/wp\/v2\/media?parent=49140"}],"wp:term":[{"taxonomy":"category","embeddable":true,"href":"https:\/\/eldiariodesanpedro.com.ar\/sitio\/wp-json\/wp\/v2\/categories?post=49140"},{"taxonomy":"post_tag","embeddable":true,"href":"https:\/\/eldiariodesanpedro.com.ar\/sitio\/wp-json\/wp\/v2\/tags?post=49140"}],"curies":[{"name":"wp","href":"https:\/\/api.w.org\/{rel}","templated":true}]}}