{"id":49137,"date":"2019-03-18T18:27:21","date_gmt":"2019-03-18T21:27:21","guid":{"rendered":"https:\/\/eldiariodesanpedro.com.ar\/sitio\/?p=49137"},"modified":"2019-03-18T18:50:00","modified_gmt":"2019-03-18T21:50:00","slug":"zarate-una-mujer-fue-violada-delante-de-sus-tres-hijos-por-un-vecino-que-entro-a-robar-a-su-casa-en-zarate","status":"publish","type":"post","link":"https:\/\/eldiariodesanpedro.com.ar\/sitio\/zarate-una-mujer-fue-violada-delante-de-sus-tres-hijos-por-un-vecino-que-entro-a-robar-a-su-casa-en-zarate\/","title":{"rendered":"Z\u00c1RATE: Una mujer fue violada delante de sus tres hijos por un vecino que entr\u00f3 a robar a su casa en Z\u00e1rate"},"content":{"rendered":"<!-- VideographyWP Plugin Message: Automatic video embedding prevented by plugin options. -->\n\n<p> La mujer de 25 a\u00f1os fue maniatada juntos a sus hijos por el joven de 18 a\u00f1os que entr\u00f3 a robar armado con una cuchilla. La v\u00edctima quiso escapar pero al hacerlo fue violada por el ladr\u00f3n.<\/p>\n\n\n\n<p>Una mujer fue violada delante de sus tres hijos cuando intentaba escapar de un robo en su casa en Zarate. El delincuente fue reconocido por su v\u00edctima: se trata de un vecino suyo que cumpli\u00f3 18 a\u00f1os la semana pasada.<\/p>\n\n\n\n<p>El joven ingres\u00f3 esta ma\u00f1ana en la vivienda del barrio Itat\u00ed armado con una cuchilla y maniat\u00f3 a la mujer y a sus tres hijos. En un descuido del delincuente, la mujer de 25 a\u00f1os logr\u00f3 desatarse y quiso escapar para pedir ayuda.<\/p>\n\n\n\n<p>Sin embargo, el delincuente logr\u00f3 atraparla y la viol\u00f3 en su cama. Despu\u00e9s escap\u00f3 con dinero y objetos robados en la casa. La v\u00edctima lleg\u00f3 a reconocer al ladr\u00f3n: se trata de un vecino suyo de 18 a\u00f1os.<\/p>\n\n\n\n<p>Al allanar la casa del sospechoso encontraron los objetos robados. El chico de 18 a\u00f1os qued\u00f3 detenido por abuso sexual y robo agravado por el uso de armas.<\/p>\n\n\n\n<p>Fuente: Zarate Alerta<\/p>\n","protected":false},"excerpt":{"rendered":"<p>La mujer de 25 a\u00f1os fue maniatada juntos a sus hijos por el joven de 18 a\u00f1os que entr\u00f3 a robar armado con una cuchilla. La v\u00edctima quiso escapar pero al hacerlo fue violada por el ladr\u00f3n. Una mujer fue violada delante de sus tres hijos cuando intentaba escapar de un robo en su casa [&hellip;]<\/p>\n","protected":false},"author":4,"featured_media":49138,"comment_status":"open","ping_status":"closed","sticky":false,"template":"","format":"standard","meta":{"om_disable_all_campaigns":false,"_jetpack_memberships_contains_paid_content":false,"footnotes":""},"categories":[621],"tags":[],"class_list":["post-49137","post","type-post","status-publish","format-standard","has-post-thumbnail","hentry","category-regionales"],"aioseo_notices":[],"gutentor_comment":0,"jetpack_featured_media_url":"https:\/\/eldiariodesanpedro.com.ar\/sitio\/wp-content\/uploads\/2019\/03\/mujer_violada_zte.jpg","jetpack_shortlink":"https:\/\/wp.me\/p6RhLt-cMx","jetpack_sharing_enabled":true,"_links":{"self":[{"href":"https:\/\/eldiariodesanpedro.com.ar\/sitio\/wp-json\/wp\/v2\/posts\/49137","targetHints":{"allow":["GET"]}}],"collection":[{"href":"https:\/\/eldiariodesanpedro.com.ar\/sitio\/wp-json\/wp\/v2\/posts"}],"about":[{"href":"https:\/\/eldiariodesanpedro.com.ar\/sitio\/wp-json\/wp\/v2\/types\/post"}],"author":[{"embeddable":true,"href":"https:\/\/eldiariodesanpedro.com.ar\/sitio\/wp-json\/wp\/v2\/users\/4"}],"replies":[{"embeddable":true,"href":"https:\/\/eldiariodesanpedro.com.ar\/sitio\/wp-json\/wp\/v2\/comments?post=49137"}],"version-history":[{"count":2,"href":"https:\/\/eldiariodesanpedro.com.ar\/sitio\/wp-json\/wp\/v2\/posts\/49137\/revisions"}],"predecessor-version":[{"id":49155,"href":"https:\/\/eldiariodesanpedro.com.ar\/sitio\/wp-json\/wp\/v2\/posts\/49137\/revisions\/49155"}],"wp:featuredmedia":[{"embeddable":true,"href":"https:\/\/eldiariodesanpedro.com.ar\/sitio\/wp-json\/wp\/v2\/media\/49138"}],"wp:attachment":[{"href":"https:\/\/eldiariodesanpedro.com.ar\/sitio\/wp-json\/wp\/v2\/media?parent=49137"}],"wp:term":[{"taxonomy":"category","embeddable":true,"href":"https:\/\/eldiariodesanpedro.com.ar\/sitio\/wp-json\/wp\/v2\/categories?post=49137"},{"taxonomy":"post_tag","embeddable":true,"href":"https:\/\/eldiariodesanpedro.com.ar\/sitio\/wp-json\/wp\/v2\/tags?post=49137"}],"curies":[{"name":"wp","href":"https:\/\/api.w.org\/{rel}","templated":true}]}}