{"id":49132,"date":"2019-03-18T18:11:08","date_gmt":"2019-03-18T21:11:08","guid":{"rendered":"https:\/\/eldiariodesanpedro.com.ar\/sitio\/?p=49132"},"modified":"2019-03-18T19:08:15","modified_gmt":"2019-03-18T22:08:15","slug":"el-sampedrino-alejandro-juan-bennazar-realizo-una-presentacion-junto-al-presidente-mauricio-macri","status":"publish","type":"post","link":"https:\/\/eldiariodesanpedro.com.ar\/sitio\/el-sampedrino-alejandro-juan-bennazar-realizo-una-presentacion-junto-al-presidente-mauricio-macri\/","title":{"rendered":"El sampedrino Alejandro Juan Bennazar realiz\u00f3 una presentaci\u00f3n junto al Presidente Mauricio Macri"},"content":{"rendered":"<!-- VideographyWP Plugin Message: Automatic video embedding prevented by plugin options. -->\n\n<p>El presidente Mauricio Macri y el titular de la C\u00e1mara Inmobiliaria Argentina, Alejandro Bennazar, presentaron esta ma\u00f1ana el boleto electr\u00f3nico inmobiliario en el Centro Cultural N\u00e9stor Kirchner (CCK).\u00a0<\/p>\n\n\n\n<p>Se trata de una plataforma digital para agilizar los tr\u00e1mites inmobiliarios e intentar reactivar el cr\u00e9dito para la compra de viviendas, se inform\u00f3 oficialmente.&nbsp;<\/p>\n\n\n\n<p>La medida, que cuenta con el auspicio de la Secretar\u00eda de Vivienda y de Modernizaci\u00f3n, incentiva a comprar desde el pozo, es decir, antes de la construcci\u00f3n de la vivienda.&nbsp;<\/p>\n\n\n\n<p>En ese sentido, Macri manifest\u00f3 que antes s\u00f3lo pod\u00edan hacerlo los \u00abinversores\u00bb y sostuvo que a partir de ahora \u00abcada vez m\u00e1s personas\u00bb estar\u00e1n en condiciones de construir su casa desde cero.<\/p>\n\n\n\n<p>Asimismo, dijo que el acceso a la vivienda propia ser\u00e1 \u00abm\u00e1s barato y m\u00e1s transparente\u00bb.<\/p>\n\n\n\n<p>Por su parte, Bennazar agreg\u00f3 que el proceso permite \u00abahorrar gracias a que no tiene procesos burocr\u00e1ticos\u00bb y que eso \u00abse ve reflejado en el precio final\u00bb.<\/p>\n\n\n\n<figure class=\"wp-block-image\"><img decoding=\"async\" width=\"1600\" height=\"900\" data-attachment-id=\"49134\" data-permalink=\"https:\/\/eldiariodesanpedro.com.ar\/sitio\/el-sampedrino-alejandro-juan-bennazar-realizo-una-presentacion-junto-al-presidente-mauricio-macri\/2019-03-18-2\/\" data-orig-file=\"https:\/\/eldiariodesanpedro.com.ar\/sitio\/wp-content\/uploads\/2019\/03\/2019-03-18-2.png\" data-orig-size=\"1600,900\" data-comments-opened=\"1\" data-image-meta=\"{&quot;aperture&quot;:&quot;0&quot;,&quot;credit&quot;:&quot;&quot;,&quot;camera&quot;:&quot;&quot;,&quot;caption&quot;:&quot;&quot;,&quot;created_timestamp&quot;:&quot;0&quot;,&quot;copyright&quot;:&quot;&quot;,&quot;focal_length&quot;:&quot;0&quot;,&quot;iso&quot;:&quot;0&quot;,&quot;shutter_speed&quot;:&quot;0&quot;,&quot;title&quot;:&quot;&quot;,&quot;orientation&quot;:&quot;0&quot;}\" data-image-title=\"2019-03-18 (2)\" data-image-description=\"\" data-image-caption=\"\" data-large-file=\"https:\/\/eldiariodesanpedro.com.ar\/sitio\/wp-content\/uploads\/2019\/03\/2019-03-18-2-1024x576.png\" data-src=\"https:\/\/i2.wp.com\/eldiariodesanpedro.com.ar\/sitio\/wp-content\/uploads\/2019\/03\/2019-03-18-2.png?fit=660%2C371\" alt=\"\" class=\"wp-image-49134 lazyload\" data-srcset=\"https:\/\/eldiariodesanpedro.com.ar\/sitio\/wp-content\/uploads\/2019\/03\/2019-03-18-2.png 1600w, https:\/\/eldiariodesanpedro.com.ar\/sitio\/wp-content\/uploads\/2019\/03\/2019-03-18-2-300x169.png 300w, https:\/\/eldiariodesanpedro.com.ar\/sitio\/wp-content\/uploads\/2019\/03\/2019-03-18-2-768x432.png 768w, https:\/\/eldiariodesanpedro.com.ar\/sitio\/wp-content\/uploads\/2019\/03\/2019-03-18-2-1024x576.png 1024w\" data-sizes=\"(max-width: 1600px) 100vw, 1600px\" src=\"data:image\/svg+xml;base64,PHN2ZyB3aWR0aD0iMSIgaGVpZ2h0PSIxIiB4bWxucz0iaHR0cDovL3d3dy53My5vcmcvMjAwMC9zdmciPjwvc3ZnPg==\" style=\"--smush-placeholder-width: 1600px; --smush-placeholder-aspect-ratio: 1600\/900;\" \/><\/figure>\n\n\n\n<p>Macri tambi\u00e9n enfatiz\u00f3 que no se puede seguir m\u00e1s con los \u00abtr\u00e1mites personales\u00bb y que es necesario pasar a los \u00abtr\u00e1mites a distancia\u00bb.<\/p>\n\n\n\n<p>Por \u00faltimo, el mandatario destac\u00f3 que \u00ab175.000 familias accedieron a un cr\u00e9dito en los \u00faltimos tres a\u00f1os\u00bb y recalc\u00f3 que espera que todas las provincias \u00abadhieran a esta reforma innovadora\u00bb.<\/p>\n\n\n\n<ul class=\"wp-block-list\"><li>La implementaci\u00f3n del Boleto Digital y Gestor Documental Electr\u00f3nico Inmobiliario permitir\u00e1 acelerar los tiempos de las operaciones, reducir intermediaciones y bajar los costos.<\/li><li>Es una de las iniciativas que el Gobierno, junto a la C\u00e1mara Inmobiliaria Argentina, lleva adelante para fomentar el desarrollo de los sectores vinculados con la construcci\u00f3n, operatoria y bancario.<\/li><li>El boleto se puede registrar en la Ciudad de Buenos Aires, pero el Gobierno invita a los registros de las provincias a que sancionen un sistema similar.<\/li><li>La nueva herramienta es una respuesta a los problemas con los que hasta ahora ten\u00edan que lidiar corredores inmobiliarios, martilleros, escribanos, arquitectos e ingenieros.<\/li><\/ul>\n\n\n\n<p>Entre las medidas adoptadas para fomentar el acceso a la vivienda familiar se destacan exenciones del IVA y del Impuesto a las Ganancias, la registraci\u00f3n de boletos de compra-venta, y la creaci\u00f3n del Fondo de Garant\u00eda y Administraci\u00f3n para el Financiamiento de la Vivienda Social (Fogaviso).<\/p>\n\n\n\n<p>A su vez, Iv\u00e1n Kerr, explic\u00f3 que la Ley de Presupuesto prev\u00e9 un \u201cincentivo de devoluci\u00f3n del 10 por ciento del IVA sobre el precio final de venta\u201d.<\/p>\n\n\n\n<p>Se\u00f1al\u00f3 que, del mismo modo, se habr\u00e1 una reglamentaci\u00f3n para los fondos comunes de inversi\u00f3n inmobiliaria que permita \u201ctener una exenci\u00f3n en ganancias en su tributaci\u00f3n\u201d.<\/p>\n\n\n\n<p>Fuente: La Voz<\/p>\n\n\n\n<figure class=\"wp-block-embed-youtube wp-block-embed is-type-video is-provider-youtube wp-embed-aspect-16-9 wp-has-aspect-ratio\"><div class=\"wp-block-embed__wrapper\">\n<iframe  style=\"display: block; margin: 0px auto;\"  id=\"_ytid_10682\"  width=\"640\" height=\"360\"  data-origwidth=\"640\" data-origheight=\"360\" src=\"https:\/\/www.youtube.com\/embed\/dMpzrsUFUCY?enablejsapi=1&#038;autoplay=0&#038;cc_load_policy=0&#038;cc_lang_pref=&#038;iv_load_policy=1&#038;loop=0&#038;rel=1&#038;fs=1&#038;playsinline=0&#038;autohide=2&#038;theme=dark&#038;color=red&#038;controls=1&#038;disablekb=0&#038;\" class=\"__youtube_prefs__  epyt-is-override  no-lazyload\" title=\"YouTube player\"  allow=\"fullscreen; accelerometer; autoplay; clipboard-write; encrypted-media; gyroscope; picture-in-picture; web-share\" referrerpolicy=\"strict-origin-when-cross-origin\" allowfullscreen data-no-lazy=\"1\" data-skipgform_ajax_framebjll=\"\"><\/iframe>\n<\/div><\/figure>\n","protected":false},"excerpt":{"rendered":"<p>El presidente Mauricio Macri y el titular de la C\u00e1mara Inmobiliaria Argentina, Alejandro Bennazar, presentaron esta ma\u00f1ana el boleto electr\u00f3nico inmobiliario en el Centro Cultural N\u00e9stor Kirchner (CCK).\u00a0 Se trata de una plataforma digital para agilizar los tr\u00e1mites inmobiliarios e intentar reactivar el cr\u00e9dito para la compra de viviendas, se inform\u00f3 oficialmente.&nbsp; La medida, que [&hellip;]<\/p>\n","protected":false},"author":4,"featured_media":49133,"comment_status":"open","ping_status":"closed","sticky":false,"template":"","format":"standard","meta":{"om_disable_all_campaigns":false,"_jetpack_memberships_contains_paid_content":false,"footnotes":""},"categories":[50,101,2],"tags":[],"class_list":["post-49132","post","type-post","status-publish","format-standard","has-post-thumbnail","hentry","category-destacadas","category-interes-general-locales","category-locales"],"aioseo_notices":[],"gutentor_comment":0,"jetpack_featured_media_url":"https:\/\/eldiariodesanpedro.com.ar\/sitio\/wp-content\/uploads\/2019\/03\/2019-03-18-3.png","jetpack_shortlink":"https:\/\/wp.me\/p6RhLt-cMs","jetpack_sharing_enabled":true,"_links":{"self":[{"href":"https:\/\/eldiariodesanpedro.com.ar\/sitio\/wp-json\/wp\/v2\/posts\/49132","targetHints":{"allow":["GET"]}}],"collection":[{"href":"https:\/\/eldiariodesanpedro.com.ar\/sitio\/wp-json\/wp\/v2\/posts"}],"about":[{"href":"https:\/\/eldiariodesanpedro.com.ar\/sitio\/wp-json\/wp\/v2\/types\/post"}],"author":[{"embeddable":true,"href":"https:\/\/eldiariodesanpedro.com.ar\/sitio\/wp-json\/wp\/v2\/users\/4"}],"replies":[{"embeddable":true,"href":"https:\/\/eldiariodesanpedro.com.ar\/sitio\/wp-json\/wp\/v2\/comments?post=49132"}],"version-history":[{"count":1,"href":"https:\/\/eldiariodesanpedro.com.ar\/sitio\/wp-json\/wp\/v2\/posts\/49132\/revisions"}],"predecessor-version":[{"id":49135,"href":"https:\/\/eldiariodesanpedro.com.ar\/sitio\/wp-json\/wp\/v2\/posts\/49132\/revisions\/49135"}],"wp:featuredmedia":[{"embeddable":true,"href":"https:\/\/eldiariodesanpedro.com.ar\/sitio\/wp-json\/wp\/v2\/media\/49133"}],"wp:attachment":[{"href":"https:\/\/eldiariodesanpedro.com.ar\/sitio\/wp-json\/wp\/v2\/media?parent=49132"}],"wp:term":[{"taxonomy":"category","embeddable":true,"href":"https:\/\/eldiariodesanpedro.com.ar\/sitio\/wp-json\/wp\/v2\/categories?post=49132"},{"taxonomy":"post_tag","embeddable":true,"href":"https:\/\/eldiariodesanpedro.com.ar\/sitio\/wp-json\/wp\/v2\/tags?post=49132"}],"curies":[{"name":"wp","href":"https:\/\/api.w.org\/{rel}","templated":true}]}}