{"id":49130,"date":"2019-03-18T17:23:40","date_gmt":"2019-03-18T20:23:40","guid":{"rendered":"https:\/\/eldiariodesanpedro.com.ar\/sitio\/?p=49130"},"modified":"2019-03-18T17:23:49","modified_gmt":"2019-03-18T20:23:49","slug":"coopser-informa-diagrama-de-cortes-para-manana-por-tareas-de-mantenimiento","status":"publish","type":"post","link":"https:\/\/eldiariodesanpedro.com.ar\/sitio\/coopser-informa-diagrama-de-cortes-para-manana-por-tareas-de-mantenimiento\/","title":{"rendered":"COOPSER INFORMA: Diagrama de cortes para ma\u00f1ana por tareas de mantenimiento"},"content":{"rendered":"<!-- VideographyWP Plugin Message: Automatic video embedding prevented by plugin options. -->\n\n<p> El Departamento El\u00e9ctrico de COOPSER informa que para ma\u00f1ana MARTES 19 DE MARZO se ha programado un corte de energ\u00eda por tareas de mantenimiento, cubriendo las siguientes zonas, en el horario\u00a0<strong>de 7:30 a 13 hs.\u00a0<\/strong><\/p>\n\n\n\n<p>Zona I: Ruta 1001 desde Chivilcoy a Noseda<\/p>\n\n\n\n<p>Zona II: Desde Ruta 1001&nbsp; a&nbsp; Am\u00e9rica entre Av. Sarmiento y Callej\u00f3n Uriarte<\/p>\n\n\n\n<p>Zona III: Barrios Los Tilos y Los 4 Robles<\/p>\n\n\n\n<p>Zona IV: Desde calle Laprida a Urraco entre calles J. Hern\u00e1ndez y M. Fierro\n\n<\/p>\n","protected":false},"excerpt":{"rendered":"<p>El Departamento El\u00e9ctrico de COOPSER informa que para ma\u00f1ana MARTES 19 DE MARZO se ha programado un corte de energ\u00eda por tareas de mantenimiento, cubriendo las siguientes zonas, en el horario\u00a0de 7:30 a 13 hs.\u00a0 Zona I: Ruta 1001 desde Chivilcoy a Noseda Zona II: Desde Ruta 1001&nbsp; a&nbsp; Am\u00e9rica entre Av. Sarmiento y Callej\u00f3n [&hellip;]<\/p>\n","protected":false},"author":4,"featured_media":35497,"comment_status":"open","ping_status":"closed","sticky":false,"template":"","format":"standard","meta":{"om_disable_all_campaigns":false,"_jetpack_memberships_contains_paid_content":false,"footnotes":""},"categories":[101,2],"tags":[],"class_list":["post-49130","post","type-post","status-publish","format-standard","has-post-thumbnail","hentry","category-interes-general-locales","category-locales"],"aioseo_notices":[],"gutentor_comment":0,"jetpack_featured_media_url":"https:\/\/eldiariodesanpedro.com.ar\/sitio\/wp-content\/uploads\/2018\/06\/coopser.jpg","jetpack_shortlink":"https:\/\/wp.me\/p6RhLt-cMq","jetpack_sharing_enabled":true,"_links":{"self":[{"href":"https:\/\/eldiariodesanpedro.com.ar\/sitio\/wp-json\/wp\/v2\/posts\/49130","targetHints":{"allow":["GET"]}}],"collection":[{"href":"https:\/\/eldiariodesanpedro.com.ar\/sitio\/wp-json\/wp\/v2\/posts"}],"about":[{"href":"https:\/\/eldiariodesanpedro.com.ar\/sitio\/wp-json\/wp\/v2\/types\/post"}],"author":[{"embeddable":true,"href":"https:\/\/eldiariodesanpedro.com.ar\/sitio\/wp-json\/wp\/v2\/users\/4"}],"replies":[{"embeddable":true,"href":"https:\/\/eldiariodesanpedro.com.ar\/sitio\/wp-json\/wp\/v2\/comments?post=49130"}],"version-history":[{"count":1,"href":"https:\/\/eldiariodesanpedro.com.ar\/sitio\/wp-json\/wp\/v2\/posts\/49130\/revisions"}],"predecessor-version":[{"id":49131,"href":"https:\/\/eldiariodesanpedro.com.ar\/sitio\/wp-json\/wp\/v2\/posts\/49130\/revisions\/49131"}],"wp:featuredmedia":[{"embeddable":true,"href":"https:\/\/eldiariodesanpedro.com.ar\/sitio\/wp-json\/wp\/v2\/media\/35497"}],"wp:attachment":[{"href":"https:\/\/eldiariodesanpedro.com.ar\/sitio\/wp-json\/wp\/v2\/media?parent=49130"}],"wp:term":[{"taxonomy":"category","embeddable":true,"href":"https:\/\/eldiariodesanpedro.com.ar\/sitio\/wp-json\/wp\/v2\/categories?post=49130"},{"taxonomy":"post_tag","embeddable":true,"href":"https:\/\/eldiariodesanpedro.com.ar\/sitio\/wp-json\/wp\/v2\/tags?post=49130"}],"curies":[{"name":"wp","href":"https:\/\/api.w.org\/{rel}","templated":true}]}}