{"id":49127,"date":"2019-03-18T12:37:08","date_gmt":"2019-03-18T15:37:08","guid":{"rendered":"https:\/\/eldiariodesanpedro.com.ar\/sitio\/?p=49127"},"modified":"2019-03-18T19:17:03","modified_gmt":"2019-03-18T22:17:03","slug":"el-caso-espindola-camino-a-prescribir","status":"publish","type":"post","link":"https:\/\/eldiariodesanpedro.com.ar\/sitio\/el-caso-espindola-camino-a-prescribir\/","title":{"rendered":"El caso Esp\u00edndola camino a prescribir"},"content":{"rendered":"<!-- VideographyWP Plugin Message: Automatic video embedding prevented by plugin options. -->\n\n<p>El tiempo transcurrido jugar\u00eda un rol determinante en la causa para que el pedido efectuado por el abogado Mauricio Gugger prospere.\u00a0 <\/p>\n\n\n\n<p>El pasado viernes las supuestas v\u00edctimas del sindicalista Fernando Esp\u00edndola se presentaron en la Fiscal\u00eda 5 y mantuvieron una entrevista con uno de los auxiliares del Dr. Marcelo Manso. All\u00ed las hermanas Cintia y Sonia Esp\u00edndola ratificaron las acusaciones contra el tambi\u00e9n concejal del Frente Renovador.<\/p>\n\n\n\n<p><br>A la vez, ambas declaraciones fueron presenciadas por el Dr. Mauricio Gugger, abogado patrocinante del acusado, quien permaneci\u00f3 en la sala mientras dur\u00f3 el encuentro.&nbsp;<br>Ante todo lo expuesto&nbsp; y tras haber escuchado a las denunciantes el abogado present\u00f3 formalmente el pedido de prescripci\u00f3n de la causa debido a los a\u00f1os que transitaron hasta que las mujeres decidieron radicar las denuncias.&nbsp;<\/p>\n\n\n\n<p><br>El Fiscal Manso asegur\u00f3 a San Pedro Informa que convocar\u00e1 de nuevo a las hermanas ya que la puntualizaci\u00f3n de las fechas en que se dieron los hechos juegan un rol preponderante en todo esto, y no solo por la probable prescripci\u00f3n de la causa sino tambi\u00e9n para observar si el caso sigue su instrucci\u00f3n en la justicia de menores debido a las edades que ten\u00edan Cintia y Sonia Esp\u00edndola en el momento en que presuntamente fueron cometidos los abusos.<\/p>\n\n\n\n<p><br>Es bueno resaltar que seg\u00fan la mujer\u00a0 los hechos acontecieron cuando ten\u00eda entre 7 y 13 a\u00f1os, y hoy ya tiene 40. El per\u00edodo transcurrido ser\u00eda determinante para que el Fiscal Manso o en todo caso la justicia de menores decrete la prescripci\u00f3n de la causa.<\/p>\n\n\n\n<p>Fuente: San Pedro Informa<\/p>\n","protected":false},"excerpt":{"rendered":"<p>El tiempo transcurrido jugar\u00eda un rol determinante en la causa para que el pedido efectuado por el abogado Mauricio Gugger prospere.\u00a0 El pasado viernes las supuestas v\u00edctimas del sindicalista Fernando Esp\u00edndola se presentaron en la Fiscal\u00eda 5 y mantuvieron una entrevista con uno de los auxiliares del Dr. Marcelo Manso. All\u00ed las hermanas Cintia y [&hellip;]<\/p>\n","protected":false},"author":4,"featured_media":49128,"comment_status":"open","ping_status":"closed","sticky":false,"template":"","format":"standard","meta":{"om_disable_all_campaigns":false,"_jetpack_memberships_contains_paid_content":false,"footnotes":""},"categories":[50,101,2],"tags":[],"class_list":["post-49127","post","type-post","status-publish","format-standard","has-post-thumbnail","hentry","category-destacadas","category-interes-general-locales","category-locales"],"aioseo_notices":[],"gutentor_comment":0,"jetpack_featured_media_url":"https:\/\/eldiariodesanpedro.com.ar\/sitio\/wp-content\/uploads\/2019\/03\/000076091.jpg","jetpack_shortlink":"https:\/\/wp.me\/p6RhLt-cMn","jetpack_sharing_enabled":true,"_links":{"self":[{"href":"https:\/\/eldiariodesanpedro.com.ar\/sitio\/wp-json\/wp\/v2\/posts\/49127","targetHints":{"allow":["GET"]}}],"collection":[{"href":"https:\/\/eldiariodesanpedro.com.ar\/sitio\/wp-json\/wp\/v2\/posts"}],"about":[{"href":"https:\/\/eldiariodesanpedro.com.ar\/sitio\/wp-json\/wp\/v2\/types\/post"}],"author":[{"embeddable":true,"href":"https:\/\/eldiariodesanpedro.com.ar\/sitio\/wp-json\/wp\/v2\/users\/4"}],"replies":[{"embeddable":true,"href":"https:\/\/eldiariodesanpedro.com.ar\/sitio\/wp-json\/wp\/v2\/comments?post=49127"}],"version-history":[{"count":1,"href":"https:\/\/eldiariodesanpedro.com.ar\/sitio\/wp-json\/wp\/v2\/posts\/49127\/revisions"}],"predecessor-version":[{"id":49129,"href":"https:\/\/eldiariodesanpedro.com.ar\/sitio\/wp-json\/wp\/v2\/posts\/49127\/revisions\/49129"}],"wp:featuredmedia":[{"embeddable":true,"href":"https:\/\/eldiariodesanpedro.com.ar\/sitio\/wp-json\/wp\/v2\/media\/49128"}],"wp:attachment":[{"href":"https:\/\/eldiariodesanpedro.com.ar\/sitio\/wp-json\/wp\/v2\/media?parent=49127"}],"wp:term":[{"taxonomy":"category","embeddable":true,"href":"https:\/\/eldiariodesanpedro.com.ar\/sitio\/wp-json\/wp\/v2\/categories?post=49127"},{"taxonomy":"post_tag","embeddable":true,"href":"https:\/\/eldiariodesanpedro.com.ar\/sitio\/wp-json\/wp\/v2\/tags?post=49127"}],"curies":[{"name":"wp","href":"https:\/\/api.w.org\/{rel}","templated":true}]}}