{"id":49113,"date":"2019-03-18T10:22:57","date_gmt":"2019-03-18T13:22:57","guid":{"rendered":"https:\/\/eldiariodesanpedro.com.ar\/sitio\/?p=49113"},"modified":"2019-03-18T10:23:07","modified_gmt":"2019-03-18T13:23:07","slug":"zarate-recoleccion-de-residuos-el-contrato-con-agrotecnica-fueguina-vence-en-la-medianoche-de-este-lunes","status":"publish","type":"post","link":"https:\/\/eldiariodesanpedro.com.ar\/sitio\/zarate-recoleccion-de-residuos-el-contrato-con-agrotecnica-fueguina-vence-en-la-medianoche-de-este-lunes\/","title":{"rendered":"ZARATE: Recolecci\u00f3n de residuos: El contrato con Agrot\u00e9cnica Fueguina vence en la medianoche de este lunes"},"content":{"rendered":"<!-- VideographyWP Plugin Message: Automatic video embedding prevented by plugin options. -->\n\n<p>La situaci\u00f3n ya es alarmante para los vecinos zarate\u00f1os, tras las medidas de fuerza declaradas por los trabajadores de Agrot\u00e9cnica Fueguina, sobre el filo de la semana pasada, el servicio se hab\u00eda normalizado parcialmente aunque en muchos vecindarios siguieron reclamando por la presencia de la recolecci\u00f3n. Ariel D\u00edaz, Secretario General del Sindicato de Choferes y Camiones, en di\u00e1logo con nuestro colega, Emiliano Navari, Cablevisi\u00f3n Noticias, fue claro en sus declaraciones\u2026<em>\u201cLos compa\u00f1eros est\u00e1n cumpliendo con el servicio con las pocas herramientas que tienen y en un compromiso con los vecinos\u201d<\/em>\u2026<\/p>\n\n\n\n<p><em>\u201cDe ocho camiones destinados al Partido solo funcionaban tres y no en perfectas condiciones, con todos los problemas que eso ocasiona a los compa\u00f1eros\u201d<\/em>, se\u00f1alaba D\u00edaz.<\/p>\n\n\n\n<p><em>\u201cLa empresa hizo un aporte, el Municipio tambi\u00e9n agreg\u00f3 un par de camiones y los trabajadores asumieron el compromiso de normalizar el servicio pero se est\u00e1 cumpliendo con los pocos elementos que tienen\u201d<\/em>, remarc\u00f3 y agreg\u00f3,&nbsp;<em>\u201cla prestaci\u00f3n sea con cinco, tres o un veh\u00edculo se har\u00e1 hasta la medianoche del lunes, momento en que caduca el contrato entre Agrot\u00e9cnica y el Municipio\u201d.<\/em><\/p>\n\n\n\n<p>Consultado sobre que pasar\u00e1 a partir de ese momento dijo,&nbsp;<em>\u201cvale aclarar que este no es un problema sindical, es una situaci\u00f3n entre contratante y contratado y ser\u00e1n ellos los que tendr\u00e1n la respuesta\u201d.<\/em><\/p>\n\n\n\n<p><em>\u201cDesde nuestro lugar<\/em>\u00a0\u2013 continu\u00f3 \u2013<em>\u00a0solo esperamos eso: respuestas. Hay mucha incertidumbre pero sea como sea si la actual empresa se queda o viene una nueva, tendr\u00e1 que asumir el compromiso de brindar las mejores condiciones de trabajo para los compa\u00f1eros, algo que no se estaba cumpliendo\u201d.<\/em><\/p>\n\n\n\n<p>Fuente: Enlace Critico<\/p>\n\n\n\n<p><br><\/p>\n","protected":false},"excerpt":{"rendered":"<p>La situaci\u00f3n ya es alarmante para los vecinos zarate\u00f1os, tras las medidas de fuerza declaradas por los trabajadores de Agrot\u00e9cnica Fueguina, sobre el filo de la semana pasada, el servicio se hab\u00eda normalizado parcialmente aunque en muchos vecindarios siguieron reclamando por la presencia de la recolecci\u00f3n. Ariel D\u00edaz, Secretario General del Sindicato de Choferes y [&hellip;]<\/p>\n","protected":false},"author":4,"featured_media":49114,"comment_status":"open","ping_status":"closed","sticky":false,"template":"","format":"standard","meta":{"om_disable_all_campaigns":false,"_jetpack_memberships_contains_paid_content":false,"footnotes":""},"categories":[621],"tags":[],"class_list":["post-49113","post","type-post","status-publish","format-standard","has-post-thumbnail","hentry","category-regionales"],"aioseo_notices":[],"gutentor_comment":0,"jetpack_featured_media_url":"https:\/\/eldiariodesanpedro.com.ar\/sitio\/wp-content\/uploads\/2019\/03\/camion-de-agrotecnica-fueguina-6-1_658x400.jpg","jetpack_shortlink":"https:\/\/wp.me\/p6RhLt-cM9","jetpack_sharing_enabled":true,"_links":{"self":[{"href":"https:\/\/eldiariodesanpedro.com.ar\/sitio\/wp-json\/wp\/v2\/posts\/49113","targetHints":{"allow":["GET"]}}],"collection":[{"href":"https:\/\/eldiariodesanpedro.com.ar\/sitio\/wp-json\/wp\/v2\/posts"}],"about":[{"href":"https:\/\/eldiariodesanpedro.com.ar\/sitio\/wp-json\/wp\/v2\/types\/post"}],"author":[{"embeddable":true,"href":"https:\/\/eldiariodesanpedro.com.ar\/sitio\/wp-json\/wp\/v2\/users\/4"}],"replies":[{"embeddable":true,"href":"https:\/\/eldiariodesanpedro.com.ar\/sitio\/wp-json\/wp\/v2\/comments?post=49113"}],"version-history":[{"count":1,"href":"https:\/\/eldiariodesanpedro.com.ar\/sitio\/wp-json\/wp\/v2\/posts\/49113\/revisions"}],"predecessor-version":[{"id":49115,"href":"https:\/\/eldiariodesanpedro.com.ar\/sitio\/wp-json\/wp\/v2\/posts\/49113\/revisions\/49115"}],"wp:featuredmedia":[{"embeddable":true,"href":"https:\/\/eldiariodesanpedro.com.ar\/sitio\/wp-json\/wp\/v2\/media\/49114"}],"wp:attachment":[{"href":"https:\/\/eldiariodesanpedro.com.ar\/sitio\/wp-json\/wp\/v2\/media?parent=49113"}],"wp:term":[{"taxonomy":"category","embeddable":true,"href":"https:\/\/eldiariodesanpedro.com.ar\/sitio\/wp-json\/wp\/v2\/categories?post=49113"},{"taxonomy":"post_tag","embeddable":true,"href":"https:\/\/eldiariodesanpedro.com.ar\/sitio\/wp-json\/wp\/v2\/tags?post=49113"}],"curies":[{"name":"wp","href":"https:\/\/api.w.org\/{rel}","templated":true}]}}