{"id":49110,"date":"2019-03-18T10:12:40","date_gmt":"2019-03-18T13:12:40","guid":{"rendered":"https:\/\/eldiariodesanpedro.com.ar\/sitio\/?p=49110"},"modified":"2019-03-18T10:12:51","modified_gmt":"2019-03-18T13:12:51","slug":"baradero-hackearon-datos-de-litoral-gas-y-accedieron-a-la-base-de-usuarios","status":"publish","type":"post","link":"https:\/\/eldiariodesanpedro.com.ar\/sitio\/baradero-hackearon-datos-de-litoral-gas-y-accedieron-a-la-base-de-usuarios\/","title":{"rendered":"BARADERO: Hackearon datos de Litoral Gas y accedieron a la base de usuarios"},"content":{"rendered":"<!-- VideographyWP Plugin Message: Automatic video embedding prevented by plugin options. -->\n\n<p>Los delincuentes obtuvieron nombres, domicilios n\u00fameros de CUIL y DNI. Hay varios baraderenses afectados. <\/p>\n\n\n\n<p>El martes lleg\u00f3 a varios domicilios de Baradero una notificaci\u00f3n de Litoral Gas donde les informaron: \u201cEstimado cliente, nos ponemos en contacto con Ud. a fin de comunicarle que nuestro sistema de seguridad inform\u00e1tica ha detectado la descarga no autorizada por una persona desconocida desde Internet de la factura (\u2026) de su servicio de gas natural\u201d Inicia la informaci\u00f3n oficial.<\/p>\n\n\n\n<p> En ese primer p\u00e1rrafo est\u00e1 detallado el n\u00famero de la factura y el per\u00edodo correspondiente. Esto implica que quien descarg\u00f3 las facturas pudo violar el sistema de seguridad de Litoral Gas y de esa manera accedi\u00f3 a datos personales de los usuarios. <\/p>\n\n\n\n<p>As\u00ed el hacker obtuvo el nombre de los usuarios, el domicilio, el n\u00famero de CUIL y el n\u00famero de DNI. <\/p>\n\n\n\n<p>Todos datos que podr\u00edan utilizarse para cometer otro il\u00edcito. En la misiva, la empresa tambi\u00e9n se\u00f1al\u00f3: \u201cLitoral Gas S.A. le informa que ha realizado la correspondiente denuncia ante el Ministerio P\u00fablico Fiscal\u201d. Puntualmente la radicaron en la Fiscal\u00eda N\u00b0 3 de la ciudad de Rosario, el d\u00eda 15 de febrero de 2019. <\/p>\n\n\n\n<p>Adem\u00e1s agregaron el n\u00famero de expediente. \u201cSi bien esta situaci\u00f3n in\u00e9dita y excepcional no reviste gravedad, no le debiera ocasionar da\u00f1o alguno, queremos que est\u00e1 debidamente informado sobre la misma\u201d informaron. Y aclararon \u201cSi ya tiene en su poder la factura citada puede abonarla en la forma habitual en cualquier entidad de cobranza autorizada por Litoral Gas S.A. o en nuestras oficinas comerciales. <\/p>\n\n\n\n<p>Si ya ha sido pagada, habremos ingresado y registrado oportunamente el pago en su cuenta, con normalidad\u201d. Las facturas hackeadas son de noviembre de 2018.<\/p>\n\n\n\n<p> Por \u00faltimo resaltaron. \u201d No acepte ning\u00fan tipo de requerimiento o gesti\u00f3n de terceros\u201d y \u201cante cualquier duda cons\u00faltenos a nuestro tel\u00e9fono comercial 0800-444-5427 o concurra a nuestras sucursales\u201d. La formalidad de las \u00faltimas lineas \u201cRogamos sepa disculpar los posibles inconvenientes causados\u201d.<\/p>\n","protected":false},"excerpt":{"rendered":"<p>Los delincuentes obtuvieron nombres, domicilios n\u00fameros de CUIL y DNI. Hay varios baraderenses afectados. El martes lleg\u00f3 a varios domicilios de Baradero una notificaci\u00f3n de Litoral Gas donde les informaron: \u201cEstimado cliente, nos ponemos en contacto con Ud. a fin de comunicarle que nuestro sistema de seguridad inform\u00e1tica ha detectado la descarga no autorizada por [&hellip;]<\/p>\n","protected":false},"author":4,"featured_media":49111,"comment_status":"open","ping_status":"closed","sticky":false,"template":"","format":"standard","meta":{"om_disable_all_campaigns":false,"_jetpack_memberships_contains_paid_content":false,"footnotes":""},"categories":[621],"tags":[],"class_list":["post-49110","post","type-post","status-publish","format-standard","has-post-thumbnail","hentry","category-regionales"],"aioseo_notices":[],"gutentor_comment":0,"jetpack_featured_media_url":"https:\/\/eldiariodesanpedro.com.ar\/sitio\/wp-content\/uploads\/2019\/03\/blitoral-gas.jpg","jetpack_shortlink":"https:\/\/wp.me\/p6RhLt-cM6","jetpack_sharing_enabled":true,"_links":{"self":[{"href":"https:\/\/eldiariodesanpedro.com.ar\/sitio\/wp-json\/wp\/v2\/posts\/49110","targetHints":{"allow":["GET"]}}],"collection":[{"href":"https:\/\/eldiariodesanpedro.com.ar\/sitio\/wp-json\/wp\/v2\/posts"}],"about":[{"href":"https:\/\/eldiariodesanpedro.com.ar\/sitio\/wp-json\/wp\/v2\/types\/post"}],"author":[{"embeddable":true,"href":"https:\/\/eldiariodesanpedro.com.ar\/sitio\/wp-json\/wp\/v2\/users\/4"}],"replies":[{"embeddable":true,"href":"https:\/\/eldiariodesanpedro.com.ar\/sitio\/wp-json\/wp\/v2\/comments?post=49110"}],"version-history":[{"count":1,"href":"https:\/\/eldiariodesanpedro.com.ar\/sitio\/wp-json\/wp\/v2\/posts\/49110\/revisions"}],"predecessor-version":[{"id":49112,"href":"https:\/\/eldiariodesanpedro.com.ar\/sitio\/wp-json\/wp\/v2\/posts\/49110\/revisions\/49112"}],"wp:featuredmedia":[{"embeddable":true,"href":"https:\/\/eldiariodesanpedro.com.ar\/sitio\/wp-json\/wp\/v2\/media\/49111"}],"wp:attachment":[{"href":"https:\/\/eldiariodesanpedro.com.ar\/sitio\/wp-json\/wp\/v2\/media?parent=49110"}],"wp:term":[{"taxonomy":"category","embeddable":true,"href":"https:\/\/eldiariodesanpedro.com.ar\/sitio\/wp-json\/wp\/v2\/categories?post=49110"},{"taxonomy":"post_tag","embeddable":true,"href":"https:\/\/eldiariodesanpedro.com.ar\/sitio\/wp-json\/wp\/v2\/tags?post=49110"}],"curies":[{"name":"wp","href":"https:\/\/api.w.org\/{rel}","templated":true}]}}