{"id":49105,"date":"2019-03-18T10:05:18","date_gmt":"2019-03-18T13:05:18","guid":{"rendered":"https:\/\/eldiariodesanpedro.com.ar\/sitio\/?p=49105"},"modified":"2019-03-18T19:00:21","modified_gmt":"2019-03-18T22:00:21","slug":"mas-de-200-examenes-en-la-jornada-de-deteccion-de-glaucoma","status":"publish","type":"post","link":"https:\/\/eldiariodesanpedro.com.ar\/sitio\/mas-de-200-examenes-en-la-jornada-de-deteccion-de-glaucoma\/","title":{"rendered":"M\u00e1s de 200 ex\u00e1menes en la Jornada de Detecci\u00f3n de Glaucoma"},"content":{"rendered":"<!-- VideographyWP Plugin Message: Automatic video embedding prevented by plugin options. -->\n\n<p>La Secretar\u00eda de Salud y el C\u00edrculo M\u00e9dico de San Pedro, en una nueva acci\u00f3n conjunta entre la salud p\u00fablica y privada de nuestra ciudad se sumaron este viernes al Jornada Nacional de Detecci\u00f3n del Glaucoma impulsada por asociaciones cient\u00edficas nacionales, en todo el pa\u00eds.<\/p>\n\n\n\n<p>Tal como hab\u00eda sido anunciado, en el Hospital Emilio Ruffa y en los consultorios de Las Heras 600, los oftalm\u00f3logos Elisa Guillaume y Mart\u00edn Orso realizaron el examen gratuito a una importante cantidad de personas que recibieron informaci\u00f3n muy \u00fatil para continuar con alg\u00fan tipo de tratamiento, en caso de haber recibido un diagn\u00f3stico precoz.<\/p>\n\n\n\n<p>Por el consultorio del Hospital pasaron 114 pacientes y por el del Dr. Orso 87 durante una jornada muy intensa.<\/p>\n\n\n\n<p>De los estudios realizados se obtuvieron como resultado 8 casos de glaucoma y 11 pacientes con diagn\u00f3stico presuntivo que pueden comenzar su tratamiento.<\/p>\n\n\n\n<p>La Secretar\u00eda de Salud y el C\u00edrculo M\u00e9dico agradecen a los profesionales que participaron de esta actividad y contin\u00faan trabajando en la planificaci\u00f3n de otras acciones similares en todo el Partido de San Pedro. <\/p>\n\n\n\n<ul class=\"wp-block-gallery columns-3 is-cropped wp-block-gallery-1 is-layout-flex wp-block-gallery-is-layout-flex\"><li class=\"blocks-gallery-item\"><figure><img decoding=\"async\" width=\"720\" height=\"960\" data-attachment-id=\"49108\" data-permalink=\"https:\/\/eldiariodesanpedro.com.ar\/sitio\/mas-de-200-examenes-en-la-jornada-de-deteccion-de-glaucoma\/54434123_2368488573372579_7712887293605838848_n\/\" data-orig-file=\"https:\/\/eldiariodesanpedro.com.ar\/sitio\/wp-content\/uploads\/2019\/03\/54434123_2368488573372579_7712887293605838848_n.jpg\" data-orig-size=\"720,960\" data-comments-opened=\"1\" data-image-meta=\"{&quot;aperture&quot;:&quot;0&quot;,&quot;credit&quot;:&quot;&quot;,&quot;camera&quot;:&quot;&quot;,&quot;caption&quot;:&quot;&quot;,&quot;created_timestamp&quot;:&quot;0&quot;,&quot;copyright&quot;:&quot;&quot;,&quot;focal_length&quot;:&quot;0&quot;,&quot;iso&quot;:&quot;0&quot;,&quot;shutter_speed&quot;:&quot;0&quot;,&quot;title&quot;:&quot;&quot;,&quot;orientation&quot;:&quot;0&quot;}\" data-image-title=\"54434123_2368488573372579_7712887293605838848_n\" data-image-description=\"\" data-image-caption=\"\" data-large-file=\"https:\/\/eldiariodesanpedro.com.ar\/sitio\/wp-content\/uploads\/2019\/03\/54434123_2368488573372579_7712887293605838848_n.jpg\" data-src=\"https:\/\/eldiariodesanpedro.com.ar\/sitio\/wp-content\/uploads\/2019\/03\/54434123_2368488573372579_7712887293605838848_n.jpg\" alt=\"\" data-id=\"49108\" data-link=\"https:\/\/eldiariodesanpedro.com.ar\/sitio\/?attachment_id=49108\" class=\"wp-image-49108 lazyload\" data-srcset=\"https:\/\/eldiariodesanpedro.com.ar\/sitio\/wp-content\/uploads\/2019\/03\/54434123_2368488573372579_7712887293605838848_n.jpg 720w, https:\/\/eldiariodesanpedro.com.ar\/sitio\/wp-content\/uploads\/2019\/03\/54434123_2368488573372579_7712887293605838848_n-225x300.jpg 225w\" data-sizes=\"(max-width: 720px) 100vw, 720px\" src=\"data:image\/svg+xml;base64,PHN2ZyB3aWR0aD0iMSIgaGVpZ2h0PSIxIiB4bWxucz0iaHR0cDovL3d3dy53My5vcmcvMjAwMC9zdmciPjwvc3ZnPg==\" style=\"--smush-placeholder-width: 720px; --smush-placeholder-aspect-ratio: 720\/960;\" \/><\/figure><\/li><li class=\"blocks-gallery-item\"><figure><img decoding=\"async\" width=\"960\" height=\"960\" data-attachment-id=\"49107\" data-permalink=\"https:\/\/eldiariodesanpedro.com.ar\/sitio\/mas-de-200-examenes-en-la-jornada-de-deteccion-de-glaucoma\/54279324_2368488830039220_4812370023190364160_n\/\" data-orig-file=\"https:\/\/eldiariodesanpedro.com.ar\/sitio\/wp-content\/uploads\/2019\/03\/54279324_2368488830039220_4812370023190364160_n.jpg\" data-orig-size=\"960,960\" data-comments-opened=\"1\" data-image-meta=\"{&quot;aperture&quot;:&quot;0&quot;,&quot;credit&quot;:&quot;&quot;,&quot;camera&quot;:&quot;&quot;,&quot;caption&quot;:&quot;&quot;,&quot;created_timestamp&quot;:&quot;0&quot;,&quot;copyright&quot;:&quot;&quot;,&quot;focal_length&quot;:&quot;0&quot;,&quot;iso&quot;:&quot;0&quot;,&quot;shutter_speed&quot;:&quot;0&quot;,&quot;title&quot;:&quot;&quot;,&quot;orientation&quot;:&quot;0&quot;}\" data-image-title=\"54279324_2368488830039220_4812370023190364160_n\" data-image-description=\"\" data-image-caption=\"\" data-large-file=\"https:\/\/eldiariodesanpedro.com.ar\/sitio\/wp-content\/uploads\/2019\/03\/54279324_2368488830039220_4812370023190364160_n.jpg\" data-src=\"https:\/\/eldiariodesanpedro.com.ar\/sitio\/wp-content\/uploads\/2019\/03\/54279324_2368488830039220_4812370023190364160_n.jpg\" alt=\"\" data-id=\"49107\" data-link=\"https:\/\/eldiariodesanpedro.com.ar\/sitio\/?attachment_id=49107\" class=\"wp-image-49107 lazyload\" data-srcset=\"https:\/\/eldiariodesanpedro.com.ar\/sitio\/wp-content\/uploads\/2019\/03\/54279324_2368488830039220_4812370023190364160_n.jpg 960w, https:\/\/eldiariodesanpedro.com.ar\/sitio\/wp-content\/uploads\/2019\/03\/54279324_2368488830039220_4812370023190364160_n-150x150.jpg 150w, https:\/\/eldiariodesanpedro.com.ar\/sitio\/wp-content\/uploads\/2019\/03\/54279324_2368488830039220_4812370023190364160_n-300x300.jpg 300w, https:\/\/eldiariodesanpedro.com.ar\/sitio\/wp-content\/uploads\/2019\/03\/54279324_2368488830039220_4812370023190364160_n-768x768.jpg 768w\" data-sizes=\"(max-width: 960px) 100vw, 960px\" src=\"data:image\/svg+xml;base64,PHN2ZyB3aWR0aD0iMSIgaGVpZ2h0PSIxIiB4bWxucz0iaHR0cDovL3d3dy53My5vcmcvMjAwMC9zdmciPjwvc3ZnPg==\" style=\"--smush-placeholder-width: 960px; --smush-placeholder-aspect-ratio: 960\/960;\" \/><\/figure><\/li><li class=\"blocks-gallery-item\"><figure><img decoding=\"async\" width=\"960\" height=\"960\" data-attachment-id=\"49106\" data-permalink=\"https:\/\/eldiariodesanpedro.com.ar\/sitio\/mas-de-200-examenes-en-la-jornada-de-deteccion-de-glaucoma\/53864629_2368488726705897_2525278145406304256_n\/\" data-orig-file=\"https:\/\/eldiariodesanpedro.com.ar\/sitio\/wp-content\/uploads\/2019\/03\/53864629_2368488726705897_2525278145406304256_n.jpg\" data-orig-size=\"960,960\" data-comments-opened=\"1\" data-image-meta=\"{&quot;aperture&quot;:&quot;0&quot;,&quot;credit&quot;:&quot;&quot;,&quot;camera&quot;:&quot;&quot;,&quot;caption&quot;:&quot;&quot;,&quot;created_timestamp&quot;:&quot;0&quot;,&quot;copyright&quot;:&quot;&quot;,&quot;focal_length&quot;:&quot;0&quot;,&quot;iso&quot;:&quot;0&quot;,&quot;shutter_speed&quot;:&quot;0&quot;,&quot;title&quot;:&quot;&quot;,&quot;orientation&quot;:&quot;0&quot;}\" data-image-title=\"53864629_2368488726705897_2525278145406304256_n\" data-image-description=\"\" data-image-caption=\"\" data-large-file=\"https:\/\/eldiariodesanpedro.com.ar\/sitio\/wp-content\/uploads\/2019\/03\/53864629_2368488726705897_2525278145406304256_n.jpg\" data-src=\"https:\/\/eldiariodesanpedro.com.ar\/sitio\/wp-content\/uploads\/2019\/03\/53864629_2368488726705897_2525278145406304256_n.jpg\" alt=\"\" data-id=\"49106\" data-link=\"https:\/\/eldiariodesanpedro.com.ar\/sitio\/?attachment_id=49106\" class=\"wp-image-49106 lazyload\" data-srcset=\"https:\/\/eldiariodesanpedro.com.ar\/sitio\/wp-content\/uploads\/2019\/03\/53864629_2368488726705897_2525278145406304256_n.jpg 960w, https:\/\/eldiariodesanpedro.com.ar\/sitio\/wp-content\/uploads\/2019\/03\/53864629_2368488726705897_2525278145406304256_n-150x150.jpg 150w, https:\/\/eldiariodesanpedro.com.ar\/sitio\/wp-content\/uploads\/2019\/03\/53864629_2368488726705897_2525278145406304256_n-300x300.jpg 300w, https:\/\/eldiariodesanpedro.com.ar\/sitio\/wp-content\/uploads\/2019\/03\/53864629_2368488726705897_2525278145406304256_n-768x768.jpg 768w\" data-sizes=\"(max-width: 960px) 100vw, 960px\" src=\"data:image\/svg+xml;base64,PHN2ZyB3aWR0aD0iMSIgaGVpZ2h0PSIxIiB4bWxucz0iaHR0cDovL3d3dy53My5vcmcvMjAwMC9zdmciPjwvc3ZnPg==\" style=\"--smush-placeholder-width: 960px; --smush-placeholder-aspect-ratio: 960\/960;\" \/><\/figure><\/li><\/ul>\n","protected":false},"excerpt":{"rendered":"<p>La Secretar\u00eda de Salud y el C\u00edrculo M\u00e9dico de San Pedro, en una nueva acci\u00f3n conjunta entre la salud p\u00fablica y privada de nuestra ciudad se sumaron este viernes al Jornada Nacional de Detecci\u00f3n del Glaucoma impulsada por asociaciones cient\u00edficas nacionales, en todo el pa\u00eds. Tal como hab\u00eda sido anunciado, en el Hospital Emilio Ruffa [&hellip;]<\/p>\n","protected":false},"author":4,"featured_media":49123,"comment_status":"open","ping_status":"closed","sticky":false,"template":"","format":"standard","meta":{"om_disable_all_campaigns":false,"_jetpack_memberships_contains_paid_content":false,"footnotes":""},"categories":[2],"tags":[],"class_list":["post-49105","post","type-post","status-publish","format-standard","has-post-thumbnail","hentry","category-locales"],"aioseo_notices":[],"gutentor_comment":0,"jetpack_featured_media_url":"https:\/\/eldiariodesanpedro.com.ar\/sitio\/wp-content\/uploads\/2019\/03\/53864629_2368488726705897_2525278145406304256_n-1.jpg","jetpack_shortlink":"https:\/\/wp.me\/p6RhLt-cM1","jetpack_sharing_enabled":true,"_links":{"self":[{"href":"https:\/\/eldiariodesanpedro.com.ar\/sitio\/wp-json\/wp\/v2\/posts\/49105","targetHints":{"allow":["GET"]}}],"collection":[{"href":"https:\/\/eldiariodesanpedro.com.ar\/sitio\/wp-json\/wp\/v2\/posts"}],"about":[{"href":"https:\/\/eldiariodesanpedro.com.ar\/sitio\/wp-json\/wp\/v2\/types\/post"}],"author":[{"embeddable":true,"href":"https:\/\/eldiariodesanpedro.com.ar\/sitio\/wp-json\/wp\/v2\/users\/4"}],"replies":[{"embeddable":true,"href":"https:\/\/eldiariodesanpedro.com.ar\/sitio\/wp-json\/wp\/v2\/comments?post=49105"}],"version-history":[{"count":1,"href":"https:\/\/eldiariodesanpedro.com.ar\/sitio\/wp-json\/wp\/v2\/posts\/49105\/revisions"}],"predecessor-version":[{"id":49109,"href":"https:\/\/eldiariodesanpedro.com.ar\/sitio\/wp-json\/wp\/v2\/posts\/49105\/revisions\/49109"}],"wp:featuredmedia":[{"embeddable":true,"href":"https:\/\/eldiariodesanpedro.com.ar\/sitio\/wp-json\/wp\/v2\/media\/49123"}],"wp:attachment":[{"href":"https:\/\/eldiariodesanpedro.com.ar\/sitio\/wp-json\/wp\/v2\/media?parent=49105"}],"wp:term":[{"taxonomy":"category","embeddable":true,"href":"https:\/\/eldiariodesanpedro.com.ar\/sitio\/wp-json\/wp\/v2\/categories?post=49105"},{"taxonomy":"post_tag","embeddable":true,"href":"https:\/\/eldiariodesanpedro.com.ar\/sitio\/wp-json\/wp\/v2\/tags?post=49105"}],"curies":[{"name":"wp","href":"https:\/\/api.w.org\/{rel}","templated":true}]}}