{"id":49102,"date":"2019-03-18T09:43:56","date_gmt":"2019-03-18T12:43:56","guid":{"rendered":"https:\/\/eldiariodesanpedro.com.ar\/sitio\/?p=49102"},"modified":"2019-03-18T09:44:06","modified_gmt":"2019-03-18T12:44:06","slug":"hoy-protesta-en-desarrollo-humano-por-la-revictimizacion-de-la-mujer-abusada","status":"publish","type":"post","link":"https:\/\/eldiariodesanpedro.com.ar\/sitio\/hoy-protesta-en-desarrollo-humano-por-la-revictimizacion-de-la-mujer-abusada\/","title":{"rendered":"Hoy: Protesta en desarrollo humano por la revictimizacion de la mujer abusada"},"content":{"rendered":"<!-- VideographyWP Plugin Message: Automatic video embedding prevented by plugin options. -->\n\n<p>Este lunes a las 19 horas, la agrupaci\u00f3n feminista Libres de Miedo convoca a una concentraci\u00f3n en las puertas del \u00e1rea que conduce Karina Charella en protesta a la demora de atenci\u00f3n por parte de profesionales, que tuvo que sufrir la joven violada.<\/p>\n\n\n\n<p>Recordemos que el aberrante hecho se produjo este sabado por la ma\u00f1ana cuando un delincuente con frondosos antecedentes, ingresa a una vivienda ubicada en violentando la puerta de ingreso y ataca a una joven de 18 a\u00f1os de edad que se encontraba all\u00ed.<\/p>\n\n\n\n<p>Seg\u00fan el relato de la victima, la joven es agredida, amenazada con un cuchillo de cocina que justo se encontraba arriba de la mesa, y sometida sexualmente.<\/p>\n\n\n\n<p>Cuando el delincuente logra abusar sexualmente de ella, la joven logra soltarse del violador  y sale corriendo dej\u00e1ndolo encerrado en la morada.<\/p>\n\n\n\n<p>Tras r\u00e1pido accionar del personal policial logran detenerlo y trasladarlo a la comisaria local, se trata de un delincuente de 19, con frondosos antecedentes de nombre Federico Martinez  quien sigue detenido tras declarar este domingo ante la Fiscal Viviana Ramos.\u00a0 <\/p>\n\n\n\n<p>Por otro lado la victima fue trasladada a la comisaria de la mujer donde  luego de 12 horas,  reci\u00e9n recibi\u00f3 los medicamentos para prevenir enfermedades de transmisi\u00f3n sexual y embarazos. <\/p>\n\n\n\n<p>Tampoco tuvo contenci\u00f3n psicol\u00f3gica durante el fin de semana.<\/p>\n\n\n\n<p>Esta tarde noche sera la protesta convocada por la agrupaci\u00f3n Libres de Miedo donde reclamaran por la responsabilidad que tiene el estado en la contenci\u00f3n y pronta atenci\u00f3n del Estado a las v\u00edctimas, sin revictimizarlas.<\/p>\n\n\n\n<p>Se prev\u00e9 que durante la concentraci\u00f3n est\u00e9n presentes familiares y allegados de la propia denunciante, una joven oriunda del Partido de la Costa que vive en San Pedro junto a su novio.<\/p>\n","protected":false},"excerpt":{"rendered":"<p>Este lunes a las 19 horas, la agrupaci\u00f3n feminista Libres de Miedo convoca a una concentraci\u00f3n en las puertas del \u00e1rea que conduce Karina Charella en protesta a la demora de atenci\u00f3n por parte de profesionales, que tuvo que sufrir la joven violada. Recordemos que el aberrante hecho se produjo este sabado por la ma\u00f1ana [&hellip;]<\/p>\n","protected":false},"author":4,"featured_media":49103,"comment_status":"open","ping_status":"closed","sticky":false,"template":"","format":"standard","meta":{"om_disable_all_campaigns":false,"_jetpack_memberships_contains_paid_content":false,"footnotes":""},"categories":[50,101,2],"tags":[],"class_list":["post-49102","post","type-post","status-publish","format-standard","has-post-thumbnail","hentry","category-destacadas","category-interes-general-locales","category-locales"],"aioseo_notices":[],"gutentor_comment":0,"jetpack_featured_media_url":"https:\/\/eldiariodesanpedro.com.ar\/sitio\/wp-content\/uploads\/2019\/03\/WhatsApp-Image-2019-03-17-at-5.52.55-PM.jpeg","jetpack_shortlink":"https:\/\/wp.me\/p6RhLt-cLY","jetpack_sharing_enabled":true,"_links":{"self":[{"href":"https:\/\/eldiariodesanpedro.com.ar\/sitio\/wp-json\/wp\/v2\/posts\/49102","targetHints":{"allow":["GET"]}}],"collection":[{"href":"https:\/\/eldiariodesanpedro.com.ar\/sitio\/wp-json\/wp\/v2\/posts"}],"about":[{"href":"https:\/\/eldiariodesanpedro.com.ar\/sitio\/wp-json\/wp\/v2\/types\/post"}],"author":[{"embeddable":true,"href":"https:\/\/eldiariodesanpedro.com.ar\/sitio\/wp-json\/wp\/v2\/users\/4"}],"replies":[{"embeddable":true,"href":"https:\/\/eldiariodesanpedro.com.ar\/sitio\/wp-json\/wp\/v2\/comments?post=49102"}],"version-history":[{"count":1,"href":"https:\/\/eldiariodesanpedro.com.ar\/sitio\/wp-json\/wp\/v2\/posts\/49102\/revisions"}],"predecessor-version":[{"id":49104,"href":"https:\/\/eldiariodesanpedro.com.ar\/sitio\/wp-json\/wp\/v2\/posts\/49102\/revisions\/49104"}],"wp:featuredmedia":[{"embeddable":true,"href":"https:\/\/eldiariodesanpedro.com.ar\/sitio\/wp-json\/wp\/v2\/media\/49103"}],"wp:attachment":[{"href":"https:\/\/eldiariodesanpedro.com.ar\/sitio\/wp-json\/wp\/v2\/media?parent=49102"}],"wp:term":[{"taxonomy":"category","embeddable":true,"href":"https:\/\/eldiariodesanpedro.com.ar\/sitio\/wp-json\/wp\/v2\/categories?post=49102"},{"taxonomy":"post_tag","embeddable":true,"href":"https:\/\/eldiariodesanpedro.com.ar\/sitio\/wp-json\/wp\/v2\/tags?post=49102"}],"curies":[{"name":"wp","href":"https:\/\/api.w.org\/{rel}","templated":true}]}}