{"id":491,"date":"2015-11-26T19:15:33","date_gmt":"2015-11-26T22:15:33","guid":{"rendered":"http:\/\/www.eldiariodesanpedro.com.ar\/?p=491"},"modified":"2026-01-23T23:34:48","modified_gmt":"2026-01-24T02:34:48","slug":"asalto-persecucion-y-tiroteo-dos-delincuentes-heridos-y-detenidos","status":"publish","type":"post","link":"https:\/\/eldiariodesanpedro.com.ar\/sitio\/asalto-persecucion-y-tiroteo-dos-delincuentes-heridos-y-detenidos\/","title":{"rendered":"Asalto, persecuci\u00f3n y tiroteo: dos delincuentes heridos y detenidos"},"content":{"rendered":"<p><!-- VideographyWP Plugin Message: Automatic video embedding prevented by plugin options. --><br \/>\n(NA) &#8211; Dos j\u00f3venes resultaron heridos luego de enfrentarse a tiros con la Polic\u00eda, en el marco de una persecuci\u00f3n registrada tras el intento de asalto a un automovilista en el partido bonaerense de San Mart\u00edn.<br \/>\n   El episodio ocurri\u00f3 el martes por la noche, cerca de las 21 en Rivadavia y Sanabria, de Villa Maip\u00fa.<br \/>\n   El incidente, indicaron voceros policiales, comenz\u00f3 cuando los dos j\u00f3venes, de 19 y 26 a\u00f1os, que se desplazaban por la calle Rivadavia, a la altura de Villa Maip\u00fa, con un utilitario Peugeot Partner abordaron con fines de robo a un hombre que circulaba en un auto Volkswagen Vento.<br \/>\n   Al darse cuenta que iba a ser asaltado, el automovilista emprendi\u00f3 la huida y los delincuentes le realizaron varios disparos, de los que result\u00f3 ileso.<br \/>\n   Seg\u00fan indicaron fuentes policiales, los disparos fueron escuchados por efectivos de la Polic\u00eda local, que acudieron en varios m\u00f3viles y comenzaron a perseguir a los frustrados asaltantes.<br \/>\n   Una vez que los asaltantes fueron observados, se inici\u00f3 una persecuci\u00f3n que se prolong\u00f3 varias cuadras, hasta la esquina de Ecuador y Colombia, en la vecina zona de Villa Concepci\u00f3n, donde se produjo un fuerte enfrentamiento.<br \/>\n   Los asaltantes resultaron heridos, pero lograron escapar del tiroteo, aunque posteriormente fueron detenidos a unos cien metros del lugar, cuando intentaban refugiarse en un monoblock.<br \/>\n   Seg\u00fan la investigaci\u00f3n, los sujetos ser\u00edan los autores de varios robos y asaltos cometidos en diferentes localidades de la zona.<br \/>\n   Los dos j\u00f3venes, a los que se les secuestr\u00f3 una pistola de calibre 9 mil\u00edmetros, fueron llevados a un hospital de la zona, donde quedaron a disposici\u00f3n de la Unidad Funcional de Instrucci\u00f3n (UFI) n\u00famero 3 del Departamento Judicial de San Mart\u00edn.<\/p>\n","protected":false},"excerpt":{"rendered":"<p>(NA) &#8211; Dos j\u00f3venes resultaron heridos luego de enfrentarse a tiros con la Polic\u00eda, en el marco de una persecuci\u00f3n registrada tras el intento de asalto a un automovilista en el partido bonaerense de San Mart\u00edn. El episodio ocurri\u00f3 el martes por la noche, cerca de las 21 en Rivadavia y Sanabria, de Villa Maip\u00fa. [&hellip;]<\/p>\n","protected":false},"author":4,"featured_media":493,"comment_status":"open","ping_status":"closed","sticky":false,"template":"","format":"standard","meta":{"om_disable_all_campaigns":false,"_jetpack_memberships_contains_paid_content":false,"footnotes":""},"categories":[3],"tags":[175,176,178,177],"class_list":["post-491","post","type-post","status-publish","format-standard","has-post-thumbnail","hentry","category-nacionales","tag-asalto","tag-persecucion","tag-san-martin","tag-tiroteo"],"aioseo_notices":[],"gutentor_comment":0,"jetpack_featured_media_url":"https:\/\/eldiariodesanpedro.com.ar\/sitio\/wp-content\/uploads\/2015\/11\/Asalto-y-persecuci\u00f3n.jpg","jetpack_shortlink":"https:\/\/wp.me\/p6RhLt-7V","jetpack_sharing_enabled":true,"_links":{"self":[{"href":"https:\/\/eldiariodesanpedro.com.ar\/sitio\/wp-json\/wp\/v2\/posts\/491","targetHints":{"allow":["GET"]}}],"collection":[{"href":"https:\/\/eldiariodesanpedro.com.ar\/sitio\/wp-json\/wp\/v2\/posts"}],"about":[{"href":"https:\/\/eldiariodesanpedro.com.ar\/sitio\/wp-json\/wp\/v2\/types\/post"}],"author":[{"embeddable":true,"href":"https:\/\/eldiariodesanpedro.com.ar\/sitio\/wp-json\/wp\/v2\/users\/4"}],"replies":[{"embeddable":true,"href":"https:\/\/eldiariodesanpedro.com.ar\/sitio\/wp-json\/wp\/v2\/comments?post=491"}],"version-history":[{"count":1,"href":"https:\/\/eldiariodesanpedro.com.ar\/sitio\/wp-json\/wp\/v2\/posts\/491\/revisions"}],"predecessor-version":[{"id":494,"href":"https:\/\/eldiariodesanpedro.com.ar\/sitio\/wp-json\/wp\/v2\/posts\/491\/revisions\/494"}],"wp:featuredmedia":[{"embeddable":true,"href":"https:\/\/eldiariodesanpedro.com.ar\/sitio\/wp-json\/wp\/v2\/media\/493"}],"wp:attachment":[{"href":"https:\/\/eldiariodesanpedro.com.ar\/sitio\/wp-json\/wp\/v2\/media?parent=491"}],"wp:term":[{"taxonomy":"category","embeddable":true,"href":"https:\/\/eldiariodesanpedro.com.ar\/sitio\/wp-json\/wp\/v2\/categories?post=491"},{"taxonomy":"post_tag","embeddable":true,"href":"https:\/\/eldiariodesanpedro.com.ar\/sitio\/wp-json\/wp\/v2\/tags?post=491"}],"curies":[{"name":"wp","href":"https:\/\/api.w.org\/{rel}","templated":true}]}}