{"id":49096,"date":"2019-03-18T09:21:56","date_gmt":"2019-03-18T12:21:56","guid":{"rendered":"https:\/\/eldiariodesanpedro.com.ar\/sitio\/?p=49096"},"modified":"2019-03-18T09:22:05","modified_gmt":"2019-03-18T12:22:05","slug":"robo-en-la-jabonera-un-patrullero-choco-cuando-se-dirigia-al-refuerzo","status":"publish","type":"post","link":"https:\/\/eldiariodesanpedro.com.ar\/sitio\/robo-en-la-jabonera-un-patrullero-choco-cuando-se-dirigia-al-refuerzo\/","title":{"rendered":"Robo en la Jabonera: Un patrullero choco cuando se dirig\u00eda al refuerzo"},"content":{"rendered":"<!-- VideographyWP Plugin Message: Automatic video embedding prevented by plugin options. -->\n\n<p>Sucedi\u00f3 pasadas las 7 de esta ma\u00f1ana; el il\u00edcito se estaba cometiendo en un local de art\u00edculos de limpieza cuando el personal alertado pide refuerzos,  el patrullero que iba en camino,  impacta contra un \u00e1rbol. <\/p>\n\n\n\n<p>El hecho ocurri\u00f3 en el local centrico de articulos de limpieza \u00abLa Jabonera\u00bb ubicada en Mitre al 1500,  un delincuente que caminaba por los techos ingresa a las oficinas ubicadas en la parte de arriba del local.<\/p>\n\n\n\n<p>Tras r\u00e1pido accionar del personal policial, iniciando operativo cerrojo, el oficial a cargo cuando intenta reducir al delincuente en el techo cae al vaci\u00f3 resultando lesionado en el brazo derecho sin riesgo de viga.<\/p>\n\n\n\n<p>Al momento de pedir apoyo, el patrullero que se dirig\u00eda al hecho pierde el control colisionando contra un arbol sobre calle 25 de Mayo al 1400, la oficial que conducia resulto con heridas leves quien fue trasladada por la ambulancia del SAME al nosocomio local.<\/p>\n\n\n\n<p>Finalmente el delincuente fue aprehendido, se trata de un joven de 18 a\u00f1os de edad, con frondosos antecedentes.<\/p>\n\n\n\n<p>En su poder se le secuestro dinero en efectivo, 1700 pesos que hab\u00eda sustra\u00eddo de las oficinas tras violentar una abertura.<\/p>\n\n\n\n<ul class=\"wp-block-gallery columns-3 is-cropped wp-block-gallery-1 is-layout-flex wp-block-gallery-is-layout-flex\"><li class=\"blocks-gallery-item\"><figure><img decoding=\"async\" width=\"1040\" height=\"780\" data-attachment-id=\"49097\" data-permalink=\"https:\/\/eldiariodesanpedro.com.ar\/sitio\/robo-en-la-jabonera-un-patrullero-choco-cuando-se-dirigia-al-refuerzo\/whatsapp-image-2019-03-18-at-9-01-21-am-1\/\" data-orig-file=\"https:\/\/eldiariodesanpedro.com.ar\/sitio\/wp-content\/uploads\/2019\/03\/WhatsApp-Image-2019-03-18-at-9.01.21-AM-1.jpeg\" data-orig-size=\"1040,780\" data-comments-opened=\"1\" data-image-meta=\"{&quot;aperture&quot;:&quot;0&quot;,&quot;credit&quot;:&quot;&quot;,&quot;camera&quot;:&quot;&quot;,&quot;caption&quot;:&quot;&quot;,&quot;created_timestamp&quot;:&quot;0&quot;,&quot;copyright&quot;:&quot;&quot;,&quot;focal_length&quot;:&quot;0&quot;,&quot;iso&quot;:&quot;0&quot;,&quot;shutter_speed&quot;:&quot;0&quot;,&quot;title&quot;:&quot;&quot;,&quot;orientation&quot;:&quot;0&quot;}\" data-image-title=\"WhatsApp Image 2019-03-18 at 9.01.21 AM (1)\" data-image-description=\"\" data-image-caption=\"\" data-large-file=\"https:\/\/eldiariodesanpedro.com.ar\/sitio\/wp-content\/uploads\/2019\/03\/WhatsApp-Image-2019-03-18-at-9.01.21-AM-1-1024x768.jpeg\" data-src=\"https:\/\/i1.wp.com\/eldiariodesanpedro.com.ar\/sitio\/wp-content\/uploads\/2019\/03\/WhatsApp-Image-2019-03-18-at-9.01.21-AM-1.jpeg?fit=660%2C495\" alt=\"\" data-id=\"49097\" data-link=\"https:\/\/eldiariodesanpedro.com.ar\/sitio\/?attachment_id=49097\" class=\"wp-image-49097 lazyload\" data-srcset=\"https:\/\/eldiariodesanpedro.com.ar\/sitio\/wp-content\/uploads\/2019\/03\/WhatsApp-Image-2019-03-18-at-9.01.21-AM-1.jpeg 1040w, https:\/\/eldiariodesanpedro.com.ar\/sitio\/wp-content\/uploads\/2019\/03\/WhatsApp-Image-2019-03-18-at-9.01.21-AM-1-300x225.jpeg 300w, https:\/\/eldiariodesanpedro.com.ar\/sitio\/wp-content\/uploads\/2019\/03\/WhatsApp-Image-2019-03-18-at-9.01.21-AM-1-768x576.jpeg 768w, https:\/\/eldiariodesanpedro.com.ar\/sitio\/wp-content\/uploads\/2019\/03\/WhatsApp-Image-2019-03-18-at-9.01.21-AM-1-1024x768.jpeg 1024w\" data-sizes=\"(max-width: 1040px) 100vw, 1040px\" src=\"data:image\/svg+xml;base64,PHN2ZyB3aWR0aD0iMSIgaGVpZ2h0PSIxIiB4bWxucz0iaHR0cDovL3d3dy53My5vcmcvMjAwMC9zdmciPjwvc3ZnPg==\" style=\"--smush-placeholder-width: 1040px; --smush-placeholder-aspect-ratio: 1040\/780;\" \/><\/figure><\/li><li class=\"blocks-gallery-item\"><figure><img decoding=\"async\" width=\"1040\" height=\"780\" data-attachment-id=\"49098\" data-permalink=\"https:\/\/eldiariodesanpedro.com.ar\/sitio\/robo-en-la-jabonera-un-patrullero-choco-cuando-se-dirigia-al-refuerzo\/whatsapp-image-2019-03-18-at-9-01-21-am-2\/\" data-orig-file=\"https:\/\/eldiariodesanpedro.com.ar\/sitio\/wp-content\/uploads\/2019\/03\/WhatsApp-Image-2019-03-18-at-9.01.21-AM-2.jpeg\" data-orig-size=\"1040,780\" data-comments-opened=\"1\" data-image-meta=\"{&quot;aperture&quot;:&quot;0&quot;,&quot;credit&quot;:&quot;&quot;,&quot;camera&quot;:&quot;&quot;,&quot;caption&quot;:&quot;&quot;,&quot;created_timestamp&quot;:&quot;0&quot;,&quot;copyright&quot;:&quot;&quot;,&quot;focal_length&quot;:&quot;0&quot;,&quot;iso&quot;:&quot;0&quot;,&quot;shutter_speed&quot;:&quot;0&quot;,&quot;title&quot;:&quot;&quot;,&quot;orientation&quot;:&quot;0&quot;}\" data-image-title=\"WhatsApp Image 2019-03-18 at 9.01.21 AM (2)\" data-image-description=\"\" data-image-caption=\"\" data-large-file=\"https:\/\/eldiariodesanpedro.com.ar\/sitio\/wp-content\/uploads\/2019\/03\/WhatsApp-Image-2019-03-18-at-9.01.21-AM-2-1024x768.jpeg\" data-src=\"https:\/\/i1.wp.com\/eldiariodesanpedro.com.ar\/sitio\/wp-content\/uploads\/2019\/03\/WhatsApp-Image-2019-03-18-at-9.01.21-AM-2.jpeg?fit=660%2C495\" alt=\"\" data-id=\"49098\" data-link=\"https:\/\/eldiariodesanpedro.com.ar\/sitio\/?attachment_id=49098\" class=\"wp-image-49098 lazyload\" data-srcset=\"https:\/\/eldiariodesanpedro.com.ar\/sitio\/wp-content\/uploads\/2019\/03\/WhatsApp-Image-2019-03-18-at-9.01.21-AM-2.jpeg 1040w, https:\/\/eldiariodesanpedro.com.ar\/sitio\/wp-content\/uploads\/2019\/03\/WhatsApp-Image-2019-03-18-at-9.01.21-AM-2-300x225.jpeg 300w, https:\/\/eldiariodesanpedro.com.ar\/sitio\/wp-content\/uploads\/2019\/03\/WhatsApp-Image-2019-03-18-at-9.01.21-AM-2-768x576.jpeg 768w, https:\/\/eldiariodesanpedro.com.ar\/sitio\/wp-content\/uploads\/2019\/03\/WhatsApp-Image-2019-03-18-at-9.01.21-AM-2-1024x768.jpeg 1024w\" data-sizes=\"(max-width: 1040px) 100vw, 1040px\" src=\"data:image\/svg+xml;base64,PHN2ZyB3aWR0aD0iMSIgaGVpZ2h0PSIxIiB4bWxucz0iaHR0cDovL3d3dy53My5vcmcvMjAwMC9zdmciPjwvc3ZnPg==\" style=\"--smush-placeholder-width: 1040px; --smush-placeholder-aspect-ratio: 1040\/780;\" \/><\/figure><\/li><li class=\"blocks-gallery-item\"><figure><img decoding=\"async\" width=\"1040\" height=\"780\" data-attachment-id=\"49099\" data-permalink=\"https:\/\/eldiariodesanpedro.com.ar\/sitio\/robo-en-la-jabonera-un-patrullero-choco-cuando-se-dirigia-al-refuerzo\/whatsapp-image-2019-03-18-at-9-01-21-am\/\" data-orig-file=\"https:\/\/eldiariodesanpedro.com.ar\/sitio\/wp-content\/uploads\/2019\/03\/WhatsApp-Image-2019-03-18-at-9.01.21-AM.jpeg\" data-orig-size=\"1040,780\" data-comments-opened=\"1\" data-image-meta=\"{&quot;aperture&quot;:&quot;0&quot;,&quot;credit&quot;:&quot;&quot;,&quot;camera&quot;:&quot;&quot;,&quot;caption&quot;:&quot;&quot;,&quot;created_timestamp&quot;:&quot;0&quot;,&quot;copyright&quot;:&quot;&quot;,&quot;focal_length&quot;:&quot;0&quot;,&quot;iso&quot;:&quot;0&quot;,&quot;shutter_speed&quot;:&quot;0&quot;,&quot;title&quot;:&quot;&quot;,&quot;orientation&quot;:&quot;0&quot;}\" data-image-title=\"WhatsApp Image 2019-03-18 at 9.01.21 AM\" data-image-description=\"\" data-image-caption=\"\" data-large-file=\"https:\/\/eldiariodesanpedro.com.ar\/sitio\/wp-content\/uploads\/2019\/03\/WhatsApp-Image-2019-03-18-at-9.01.21-AM-1024x768.jpeg\" data-src=\"https:\/\/i0.wp.com\/eldiariodesanpedro.com.ar\/sitio\/wp-content\/uploads\/2019\/03\/WhatsApp-Image-2019-03-18-at-9.01.21-AM.jpeg?fit=660%2C495\" alt=\"\" data-id=\"49099\" data-link=\"https:\/\/eldiariodesanpedro.com.ar\/sitio\/?attachment_id=49099\" class=\"wp-image-49099 lazyload\" data-srcset=\"https:\/\/eldiariodesanpedro.com.ar\/sitio\/wp-content\/uploads\/2019\/03\/WhatsApp-Image-2019-03-18-at-9.01.21-AM.jpeg 1040w, https:\/\/eldiariodesanpedro.com.ar\/sitio\/wp-content\/uploads\/2019\/03\/WhatsApp-Image-2019-03-18-at-9.01.21-AM-300x225.jpeg 300w, https:\/\/eldiariodesanpedro.com.ar\/sitio\/wp-content\/uploads\/2019\/03\/WhatsApp-Image-2019-03-18-at-9.01.21-AM-768x576.jpeg 768w, https:\/\/eldiariodesanpedro.com.ar\/sitio\/wp-content\/uploads\/2019\/03\/WhatsApp-Image-2019-03-18-at-9.01.21-AM-1024x768.jpeg 1024w\" data-sizes=\"(max-width: 1040px) 100vw, 1040px\" src=\"data:image\/svg+xml;base64,PHN2ZyB3aWR0aD0iMSIgaGVpZ2h0PSIxIiB4bWxucz0iaHR0cDovL3d3dy53My5vcmcvMjAwMC9zdmciPjwvc3ZnPg==\" style=\"--smush-placeholder-width: 1040px; --smush-placeholder-aspect-ratio: 1040\/780;\" \/><\/figure><\/li><li class=\"blocks-gallery-item\"><figure><img decoding=\"async\" width=\"1040\" height=\"780\" data-attachment-id=\"49100\" data-permalink=\"https:\/\/eldiariodesanpedro.com.ar\/sitio\/robo-en-la-jabonera-un-patrullero-choco-cuando-se-dirigia-al-refuerzo\/whatsapp-image-2019-03-18-at-9-02-23-am\/\" data-orig-file=\"https:\/\/eldiariodesanpedro.com.ar\/sitio\/wp-content\/uploads\/2019\/03\/WhatsApp-Image-2019-03-18-at-9.02.23-AM.jpeg\" data-orig-size=\"1040,780\" data-comments-opened=\"1\" data-image-meta=\"{&quot;aperture&quot;:&quot;0&quot;,&quot;credit&quot;:&quot;&quot;,&quot;camera&quot;:&quot;&quot;,&quot;caption&quot;:&quot;&quot;,&quot;created_timestamp&quot;:&quot;0&quot;,&quot;copyright&quot;:&quot;&quot;,&quot;focal_length&quot;:&quot;0&quot;,&quot;iso&quot;:&quot;0&quot;,&quot;shutter_speed&quot;:&quot;0&quot;,&quot;title&quot;:&quot;&quot;,&quot;orientation&quot;:&quot;0&quot;}\" data-image-title=\"WhatsApp Image 2019-03-18 at 9.02.23 AM\" data-image-description=\"\" data-image-caption=\"\" data-large-file=\"https:\/\/eldiariodesanpedro.com.ar\/sitio\/wp-content\/uploads\/2019\/03\/WhatsApp-Image-2019-03-18-at-9.02.23-AM-1024x768.jpeg\" data-src=\"https:\/\/i2.wp.com\/eldiariodesanpedro.com.ar\/sitio\/wp-content\/uploads\/2019\/03\/WhatsApp-Image-2019-03-18-at-9.02.23-AM.jpeg?fit=660%2C495\" alt=\"\" data-id=\"49100\" data-link=\"https:\/\/eldiariodesanpedro.com.ar\/sitio\/?attachment_id=49100\" class=\"wp-image-49100 lazyload\" data-srcset=\"https:\/\/eldiariodesanpedro.com.ar\/sitio\/wp-content\/uploads\/2019\/03\/WhatsApp-Image-2019-03-18-at-9.02.23-AM.jpeg 1040w, https:\/\/eldiariodesanpedro.com.ar\/sitio\/wp-content\/uploads\/2019\/03\/WhatsApp-Image-2019-03-18-at-9.02.23-AM-300x225.jpeg 300w, https:\/\/eldiariodesanpedro.com.ar\/sitio\/wp-content\/uploads\/2019\/03\/WhatsApp-Image-2019-03-18-at-9.02.23-AM-768x576.jpeg 768w, https:\/\/eldiariodesanpedro.com.ar\/sitio\/wp-content\/uploads\/2019\/03\/WhatsApp-Image-2019-03-18-at-9.02.23-AM-1024x768.jpeg 1024w\" data-sizes=\"(max-width: 1040px) 100vw, 1040px\" src=\"data:image\/svg+xml;base64,PHN2ZyB3aWR0aD0iMSIgaGVpZ2h0PSIxIiB4bWxucz0iaHR0cDovL3d3dy53My5vcmcvMjAwMC9zdmciPjwvc3ZnPg==\" style=\"--smush-placeholder-width: 1040px; --smush-placeholder-aspect-ratio: 1040\/780;\" \/><\/figure><\/li><\/ul>\n","protected":false},"excerpt":{"rendered":"<p>Sucedi\u00f3 pasadas las 7 de esta ma\u00f1ana; el il\u00edcito se estaba cometiendo en un local de art\u00edculos de limpieza cuando el personal alertado pide refuerzos, el patrullero que iba en camino, impacta contra un \u00e1rbol. El hecho ocurri\u00f3 en el local centrico de articulos de limpieza \u00abLa Jabonera\u00bb ubicada en Mitre al 1500, un delincuente [&hellip;]<\/p>\n","protected":false},"author":4,"featured_media":49100,"comment_status":"open","ping_status":"closed","sticky":false,"template":"","format":"standard","meta":{"om_disable_all_campaigns":false,"_jetpack_memberships_contains_paid_content":false,"footnotes":""},"categories":[50,2,103],"tags":[],"class_list":["post-49096","post","type-post","status-publish","format-standard","has-post-thumbnail","hentry","category-destacadas","category-locales","category-policiales-locales"],"aioseo_notices":[],"gutentor_comment":0,"jetpack_featured_media_url":"https:\/\/eldiariodesanpedro.com.ar\/sitio\/wp-content\/uploads\/2019\/03\/WhatsApp-Image-2019-03-18-at-9.02.23-AM.jpeg","jetpack_shortlink":"https:\/\/wp.me\/p6RhLt-cLS","jetpack_sharing_enabled":true,"_links":{"self":[{"href":"https:\/\/eldiariodesanpedro.com.ar\/sitio\/wp-json\/wp\/v2\/posts\/49096","targetHints":{"allow":["GET"]}}],"collection":[{"href":"https:\/\/eldiariodesanpedro.com.ar\/sitio\/wp-json\/wp\/v2\/posts"}],"about":[{"href":"https:\/\/eldiariodesanpedro.com.ar\/sitio\/wp-json\/wp\/v2\/types\/post"}],"author":[{"embeddable":true,"href":"https:\/\/eldiariodesanpedro.com.ar\/sitio\/wp-json\/wp\/v2\/users\/4"}],"replies":[{"embeddable":true,"href":"https:\/\/eldiariodesanpedro.com.ar\/sitio\/wp-json\/wp\/v2\/comments?post=49096"}],"version-history":[{"count":1,"href":"https:\/\/eldiariodesanpedro.com.ar\/sitio\/wp-json\/wp\/v2\/posts\/49096\/revisions"}],"predecessor-version":[{"id":49101,"href":"https:\/\/eldiariodesanpedro.com.ar\/sitio\/wp-json\/wp\/v2\/posts\/49096\/revisions\/49101"}],"wp:featuredmedia":[{"embeddable":true,"href":"https:\/\/eldiariodesanpedro.com.ar\/sitio\/wp-json\/wp\/v2\/media\/49100"}],"wp:attachment":[{"href":"https:\/\/eldiariodesanpedro.com.ar\/sitio\/wp-json\/wp\/v2\/media?parent=49096"}],"wp:term":[{"taxonomy":"category","embeddable":true,"href":"https:\/\/eldiariodesanpedro.com.ar\/sitio\/wp-json\/wp\/v2\/categories?post=49096"},{"taxonomy":"post_tag","embeddable":true,"href":"https:\/\/eldiariodesanpedro.com.ar\/sitio\/wp-json\/wp\/v2\/tags?post=49096"}],"curies":[{"name":"wp","href":"https:\/\/api.w.org\/{rel}","templated":true}]}}