{"id":49091,"date":"2019-03-16T12:43:14","date_gmt":"2019-03-16T15:43:14","guid":{"rendered":"https:\/\/eldiariodesanpedro.com.ar\/sitio\/?p=49091"},"modified":"2019-03-16T12:43:21","modified_gmt":"2019-03-16T15:43:21","slug":"cintia-espindola-los-abusos-fueron-muy-fuertes-estamos-destrozados-necesitamos-justicia-de-una-vez","status":"publish","type":"post","link":"https:\/\/eldiariodesanpedro.com.ar\/sitio\/cintia-espindola-los-abusos-fueron-muy-fuertes-estamos-destrozados-necesitamos-justicia-de-una-vez\/","title":{"rendered":"Cintia Espindola: \u00abLos abusos fueron muy fuertes, estamos destrozados, necesitamos justicia de una vez\u00bb"},"content":{"rendered":"<!-- VideographyWP Plugin Message: Automatic video embedding prevented by plugin options. -->\n\n<p>Tras su declaraci\u00f3n testimonial este viernes en la fiscalia donde tambi\u00e9n sumo su hermana Sonia otra denuncia penal, no ha conseguido todav\u00eda poder ser representada legalmente por un profesional. En entrevista con El Diario de San Pedro cont\u00f3 su historia y confeso \u00abno tengo muchas esperanzas de que esto se resuelva\u00bb.<\/p>\n\n\n\n<p>\u00abMe trataron bien, no me tomo la declaraci\u00f3n Manso, si el auxiliar, primero me sent\u00ed bastante intimidada porque estaba el abogado de el, Mauricio Gugger, me bueno presencio parte de mi testimonio y despu\u00e9s se fue, fueron dos horas y media, duras, pero cuando se me cerraba la garganta tomaba agua y segu\u00eda, mi hermana tambi\u00e9n fue citada y declaro aparte porque ella le inicio otra denuncia penal, me quedan pocas esperanzas igual,  hay mucho poder atr\u00e1s\u00bb, comenzaba la entrevista Cintia.<\/p>\n\n\n\n<p>Con mucho dolor y con la voz quebrada sigui\u00f3 \u00abnecesito que el fiscal se ponga en nuestro lugar, que lea, que lo sienta si es papa, por la memoria de mi hermano voy a seguir luchando, estamos destrozados, yo voy a ser la bocera de mis hermanos, no van a dar notas, ellos est\u00e1n muy mal emocionalmente, Nelson esta medicado, yo soy la que inicie esto y los voy a defender hasta la muerte\u00bb<\/p>\n\n\n\n<p>Tambi\u00e9n nos cont\u00f3 como fue que se animo a hacer publico su calvario, primeramente en la red social \u00abyo estaba en mi casa a la ma\u00f1ana y veo que en otro medio de comunicacion en facebook estaba este tipo sentado ah\u00ed, yo hab\u00eda tenido un sue\u00f1o con mi hermano, lo so\u00f1\u00e9 a Sebastian y cuando vi esto me desespere, era como una se\u00f1al, tuve mezcla de sensaciones, la primera dolor e impotencia, y ah\u00ed mismo escrib\u00ed, y ah\u00ed mismo lo poste en mi perfil, y as\u00ed segu\u00ed, me fui a la comisaria de la mujer, y ya nos llamaron de la fiscalia tambi\u00e9n\u00bb<\/p>\n\n\n\n<p>La victima cuenta en su primera declaraci\u00f3n cuando se presenta en la comisaria de la mujer,  todos los detalles de los abusos realizados por su t\u00edo Fernando Espindola, concejal suplente del Frente Renovador y gremialista de camioneros a ella y sus hermanos cuando ten\u00edan entre 7 y 13 a\u00f1os de edad, en ese momento viv\u00edan con el y su abuela, el abusador los visitaba la mayor\u00eda de las veces, de noche \u00ablos abusos fueron muy fuertes, se tiene que hacer cargo este monstruo,  hubo abuso carnal en mi y mis hermanos, no me tocaba por debajo de la pollera nada mas, nosotros vivimos un infierno, y crecimos con ese dolor, mi hermano no lo resisti\u00f3\u00bb.<\/p>\n\n\n\n<p>\u00abYo soy una mujer triste, mis noches son muy triste, son poquitos los momentos felices, mi hijos me ayudaron, ellos me dieron el motivo para seguir, lo mismo le pasa a mi hermana, pero para mi hermano es mas pesado, es var\u00f3n\u00bb.<\/p>\n\n\n\n<p>A nuestra pregunta de \u00abporque tiempo  despu\u00e9s\u00bb, una pregunta que a sido tema de debate en la sociedad donde la gente quiere y necesita entender porque la victima no denuncia en el momento del hecho y como en este caso tarda a\u00f1os en poder sacarlo a la luz dijo \u00bb primero quiero decirles a todos que hay que hablar, expresarse en tiempo y forma, no callarse mas, no vivir con dolor, hablen, griten, h\u00e1ganlo saber de alguna manera, nosotros no pudimos, vivimos sometidos psicologicamente, hoy estoy ac\u00e1 y mi coraz\u00f3n me explota en mil pedazos,  perd\u00ed a mi hermano con todo su dolor,  mis amigas en alg\u00fan momento supieron y hoy me contactaron para ayudarme, le he comentado que el me espiada en el ba\u00f1o, como inicio por ejemplo, estoy cansada, esto es nuestra pesadilla, mi vieja nos abandono e hicieron repartija, fuimos muy vulnerables\u00bb.<\/p>\n\n\n\n<p>\u00abLe vuelvo a pedir al fiscal que se ponga en mi lugar y el de mis hermanos, yo estoy ac\u00e1 para ellos, para seguir y estoy ac\u00e1 para Sebastian, fue una injusticia, el no pudo, yo si voy a poder\u00bb, culminada la nota totalmente angustiada, con ganas de seguir hablando mas pero por ahora seguir\u00e1 en la justicia.<\/p>\n","protected":false},"excerpt":{"rendered":"<p>Tras su declaraci\u00f3n testimonial este viernes en la fiscalia donde tambi\u00e9n sumo su hermana Sonia otra denuncia penal, no ha conseguido todav\u00eda poder ser representada legalmente por un profesional. En entrevista con El Diario de San Pedro cont\u00f3 su historia y confeso \u00abno tengo muchas esperanzas de que esto se resuelva\u00bb. \u00abMe trataron bien, no [&hellip;]<\/p>\n","protected":false},"author":4,"featured_media":49092,"comment_status":"open","ping_status":"closed","sticky":false,"template":"","format":"standard","meta":{"om_disable_all_campaigns":false,"_jetpack_memberships_contains_paid_content":false,"footnotes":""},"categories":[50,101,2],"tags":[],"class_list":["post-49091","post","type-post","status-publish","format-standard","has-post-thumbnail","hentry","category-destacadas","category-interes-general-locales","category-locales"],"aioseo_notices":[],"gutentor_comment":0,"jetpack_featured_media_url":"https:\/\/eldiariodesanpedro.com.ar\/sitio\/wp-content\/uploads\/2019\/03\/Fernando-Esp\u00edndola.jpg","jetpack_shortlink":"https:\/\/wp.me\/p6RhLt-cLN","jetpack_sharing_enabled":true,"_links":{"self":[{"href":"https:\/\/eldiariodesanpedro.com.ar\/sitio\/wp-json\/wp\/v2\/posts\/49091","targetHints":{"allow":["GET"]}}],"collection":[{"href":"https:\/\/eldiariodesanpedro.com.ar\/sitio\/wp-json\/wp\/v2\/posts"}],"about":[{"href":"https:\/\/eldiariodesanpedro.com.ar\/sitio\/wp-json\/wp\/v2\/types\/post"}],"author":[{"embeddable":true,"href":"https:\/\/eldiariodesanpedro.com.ar\/sitio\/wp-json\/wp\/v2\/users\/4"}],"replies":[{"embeddable":true,"href":"https:\/\/eldiariodesanpedro.com.ar\/sitio\/wp-json\/wp\/v2\/comments?post=49091"}],"version-history":[{"count":1,"href":"https:\/\/eldiariodesanpedro.com.ar\/sitio\/wp-json\/wp\/v2\/posts\/49091\/revisions"}],"predecessor-version":[{"id":49093,"href":"https:\/\/eldiariodesanpedro.com.ar\/sitio\/wp-json\/wp\/v2\/posts\/49091\/revisions\/49093"}],"wp:featuredmedia":[{"embeddable":true,"href":"https:\/\/eldiariodesanpedro.com.ar\/sitio\/wp-json\/wp\/v2\/media\/49092"}],"wp:attachment":[{"href":"https:\/\/eldiariodesanpedro.com.ar\/sitio\/wp-json\/wp\/v2\/media?parent=49091"}],"wp:term":[{"taxonomy":"category","embeddable":true,"href":"https:\/\/eldiariodesanpedro.com.ar\/sitio\/wp-json\/wp\/v2\/categories?post=49091"},{"taxonomy":"post_tag","embeddable":true,"href":"https:\/\/eldiariodesanpedro.com.ar\/sitio\/wp-json\/wp\/v2\/tags?post=49091"}],"curies":[{"name":"wp","href":"https:\/\/api.w.org\/{rel}","templated":true}]}}